{"id":62175,"date":"2019-10-18T09:27:03","date_gmt":"2019-10-18T12:27:03","guid":{"rendered":"https:\/\/eldiariodesanpedro.com.ar\/sitio\/?p=62175"},"modified":"2019-10-18T09:27:07","modified_gmt":"2019-10-18T12:27:07","slug":"baradero-se-viene-la-caminata-todo-por-ellas","status":"publish","type":"post","link":"https:\/\/eldiariodesanpedro.com.ar\/sitio\/baradero-se-viene-la-caminata-todo-por-ellas\/","title":{"rendered":"BARADERO : Se viene la caminata \u00abTodo por Ellas\u00bb"},"content":{"rendered":"<!-- VideographyWP Plugin Message: Automatic video embedding prevented by plugin options. -->\n\n<p> Como cada a\u00f1o las chicas de\u00a0<strong>\u00abPelucas Solidarias Baradero\u00bb<\/strong>\u00a0nos convocan a la caminata\u00a0<strong>\u00abTODOS POR ELLAS\u00bb\u00a0<\/strong>esta modalidad ya esperada por todos los baraderenses se lleva a cabo en el marco del una concientizaci\u00f3n sobre el c\u00e1ncer de mamas.<\/p>\n\n\n\n<p>En este mes se invita a toda la ciudad a vestirla de rosa, desde los monumentos p\u00fablicos hasta casas y comercios, en octubre basta recorrer las calles de Baradero para saber que ha calado muy hondo en la sociedad, se pueden apreciar que en siete de cada diez hogares esta identificado con un detalle de color rosa.<\/p>\n\n\n\n<p>El evento organizado por \u00abPelucas Solidarias Baradero\u00bb se llevar\u00e1 a cabo este s\u00e1bado 26 de octubre a las 14 hs. en el Puerto Local, donde se iniciar\u00e1 con algunas actividades previa a la caminata, el recorrido es simb\u00f3lico, se tomar\u00e1 como punto de partida el play\u00f3n del puerto y se extender\u00e1 hasta la rotonda regresando por Almirante Brown teniendo como punto de finalizaci\u00f3n el mismo lugar de inicio.En el lugar se podr\u00e1n adquirir gorras y remeras con el lema\u00a0<strong>\u00abTODOS POR ELLAS\u00bb<\/strong>, cabe aclarar que es el \u00fanico momento que Pelucas manipula dinero ya que con lo recaudado en este evento se hace una colaboraci\u00f3n a entidades relacionadas con dicha enfermedad. <\/p>\n\n\n\n<p>El a\u00f1o anterior por ejemplo se le don\u00f3 $ 10.000 al Hospital Lino Pi\u00f1eiro y $ 10.000 a LALCEC ambas donaciones para que se traduzcan en Mamografias, este a\u00f1o a\u00fan no se ha decidido donde ir\u00e1 lo recaudado pero de seguro tendr\u00e1 un excelente destino. <\/p>\n\n\n\n<p>Durante todo el a\u00f1o se manejan con donaciones f\u00edsicas ya sea de cabezas de telgopor, materiales como cinta de papel hilos tules, telas para la confecci\u00f3n de turbantes, y cabello que llegan a trav\u00e9s del correo desde distintos puntos del Pa\u00eds.<\/p>\n\n\n\n<p>Desde\u00a0<strong>BTI<\/strong>\u00a0Felicitamos tan loable tarea durante estos primeros cuatro a\u00f1os de entrega de Amor, ya que cada s\u00e1bado se pueden apreciar a distintas personas que acuden a la b\u00fasqueda de una peluca que hace que sea mas llevadera esta enfermedad, caras de distintas edades que se les roba una sonrisa y que ese termina siendo el pago a cada una de las colaboradoras que s\u00e1bado a s\u00e1bado donan su tiempo para la confecci\u00f3n de Pelucas de cabello natural.<\/p>\n\n\n\n<p>Caminata al aire libre, S\u00e1bado 26 de Octubre 14 Hs. Puerto Local\u00a0<strong>\u00abTODOS POR ELLAS\u00bb<\/strong><\/p>\n\n\n\n<p>Nota: Daniel P\u00e9rez  FUENTE: Baradero Te Informa<\/p>\n\n\n\n<figure class=\"wp-block-image\"><img decoding=\"async\" width=\"634\" height=\"412\" data-attachment-id=\"62176\" data-permalink=\"https:\/\/eldiariodesanpedro.com.ar\/sitio\/baradero-se-viene-la-caminata-todo-por-ellas\/whatsapp-image-2019-10-16-at-22-06-59\/\" data-orig-file=\"https:\/\/eldiariodesanpedro.com.ar\/sitio\/wp-content\/uploads\/2019\/10\/WhatsApp-Image-2019-10-16-at-22.06.59.jpeg\" data-orig-size=\"634,412\" data-comments-opened=\"1\" data-image-meta=\"{&quot;aperture&quot;:&quot;0&quot;,&quot;credit&quot;:&quot;&quot;,&quot;camera&quot;:&quot;&quot;,&quot;caption&quot;:&quot;&quot;,&quot;created_timestamp&quot;:&quot;0&quot;,&quot;copyright&quot;:&quot;&quot;,&quot;focal_length&quot;:&quot;0&quot;,&quot;iso&quot;:&quot;0&quot;,&quot;shutter_speed&quot;:&quot;0&quot;,&quot;title&quot;:&quot;&quot;,&quot;orientation&quot;:&quot;0&quot;}\" data-image-title=\"WhatsApp-Image-2019-10-16-at-22.06.59\" data-image-description=\"\" data-image-caption=\"\" data-large-file=\"https:\/\/eldiariodesanpedro.com.ar\/sitio\/wp-content\/uploads\/2019\/10\/WhatsApp-Image-2019-10-16-at-22.06.59.jpeg\" data-src=\"https:\/\/eldiariodesanpedro.com.ar\/sitio\/wp-content\/uploads\/2019\/10\/WhatsApp-Image-2019-10-16-at-22.06.59.jpeg\" alt=\"\" class=\"wp-image-62176 lazyload\" data-srcset=\"https:\/\/eldiariodesanpedro.com.ar\/sitio\/wp-content\/uploads\/2019\/10\/WhatsApp-Image-2019-10-16-at-22.06.59.jpeg 634w, https:\/\/eldiariodesanpedro.com.ar\/sitio\/wp-content\/uploads\/2019\/10\/WhatsApp-Image-2019-10-16-at-22.06.59-300x195.jpeg 300w\" data-sizes=\"(max-width: 634px) 100vw, 634px\" src=\"data:image\/svg+xml;base64,PHN2ZyB3aWR0aD0iMSIgaGVpZ2h0PSIxIiB4bWxucz0iaHR0cDovL3d3dy53My5vcmcvMjAwMC9zdmciPjwvc3ZnPg==\" style=\"--smush-placeholder-width: 634px; --smush-placeholder-aspect-ratio: 634\/412;\" \/><\/figure>\n\n\n\n<p><\/p>\n","protected":false},"excerpt":{"rendered":"<p>Como cada a\u00f1o las chicas de\u00a0\u00abPelucas Solidarias Baradero\u00bb\u00a0nos convocan a la caminata\u00a0\u00abTODOS POR ELLAS\u00bb\u00a0esta modalidad ya esperada por todos los baraderenses se lleva a cabo en el marco del una concientizaci\u00f3n sobre el c\u00e1ncer de mamas. En este mes se invita a toda la ciudad a vestirla de rosa, desde los monumentos p\u00fablicos hasta casas [&hellip;]<\/p>\n","protected":false},"author":4,"featured_media":62177,"comment_status":"open","ping_status":"closed","sticky":false,"template":"","format":"standard","meta":{"om_disable_all_campaigns":false,"_jetpack_memberships_contains_paid_content":false,"footnotes":""},"categories":[621],"tags":[],"class_list":["post-62175","post","type-post","status-publish","format-standard","has-post-thumbnail","hentry","category-regionales"],"aioseo_notices":[],"gutentor_comment":0,"jetpack_featured_media_url":"https:\/\/eldiariodesanpedro.com.ar\/sitio\/wp-content\/uploads\/2019\/10\/WhatsApp-Image-2019-10-16-at-22.06.21.jpeg","jetpack_shortlink":"https:\/\/wp.me\/p6RhLt-gaP","jetpack_sharing_enabled":true,"_links":{"self":[{"href":"https:\/\/eldiariodesanpedro.com.ar\/sitio\/wp-json\/wp\/v2\/posts\/62175","targetHints":{"allow":["GET"]}}],"collection":[{"href":"https:\/\/eldiariodesanpedro.com.ar\/sitio\/wp-json\/wp\/v2\/posts"}],"about":[{"href":"https:\/\/eldiariodesanpedro.com.ar\/sitio\/wp-json\/wp\/v2\/types\/post"}],"author":[{"embeddable":true,"href":"https:\/\/eldiariodesanpedro.com.ar\/sitio\/wp-json\/wp\/v2\/users\/4"}],"replies":[{"embeddable":true,"href":"https:\/\/eldiariodesanpedro.com.ar\/sitio\/wp-json\/wp\/v2\/comments?post=62175"}],"version-history":[{"count":1,"href":"https:\/\/eldiariodesanpedro.com.ar\/sitio\/wp-json\/wp\/v2\/posts\/62175\/revisions"}],"predecessor-version":[{"id":62178,"href":"https:\/\/eldiariodesanpedro.com.ar\/sitio\/wp-json\/wp\/v2\/posts\/62175\/revisions\/62178"}],"wp:featuredmedia":[{"embeddable":true,"href":"https:\/\/eldiariodesanpedro.com.ar\/sitio\/wp-json\/wp\/v2\/media\/62177"}],"wp:attachment":[{"href":"https:\/\/eldiariodesanpedro.com.ar\/sitio\/wp-json\/wp\/v2\/media?parent=62175"}],"wp:term":[{"taxonomy":"category","embeddable":true,"href":"https:\/\/eldiariodesanpedro.com.ar\/sitio\/wp-json\/wp\/v2\/categories?post=62175"},{"taxonomy":"post_tag","embeddable":true,"href":"https:\/\/eldiariodesanpedro.com.ar\/sitio\/wp-json\/wp\/v2\/tags?post=62175"}],"curies":[{"name":"wp","href":"https:\/\/api.w.org\/{rel}","templated":true}]}}