{"id":62171,"date":"2019-10-18T09:22:03","date_gmt":"2019-10-18T12:22:03","guid":{"rendered":"https:\/\/eldiariodesanpedro.com.ar\/sitio\/?p=62171"},"modified":"2019-10-18T09:22:18","modified_gmt":"2019-10-18T12:22:18","slug":"se-presento-el-pre-baradero-2020","status":"publish","type":"post","link":"https:\/\/eldiariodesanpedro.com.ar\/sitio\/se-presento-el-pre-baradero-2020\/","title":{"rendered":"Se present\u00f3 el Pre Baradero 2020"},"content":{"rendered":"<!-- VideographyWP Plugin Message: Automatic video embedding prevented by plugin options. -->\n\n<p>Por la ma\u00f1ana del jueves, en la Casa del Bicentenario se present\u00f3 el Pre Baradero 2020 que se llevar\u00e1 a cabo el 6, 7, 8 y 9 de febrero y el 13, 14, 15 y 16 de ese mes ser\u00e1 el festival mayor. El anuncio lo realiz\u00f3 el subsecretario de Cultura y Educaci\u00f3n, C\u00e9sar De Ger\u00f3nimo, y el delegado regional del festival, Jos\u00e9 Antonio Boccanfuso.<\/p>\n\n\n\n<p>El certamen Pre Baradero se desarrollar\u00e1 el 23 y 24 de noviembre en el Recreo de Campo \u201cLa Esperanza\u201d, ubicado en el kil\u00f3metro 393 de la ruta 2. Hasta el momento ya se han inscripto m\u00e1s de 100 personas provenientes de diferentes puntos del pa\u00eds.<\/p>\n\n\n\n<p>Por primera vez Mar del Plata ser\u00e1 sede directa de este important\u00edsimo Festival de la M\u00fasica Popular Nacional, que contin\u00faa convocando a los artistas a participar. Con la realizaci\u00f3n del evento, la ciudad \u201cfeliz\u201d vuelve a ser sede regional de un gran certamen art\u00edstico: el segundo en orden de importancia del pa\u00eds, luego de Cosqu\u00edn, y el mayor festival de danzas nativas y m\u00fasica popular de la provincia de Buenos Aires. El Pre Baradero es la instancia previa al importante Festival Nacional de M\u00fasica Popular Argentina que desde hace 45 a\u00f1os se realiza en la localidad de Baradero.<\/p>\n\n\n\n<p>Los interesados podr\u00e1n inscribirse en la Casa del Bicentenario desde hoy y hasta el 15 de noviembre, inclusive.<\/p>\n\n\n\n<p>Entre las disciplinas que estar\u00e1n habilitadas se encuentran: m\u00fasica nativa y danzas populares: son 18 categor\u00edas, entre las que se destacan, decidor, narrador, canto surero, d\u00fao vocal, conjuntos instrumentales, malambo sure\u00f1o, norte\u00f1o, parejas de tango de distinta \u00edndole, canci\u00f3n in\u00e9dita y solista de tango.<\/p>\n\n\n\n<p>\u201c<em>Cuando llegas a la final de Baradero ya est\u00e1s en contacto con muchos productores y gente de renombre que te puede abrir puertas. Adem\u00e1s, el ganador de ah\u00ed ya pasa al festival nacional<\/em>\u201d, indic\u00f3 Boccanfuso.<\/p>\n\n\n\n<p>Fuente: Baradero Hoy<\/p>\n","protected":false},"excerpt":{"rendered":"<p>Por la ma\u00f1ana del jueves, en la Casa del Bicentenario se present\u00f3 el Pre Baradero 2020 que se llevar\u00e1 a cabo el 6, 7, 8 y 9 de febrero y el 13, 14, 15 y 16 de ese mes ser\u00e1 el festival mayor. El anuncio lo realiz\u00f3 el subsecretario de Cultura y Educaci\u00f3n, C\u00e9sar De [&hellip;]<\/p>\n","protected":false},"author":4,"featured_media":62172,"comment_status":"open","ping_status":"closed","sticky":false,"template":"","format":"standard","meta":{"om_disable_all_campaigns":false,"_jetpack_memberships_contains_paid_content":false,"footnotes":""},"categories":[621],"tags":[],"class_list":["post-62171","post","type-post","status-publish","format-standard","has-post-thumbnail","hentry","category-regionales"],"aioseo_notices":[],"gutentor_comment":0,"jetpack_featured_media_url":"https:\/\/eldiariodesanpedro.com.ar\/sitio\/wp-content\/uploads\/2019\/10\/Pre-640x480.jpg","jetpack_shortlink":"https:\/\/wp.me\/p6RhLt-gaL","jetpack_sharing_enabled":true,"_links":{"self":[{"href":"https:\/\/eldiariodesanpedro.com.ar\/sitio\/wp-json\/wp\/v2\/posts\/62171","targetHints":{"allow":["GET"]}}],"collection":[{"href":"https:\/\/eldiariodesanpedro.com.ar\/sitio\/wp-json\/wp\/v2\/posts"}],"about":[{"href":"https:\/\/eldiariodesanpedro.com.ar\/sitio\/wp-json\/wp\/v2\/types\/post"}],"author":[{"embeddable":true,"href":"https:\/\/eldiariodesanpedro.com.ar\/sitio\/wp-json\/wp\/v2\/users\/4"}],"replies":[{"embeddable":true,"href":"https:\/\/eldiariodesanpedro.com.ar\/sitio\/wp-json\/wp\/v2\/comments?post=62171"}],"version-history":[{"count":2,"href":"https:\/\/eldiariodesanpedro.com.ar\/sitio\/wp-json\/wp\/v2\/posts\/62171\/revisions"}],"predecessor-version":[{"id":62174,"href":"https:\/\/eldiariodesanpedro.com.ar\/sitio\/wp-json\/wp\/v2\/posts\/62171\/revisions\/62174"}],"wp:featuredmedia":[{"embeddable":true,"href":"https:\/\/eldiariodesanpedro.com.ar\/sitio\/wp-json\/wp\/v2\/media\/62172"}],"wp:attachment":[{"href":"https:\/\/eldiariodesanpedro.com.ar\/sitio\/wp-json\/wp\/v2\/media?parent=62171"}],"wp:term":[{"taxonomy":"category","embeddable":true,"href":"https:\/\/eldiariodesanpedro.com.ar\/sitio\/wp-json\/wp\/v2\/categories?post=62171"},{"taxonomy":"post_tag","embeddable":true,"href":"https:\/\/eldiariodesanpedro.com.ar\/sitio\/wp-json\/wp\/v2\/tags?post=62171"}],"curies":[{"name":"wp","href":"https:\/\/api.w.org\/{rel}","templated":true}]}}