{"id":62168,"date":"2019-10-18T09:06:44","date_gmt":"2019-10-18T12:06:44","guid":{"rendered":"https:\/\/eldiariodesanpedro.com.ar\/sitio\/?p=62168"},"modified":"2019-10-18T09:06:48","modified_gmt":"2019-10-18T12:06:48","slug":"elecciones-generales-capacitacion-para-autoridades-de-mesa","status":"publish","type":"post","link":"https:\/\/eldiariodesanpedro.com.ar\/sitio\/elecciones-generales-capacitacion-para-autoridades-de-mesa\/","title":{"rendered":"Elecciones Generales: Capacitaci\u00f3n para autoridades de mesa"},"content":{"rendered":"<!-- VideographyWP Plugin Message: Automatic video embedding prevented by plugin options. -->\n\n<p>Ser\u00e1n los d\u00edas jueves 24, viernes 25 y sabado 26,  anteriores a las elecciones. La actividad se realizara en tres establecimientos educativos.<\/p>\n\n\n\n<p>Mercedez Vell\u00f3n, Jefa Distrital de Educaci\u00f3n,  confirm\u00f3 la realizaci\u00f3n de jornadas de capacitaci\u00f3n para autoridades de mesa.<\/p>\n\n\n\n<p>Las charlas ser\u00e1n por tres d\u00edas, la primera ser\u00e1 el jueves 24, a las 18 horas, en la Escuela de Educaci\u00f3n Secundaria T\u00e9cnica 1, la segunda el viernes 25, a las 19 horas en la Escuela Primaria 6 y la tercera culmina el  s\u00e1bado a las 10.30 horas en la Escuela Normal. <\/p>\n\n\n\n<p>\u00abTrabajamos sobre la base de un v\u00eddeo que es muy pr\u00e1ctico, llevamos boletas que tienen que ver con la capacitaci\u00f3n, tratamos de que no sea mucho el tiempo pero es mucha practica, tenemos una hora y media mas o menos, ademas vamos a responder a todas las dudas y ayudar a los presidentes de mesa en todo lo que necesiten\u00bb, expreso Vell\u00f3n.<\/p>\n","protected":false},"excerpt":{"rendered":"<p>Ser\u00e1n los d\u00edas jueves 24, viernes 25 y sabado 26, anteriores a las elecciones. La actividad se realizara en tres establecimientos educativos. Mercedez Vell\u00f3n, Jefa Distrital de Educaci\u00f3n, confirm\u00f3 la realizaci\u00f3n de jornadas de capacitaci\u00f3n para autoridades de mesa. Las charlas ser\u00e1n por tres d\u00edas, la primera ser\u00e1 el jueves 24, a las 18 horas, [&hellip;]<\/p>\n","protected":false},"author":4,"featured_media":62169,"comment_status":"open","ping_status":"closed","sticky":false,"template":"","format":"standard","meta":{"om_disable_all_campaigns":false,"_jetpack_memberships_contains_paid_content":false,"footnotes":""},"categories":[101,2],"tags":[],"class_list":["post-62168","post","type-post","status-publish","format-standard","has-post-thumbnail","hentry","category-interes-general-locales","category-locales"],"aioseo_notices":[],"gutentor_comment":0,"jetpack_featured_media_url":"https:\/\/eldiariodesanpedro.com.ar\/sitio\/wp-content\/uploads\/2019\/10\/multimedia.normal.b9558bcbebf5aa90.434f4d4943494f535f6e6f726d616c2e4a5047.jpg","jetpack_shortlink":"https:\/\/wp.me\/p6RhLt-gaI","jetpack_sharing_enabled":true,"_links":{"self":[{"href":"https:\/\/eldiariodesanpedro.com.ar\/sitio\/wp-json\/wp\/v2\/posts\/62168","targetHints":{"allow":["GET"]}}],"collection":[{"href":"https:\/\/eldiariodesanpedro.com.ar\/sitio\/wp-json\/wp\/v2\/posts"}],"about":[{"href":"https:\/\/eldiariodesanpedro.com.ar\/sitio\/wp-json\/wp\/v2\/types\/post"}],"author":[{"embeddable":true,"href":"https:\/\/eldiariodesanpedro.com.ar\/sitio\/wp-json\/wp\/v2\/users\/4"}],"replies":[{"embeddable":true,"href":"https:\/\/eldiariodesanpedro.com.ar\/sitio\/wp-json\/wp\/v2\/comments?post=62168"}],"version-history":[{"count":1,"href":"https:\/\/eldiariodesanpedro.com.ar\/sitio\/wp-json\/wp\/v2\/posts\/62168\/revisions"}],"predecessor-version":[{"id":62170,"href":"https:\/\/eldiariodesanpedro.com.ar\/sitio\/wp-json\/wp\/v2\/posts\/62168\/revisions\/62170"}],"wp:featuredmedia":[{"embeddable":true,"href":"https:\/\/eldiariodesanpedro.com.ar\/sitio\/wp-json\/wp\/v2\/media\/62169"}],"wp:attachment":[{"href":"https:\/\/eldiariodesanpedro.com.ar\/sitio\/wp-json\/wp\/v2\/media?parent=62168"}],"wp:term":[{"taxonomy":"category","embeddable":true,"href":"https:\/\/eldiariodesanpedro.com.ar\/sitio\/wp-json\/wp\/v2\/categories?post=62168"},{"taxonomy":"post_tag","embeddable":true,"href":"https:\/\/eldiariodesanpedro.com.ar\/sitio\/wp-json\/wp\/v2\/tags?post=62168"}],"curies":[{"name":"wp","href":"https:\/\/api.w.org\/{rel}","templated":true}]}}