{"id":62161,"date":"2019-10-17T17:50:35","date_gmt":"2019-10-17T20:50:35","guid":{"rendered":"https:\/\/eldiariodesanpedro.com.ar\/sitio\/?p=62161"},"modified":"2019-10-17T17:50:39","modified_gmt":"2019-10-17T20:50:39","slug":"san-nicolas-continua-el-conflicto-en-carboquimica-del-parana","status":"publish","type":"post","link":"https:\/\/eldiariodesanpedro.com.ar\/sitio\/san-nicolas-continua-el-conflicto-en-carboquimica-del-parana\/","title":{"rendered":"SAN NICOL\u00c1S | Contin\u00faa el conflicto en Carboqu\u00edmica del Paran\u00e1"},"content":{"rendered":"<!-- VideographyWP Plugin Message: Automatic video embedding prevented by plugin options. -->\n\n<p>\n\nEl Dr. Juli\u00e1n Dom\u00ednguez, abogado defensor de los 20 trabajadores que no pudieron retomar sus tareas laborales por impedimento de la empresa Carboqu\u00edmica del Paran\u00e1, di\u00e1logo con RadioNet y brind\u00f3 detalles de la situaci\u00f3n.<\/p>\n\n\n\n<p>Explic\u00f3 que la firma incumpli\u00f3 desde siempre las leyes laborales con el pago de bajos salarios y ausencia de medidas de seguridad para los operarios.<\/p>\n\n\n\n<p>Adem\u00e1s, denunci\u00f3 que los empresarios no enviaron el telegrama correspondiente a los trabajadores, impidi\u00e9ndole arbitrariamente el ingreso a la planta.<\/p>\n\n\n\n<p>Este viernes, se llevar\u00e1 a cabo una audiencia en el Ministerio de Trabajo junto al Sindicato y la Federaci\u00f3n de trabajadores a los fines de dirimir el conflicto. <\/p>\n\n\n\n<p>Fuente: Diario El Informante<\/p>\n","protected":false},"excerpt":{"rendered":"<p>El Dr. Juli\u00e1n Dom\u00ednguez, abogado defensor de los 20 trabajadores que no pudieron retomar sus tareas laborales por impedimento de la empresa Carboqu\u00edmica del Paran\u00e1, di\u00e1logo con RadioNet y brind\u00f3 detalles de la situaci\u00f3n. Explic\u00f3 que la firma incumpli\u00f3 desde siempre las leyes laborales con el pago de bajos salarios y ausencia de medidas de [&hellip;]<\/p>\n","protected":false},"author":4,"featured_media":62162,"comment_status":"open","ping_status":"closed","sticky":false,"template":"","format":"standard","meta":{"om_disable_all_campaigns":false,"_jetpack_memberships_contains_paid_content":false,"footnotes":""},"categories":[621],"tags":[],"class_list":["post-62161","post","type-post","status-publish","format-standard","has-post-thumbnail","hentry","category-regionales"],"aioseo_notices":[],"gutentor_comment":0,"jetpack_featured_media_url":"https:\/\/eldiariodesanpedro.com.ar\/sitio\/wp-content\/uploads\/2019\/10\/no_mkzy6kat3j6n1shcarbo.jpg","jetpack_shortlink":"https:\/\/wp.me\/p6RhLt-gaB","jetpack_sharing_enabled":true,"_links":{"self":[{"href":"https:\/\/eldiariodesanpedro.com.ar\/sitio\/wp-json\/wp\/v2\/posts\/62161","targetHints":{"allow":["GET"]}}],"collection":[{"href":"https:\/\/eldiariodesanpedro.com.ar\/sitio\/wp-json\/wp\/v2\/posts"}],"about":[{"href":"https:\/\/eldiariodesanpedro.com.ar\/sitio\/wp-json\/wp\/v2\/types\/post"}],"author":[{"embeddable":true,"href":"https:\/\/eldiariodesanpedro.com.ar\/sitio\/wp-json\/wp\/v2\/users\/4"}],"replies":[{"embeddable":true,"href":"https:\/\/eldiariodesanpedro.com.ar\/sitio\/wp-json\/wp\/v2\/comments?post=62161"}],"version-history":[{"count":1,"href":"https:\/\/eldiariodesanpedro.com.ar\/sitio\/wp-json\/wp\/v2\/posts\/62161\/revisions"}],"predecessor-version":[{"id":62163,"href":"https:\/\/eldiariodesanpedro.com.ar\/sitio\/wp-json\/wp\/v2\/posts\/62161\/revisions\/62163"}],"wp:featuredmedia":[{"embeddable":true,"href":"https:\/\/eldiariodesanpedro.com.ar\/sitio\/wp-json\/wp\/v2\/media\/62162"}],"wp:attachment":[{"href":"https:\/\/eldiariodesanpedro.com.ar\/sitio\/wp-json\/wp\/v2\/media?parent=62161"}],"wp:term":[{"taxonomy":"category","embeddable":true,"href":"https:\/\/eldiariodesanpedro.com.ar\/sitio\/wp-json\/wp\/v2\/categories?post=62161"},{"taxonomy":"post_tag","embeddable":true,"href":"https:\/\/eldiariodesanpedro.com.ar\/sitio\/wp-json\/wp\/v2\/tags?post=62161"}],"curies":[{"name":"wp","href":"https:\/\/api.w.org\/{rel}","templated":true}]}}