{"id":62158,"date":"2019-10-17T17:49:16","date_gmt":"2019-10-17T20:49:16","guid":{"rendered":"https:\/\/eldiariodesanpedro.com.ar\/sitio\/?p=62158"},"modified":"2019-10-17T17:49:20","modified_gmt":"2019-10-17T20:49:20","slug":"arrecifes-olaeta-no-acepto-el-debate-porque-me-faltaron-el-respeto","status":"publish","type":"post","link":"https:\/\/eldiariodesanpedro.com.ar\/sitio\/arrecifes-olaeta-no-acepto-el-debate-porque-me-faltaron-el-respeto\/","title":{"rendered":"ARRECIFES | Olaeta: \u00abNo acepto el debate porque me faltaron el respeto\u00bb"},"content":{"rendered":"<!-- VideographyWP Plugin Message: Automatic video embedding prevented by plugin options. -->\n\n<p>El intendente Javier Oaeta se pronunci\u00f3 respecto de la invitaci\u00f3n p\u00fablica a debatir que le hicieron los otros dos candidatos a intendente de Arrecifes, Patricio Di Palma y Patricio Gabilondo.<\/p>\n\n\n\n<p>El candidato a la reelecci\u00f3n por Juntos por el Cambio no hab\u00eda respondido a la propuesta, y este mi\u00e9rcoles en Radio Uno (107.1) descart\u00f3 la posibilidad de acceder:<\/p>\n\n\n\n<p>\u00abNo acepto el debate porque me faltaron el respeto. Desde los otros espacios que compiten en estas elecciones se insinu\u00f3 que soy corrupto y me trataron de mentiroso. Entonces, cuando se cruzan los l\u00edmites del respeto yo no me siento con la gente que lo hace\u00bb, argument\u00f3 Olaeta.<\/p>\n\n\n\n<p>\u00abY siempre lo dije y lo repito: en mi gesti\u00f3n, si alguien se queda con algo que no es suyo o si no trabaja, se va\u00bb, complet\u00f3.<\/p>\n\n\n\n<p>\u00abYo entiendo que estamos en campa\u00f1a pol\u00edtica y que cada uno recurre a lo que puede, pero debe haber l\u00edmites; al menos eso es lo que me ense\u00f1aron en mi familia. Jam\u00e1s le falto el respeto a nadie\u00bb, consider\u00f3 el jefe comunal.<\/p>\n\n\n\n<p>Y agreg\u00f3 que \u00abcon Patricio Di Palma, por ejemplo, tengo una amistad de toda la vida y no la voy a perder por un enfrentamiento electoral. Por eso prefiero no debatir, porque me conozco y s\u00e9 que me enojo mucho si me calumnian o me agravian\u00bb.<\/p>\n\n\n\n<p>Tambi\u00e9n le rest\u00f3 importancia a la necesidad de un debate: \u00abNo creo que los vecinos de Arrecifes lo necesiten. Ya saben c\u00f3mo pensamos, c\u00f3mo somos y lo que hacemos los tres candidatos. La oposici\u00f3n durante tres a\u00f1os y medio no me cuestion\u00f3 pr\u00e1cticamente nada y ahora salen a decir un mont\u00f3n de barbaridades, a un mes de la elecci\u00f3n. La gente sabe que esas acusaciones no son cre\u00edbles y son electorales. El 28 de octubre se les va a pasar. Y si no, deben hacer lo que corresponde: presentarse en la Justicia si creen que en mi gesti\u00f3n hay corrupci\u00f3n\u00bb.<\/p>\n\n\n\n<p>-Una de las v\u00edas que corresponden, como representantes del pueblo, se tom\u00f3 con los pedidos de informes que present\u00f3 la oposici\u00f3n en el Concejo Deliberante. Tambi\u00e9n corresponde responderlos.<\/p>\n\n\n\n<p>-Los pedidos de informes se van a responder, porque siempre le hemos respondido al Concejo Deliberante. Pero parece que se acordaron de todo de golpe y a \u00faltimo momento. No obstante, reitero, yo respeto a todos los candidatos y tambi\u00e9n al ex intendente Bolinaga, pese a que est\u00e1 hablando mal de mi gesti\u00f3n. Creo que ha sido el pol\u00edtico m\u00e1s importante de Arrecifes.<\/p>\n\n\n\n<p>Para cerrar, dispar\u00f3: \u00abRespeto much\u00edsimo adem\u00e1s al peronismo. De hecho, tengo varios peronistas en mi equipo\u00bb. Y lanz\u00f3 algunos nombres como Jos\u00e9 Tenorio, Dar\u00edo Radrizzani, Mario Ferreyra, agregando adem\u00e1s a algunos que sorprendieron, como \u00abel Loro Arellano, Beto Ciongo y Alcides Carbajales\u00bb, entre otros.<\/p>\n\n\n\n<p>Fuente: Arrecifes noticias<\/p>\n","protected":false},"excerpt":{"rendered":"<p>El intendente Javier Oaeta se pronunci\u00f3 respecto de la invitaci\u00f3n p\u00fablica a debatir que le hicieron los otros dos candidatos a intendente de Arrecifes, Patricio Di Palma y Patricio Gabilondo. El candidato a la reelecci\u00f3n por Juntos por el Cambio no hab\u00eda respondido a la propuesta, y este mi\u00e9rcoles en Radio Uno (107.1) descart\u00f3 la [&hellip;]<\/p>\n","protected":false},"author":4,"featured_media":62159,"comment_status":"open","ping_status":"closed","sticky":false,"template":"","format":"standard","meta":{"om_disable_all_campaigns":false,"_jetpack_memberships_contains_paid_content":false,"footnotes":""},"categories":[621],"tags":[],"class_list":["post-62158","post","type-post","status-publish","format-standard","has-post-thumbnail","hentry","category-regionales"],"aioseo_notices":[],"gutentor_comment":0,"jetpack_featured_media_url":"https:\/\/eldiariodesanpedro.com.ar\/sitio\/wp-content\/uploads\/2019\/10\/Olaeta-Radio-Uno-697x510.jpg","jetpack_shortlink":"https:\/\/wp.me\/p6RhLt-gay","jetpack_sharing_enabled":true,"_links":{"self":[{"href":"https:\/\/eldiariodesanpedro.com.ar\/sitio\/wp-json\/wp\/v2\/posts\/62158","targetHints":{"allow":["GET"]}}],"collection":[{"href":"https:\/\/eldiariodesanpedro.com.ar\/sitio\/wp-json\/wp\/v2\/posts"}],"about":[{"href":"https:\/\/eldiariodesanpedro.com.ar\/sitio\/wp-json\/wp\/v2\/types\/post"}],"author":[{"embeddable":true,"href":"https:\/\/eldiariodesanpedro.com.ar\/sitio\/wp-json\/wp\/v2\/users\/4"}],"replies":[{"embeddable":true,"href":"https:\/\/eldiariodesanpedro.com.ar\/sitio\/wp-json\/wp\/v2\/comments?post=62158"}],"version-history":[{"count":1,"href":"https:\/\/eldiariodesanpedro.com.ar\/sitio\/wp-json\/wp\/v2\/posts\/62158\/revisions"}],"predecessor-version":[{"id":62160,"href":"https:\/\/eldiariodesanpedro.com.ar\/sitio\/wp-json\/wp\/v2\/posts\/62158\/revisions\/62160"}],"wp:featuredmedia":[{"embeddable":true,"href":"https:\/\/eldiariodesanpedro.com.ar\/sitio\/wp-json\/wp\/v2\/media\/62159"}],"wp:attachment":[{"href":"https:\/\/eldiariodesanpedro.com.ar\/sitio\/wp-json\/wp\/v2\/media?parent=62158"}],"wp:term":[{"taxonomy":"category","embeddable":true,"href":"https:\/\/eldiariodesanpedro.com.ar\/sitio\/wp-json\/wp\/v2\/categories?post=62158"},{"taxonomy":"post_tag","embeddable":true,"href":"https:\/\/eldiariodesanpedro.com.ar\/sitio\/wp-json\/wp\/v2\/tags?post=62158"}],"curies":[{"name":"wp","href":"https:\/\/api.w.org\/{rel}","templated":true}]}}