{"id":62153,"date":"2019-10-17T17:46:49","date_gmt":"2019-10-17T20:46:49","guid":{"rendered":"https:\/\/eldiariodesanpedro.com.ar\/sitio\/?p=62153"},"modified":"2019-10-17T17:46:53","modified_gmt":"2019-10-17T20:46:53","slug":"baradero-el-hcd-aprobo-la-creacion-de-la-escuela-municipal-de-musica","status":"publish","type":"post","link":"https:\/\/eldiariodesanpedro.com.ar\/sitio\/baradero-el-hcd-aprobo-la-creacion-de-la-escuela-municipal-de-musica\/","title":{"rendered":"BARADERO | El HCD aprob\u00f3 la creaci\u00f3n de la Escuela Municipal de M\u00fasica"},"content":{"rendered":"<!-- VideographyWP Plugin Message: Automatic video embedding prevented by plugin options. -->\n\n<p>Anoche, en la sesi\u00f3n del Honorable Concejo Deliberante, se aprob\u00f3 un proyecto que impulsa la creaci\u00f3n de la Escuela Municipal de M\u00fasica, la cual permitir\u00e1 darle una base en la educaci\u00f3n art\u00edstica para luego terminar su formaci\u00f3n en el Conservatorio de San Pedro.<\/p>\n\n\n\n<p>Funcionar\u00e1 en el Centro Cultural, ser\u00e1 gratuita y depender\u00e1 de la Secretar\u00eda de Cultural, Educaci\u00f3n, Turismo y Deporte.<\/p>\n\n\n\n<p>Tendr\u00e1 un tramo destinado para adolescentes y adultos. Se podr\u00e1n inscribir desde los 14 a\u00f1os siempre y cuando tenga aprobado el segundo a\u00f1o del nivel secundario. Tambi\u00e9n habr\u00e1 un tramo para ni\u00f1os y ni\u00f1as desde los 9 a\u00f1os.<\/p>\n\n\n\n<p>La intenci\u00f3n es que las clases no se concentren solo en el Centro Cultural sino que tenga extensi\u00f3n en las localidades de Alsina, Ireneo Portela y Santa Coloma.<\/p>\n\n\n\n<p>Fuente: Baradero hoy<\/p>\n","protected":false},"excerpt":{"rendered":"<p>Anoche, en la sesi\u00f3n del Honorable Concejo Deliberante, se aprob\u00f3 un proyecto que impulsa la creaci\u00f3n de la Escuela Municipal de M\u00fasica, la cual permitir\u00e1 darle una base en la educaci\u00f3n art\u00edstica para luego terminar su formaci\u00f3n en el Conservatorio de San Pedro. Funcionar\u00e1 en el Centro Cultural, ser\u00e1 gratuita y depender\u00e1 de la Secretar\u00eda [&hellip;]<\/p>\n","protected":false},"author":4,"featured_media":62155,"comment_status":"open","ping_status":"closed","sticky":false,"template":"","format":"standard","meta":{"om_disable_all_campaigns":false,"_jetpack_memberships_contains_paid_content":false,"footnotes":""},"categories":[621],"tags":[],"class_list":["post-62153","post","type-post","status-publish","format-standard","has-post-thumbnail","hentry","category-regionales"],"aioseo_notices":[],"gutentor_comment":0,"jetpack_featured_media_url":"https:\/\/eldiariodesanpedro.com.ar\/sitio\/wp-content\/uploads\/2019\/10\/DSC_0100.jpg","jetpack_shortlink":"https:\/\/wp.me\/p6RhLt-gat","jetpack_sharing_enabled":true,"_links":{"self":[{"href":"https:\/\/eldiariodesanpedro.com.ar\/sitio\/wp-json\/wp\/v2\/posts\/62153","targetHints":{"allow":["GET"]}}],"collection":[{"href":"https:\/\/eldiariodesanpedro.com.ar\/sitio\/wp-json\/wp\/v2\/posts"}],"about":[{"href":"https:\/\/eldiariodesanpedro.com.ar\/sitio\/wp-json\/wp\/v2\/types\/post"}],"author":[{"embeddable":true,"href":"https:\/\/eldiariodesanpedro.com.ar\/sitio\/wp-json\/wp\/v2\/users\/4"}],"replies":[{"embeddable":true,"href":"https:\/\/eldiariodesanpedro.com.ar\/sitio\/wp-json\/wp\/v2\/comments?post=62153"}],"version-history":[{"count":1,"href":"https:\/\/eldiariodesanpedro.com.ar\/sitio\/wp-json\/wp\/v2\/posts\/62153\/revisions"}],"predecessor-version":[{"id":62156,"href":"https:\/\/eldiariodesanpedro.com.ar\/sitio\/wp-json\/wp\/v2\/posts\/62153\/revisions\/62156"}],"wp:featuredmedia":[{"embeddable":true,"href":"https:\/\/eldiariodesanpedro.com.ar\/sitio\/wp-json\/wp\/v2\/media\/62155"}],"wp:attachment":[{"href":"https:\/\/eldiariodesanpedro.com.ar\/sitio\/wp-json\/wp\/v2\/media?parent=62153"}],"wp:term":[{"taxonomy":"category","embeddable":true,"href":"https:\/\/eldiariodesanpedro.com.ar\/sitio\/wp-json\/wp\/v2\/categories?post=62153"},{"taxonomy":"post_tag","embeddable":true,"href":"https:\/\/eldiariodesanpedro.com.ar\/sitio\/wp-json\/wp\/v2\/tags?post=62153"}],"curies":[{"name":"wp","href":"https:\/\/api.w.org\/{rel}","templated":true}]}}