{"id":62145,"date":"2019-10-17T17:40:26","date_gmt":"2019-10-17T20:40:26","guid":{"rendered":"https:\/\/eldiariodesanpedro.com.ar\/sitio\/?p=62145"},"modified":"2019-10-17T17:40:31","modified_gmt":"2019-10-17T20:40:31","slug":"zarate-entradera-en-un-domicilio-donde-asaltan-a-un-matrimonio-mayor","status":"publish","type":"post","link":"https:\/\/eldiariodesanpedro.com.ar\/sitio\/zarate-entradera-en-un-domicilio-donde-asaltan-a-un-matrimonio-mayor\/","title":{"rendered":"Z\u00c1RATE | \u00abEntradera\u00bb en un domicilio donde asaltan a un matrimonio mayor"},"content":{"rendered":"<!-- VideographyWP Plugin Message: Automatic video embedding prevented by plugin options. -->\n\n<p>\n\nUn llamado al 911 puso en alerta este mi\u00e9rcoles al personal policial, sobre un hecho sucedido en un domicilio de la calle French y Soler de Z\u00e1rate.<\/p>\n\n\n\n<p>Al presentarse en el lugar, se encontraron con un vecino de 80 a\u00f1os que hab\u00eda sido agredido, seg\u00fan su testimonio, por cuatro sujetos vestidos con indumentaria de trabajo, que lo sorprendi\u00f3 junto a su esposa de 77, en momentos que ingresaban a su casa.<\/p>\n\n\n\n<p>Los delincuentes los despojaron de todo el dinero en efectivo que ten\u00edan, emprendiendo la fuga. Antes de esa situaci\u00f3n hubo un forcejeo donde el hombre result\u00f3 golpeado por lo que fue trasladado al Hospital Zonal.<\/p>\n\n\n\n<p>Fuente: Enlace Critico<\/p>\n","protected":false},"excerpt":{"rendered":"<p>Un llamado al 911 puso en alerta este mi\u00e9rcoles al personal policial, sobre un hecho sucedido en un domicilio de la calle French y Soler de Z\u00e1rate. Al presentarse en el lugar, se encontraron con un vecino de 80 a\u00f1os que hab\u00eda sido agredido, seg\u00fan su testimonio, por cuatro sujetos vestidos con indumentaria de trabajo, [&hellip;]<\/p>\n","protected":false},"author":4,"featured_media":62146,"comment_status":"open","ping_status":"closed","sticky":false,"template":"","format":"standard","meta":{"om_disable_all_campaigns":false,"_jetpack_memberships_contains_paid_content":false,"footnotes":""},"categories":[621],"tags":[],"class_list":["post-62145","post","type-post","status-publish","format-standard","has-post-thumbnail","hentry","category-regionales"],"aioseo_notices":[],"gutentor_comment":0,"jetpack_featured_media_url":"https:\/\/eldiariodesanpedro.com.ar\/sitio\/wp-content\/uploads\/2019\/10\/baliza-patrullero-policia_658x400_0.jpg","jetpack_shortlink":"https:\/\/wp.me\/p6RhLt-gal","jetpack_sharing_enabled":true,"_links":{"self":[{"href":"https:\/\/eldiariodesanpedro.com.ar\/sitio\/wp-json\/wp\/v2\/posts\/62145","targetHints":{"allow":["GET"]}}],"collection":[{"href":"https:\/\/eldiariodesanpedro.com.ar\/sitio\/wp-json\/wp\/v2\/posts"}],"about":[{"href":"https:\/\/eldiariodesanpedro.com.ar\/sitio\/wp-json\/wp\/v2\/types\/post"}],"author":[{"embeddable":true,"href":"https:\/\/eldiariodesanpedro.com.ar\/sitio\/wp-json\/wp\/v2\/users\/4"}],"replies":[{"embeddable":true,"href":"https:\/\/eldiariodesanpedro.com.ar\/sitio\/wp-json\/wp\/v2\/comments?post=62145"}],"version-history":[{"count":1,"href":"https:\/\/eldiariodesanpedro.com.ar\/sitio\/wp-json\/wp\/v2\/posts\/62145\/revisions"}],"predecessor-version":[{"id":62147,"href":"https:\/\/eldiariodesanpedro.com.ar\/sitio\/wp-json\/wp\/v2\/posts\/62145\/revisions\/62147"}],"wp:featuredmedia":[{"embeddable":true,"href":"https:\/\/eldiariodesanpedro.com.ar\/sitio\/wp-json\/wp\/v2\/media\/62146"}],"wp:attachment":[{"href":"https:\/\/eldiariodesanpedro.com.ar\/sitio\/wp-json\/wp\/v2\/media?parent=62145"}],"wp:term":[{"taxonomy":"category","embeddable":true,"href":"https:\/\/eldiariodesanpedro.com.ar\/sitio\/wp-json\/wp\/v2\/categories?post=62145"},{"taxonomy":"post_tag","embeddable":true,"href":"https:\/\/eldiariodesanpedro.com.ar\/sitio\/wp-json\/wp\/v2\/tags?post=62145"}],"curies":[{"name":"wp","href":"https:\/\/api.w.org\/{rel}","templated":true}]}}