{"id":62142,"date":"2019-10-17T17:39:06","date_gmt":"2019-10-17T20:39:06","guid":{"rendered":"https:\/\/eldiariodesanpedro.com.ar\/sitio\/?p=62142"},"modified":"2019-10-17T17:39:10","modified_gmt":"2019-10-17T20:39:10","slug":"san-nicolas-evitaron-que-una-mujer-se-arroje-al-rio","status":"publish","type":"post","link":"https:\/\/eldiariodesanpedro.com.ar\/sitio\/san-nicolas-evitaron-que-una-mujer-se-arroje-al-rio\/","title":{"rendered":"SAN NICOL\u00c1S | Evitaron que una mujer se arroje al r\u00edo"},"content":{"rendered":"<!-- VideographyWP Plugin Message: Automatic video embedding prevented by plugin options. -->\n\n<p>\n\nEl hecho ocurri\u00f3 este mi\u00e9rcoles a plena luz del d\u00eda, alrededor de las 13:00. Una mujer de 42 a\u00f1os estaba parada sobre el barranco a la altura de calle Garibaldi y Col\u00f3n con intenciones de arrojarse y quitarse la vida.<\/p>\n\n\n\n<p>Se vivieron momentos de tensi\u00f3n y preocupaci\u00f3n, hasta que personal policial intervino y logr\u00f3 convencer a la mujer de que deponga su actitud.<br><br>Finalmente, una ambulancia del CEM la traslado a un centro de salud. Intervino la Fiscal\u00eda N\u00ba 1 y se labraron actuaciones por Tentativa de Suicidio.<\/p>\n\n\n\n<p>Fuente: Diario El Informante<\/p>\n","protected":false},"excerpt":{"rendered":"<p>El hecho ocurri\u00f3 este mi\u00e9rcoles a plena luz del d\u00eda, alrededor de las 13:00. Una mujer de 42 a\u00f1os estaba parada sobre el barranco a la altura de calle Garibaldi y Col\u00f3n con intenciones de arrojarse y quitarse la vida. Se vivieron momentos de tensi\u00f3n y preocupaci\u00f3n, hasta que personal policial intervino y logr\u00f3 convencer [&hellip;]<\/p>\n","protected":false},"author":4,"featured_media":62143,"comment_status":"open","ping_status":"closed","sticky":false,"template":"","format":"standard","meta":{"om_disable_all_campaigns":false,"_jetpack_memberships_contains_paid_content":false,"footnotes":""},"categories":[621],"tags":[],"class_list":["post-62142","post","type-post","status-publish","format-standard","has-post-thumbnail","hentry","category-regionales"],"aioseo_notices":[],"gutentor_comment":0,"jetpack_featured_media_url":"https:\/\/eldiariodesanpedro.com.ar\/sitio\/wp-content\/uploads\/2019\/10\/no_1sonysrgqklscg3patru.jpg","jetpack_shortlink":"https:\/\/wp.me\/p6RhLt-gai","jetpack_sharing_enabled":true,"_links":{"self":[{"href":"https:\/\/eldiariodesanpedro.com.ar\/sitio\/wp-json\/wp\/v2\/posts\/62142","targetHints":{"allow":["GET"]}}],"collection":[{"href":"https:\/\/eldiariodesanpedro.com.ar\/sitio\/wp-json\/wp\/v2\/posts"}],"about":[{"href":"https:\/\/eldiariodesanpedro.com.ar\/sitio\/wp-json\/wp\/v2\/types\/post"}],"author":[{"embeddable":true,"href":"https:\/\/eldiariodesanpedro.com.ar\/sitio\/wp-json\/wp\/v2\/users\/4"}],"replies":[{"embeddable":true,"href":"https:\/\/eldiariodesanpedro.com.ar\/sitio\/wp-json\/wp\/v2\/comments?post=62142"}],"version-history":[{"count":1,"href":"https:\/\/eldiariodesanpedro.com.ar\/sitio\/wp-json\/wp\/v2\/posts\/62142\/revisions"}],"predecessor-version":[{"id":62144,"href":"https:\/\/eldiariodesanpedro.com.ar\/sitio\/wp-json\/wp\/v2\/posts\/62142\/revisions\/62144"}],"wp:featuredmedia":[{"embeddable":true,"href":"https:\/\/eldiariodesanpedro.com.ar\/sitio\/wp-json\/wp\/v2\/media\/62143"}],"wp:attachment":[{"href":"https:\/\/eldiariodesanpedro.com.ar\/sitio\/wp-json\/wp\/v2\/media?parent=62142"}],"wp:term":[{"taxonomy":"category","embeddable":true,"href":"https:\/\/eldiariodesanpedro.com.ar\/sitio\/wp-json\/wp\/v2\/categories?post=62142"},{"taxonomy":"post_tag","embeddable":true,"href":"https:\/\/eldiariodesanpedro.com.ar\/sitio\/wp-json\/wp\/v2\/tags?post=62142"}],"curies":[{"name":"wp","href":"https:\/\/api.w.org\/{rel}","templated":true}]}}