{"id":62139,"date":"2019-10-17T17:37:56","date_gmt":"2019-10-17T20:37:56","guid":{"rendered":"https:\/\/eldiariodesanpedro.com.ar\/sitio\/?p=62139"},"modified":"2019-10-17T17:38:00","modified_gmt":"2019-10-17T20:38:00","slug":"zarate-detuvieron-a-cinco-delincuentes-que-estaban-desvalijando-un-local-centrico-de-zarate","status":"publish","type":"post","link":"https:\/\/eldiariodesanpedro.com.ar\/sitio\/zarate-detuvieron-a-cinco-delincuentes-que-estaban-desvalijando-un-local-centrico-de-zarate\/","title":{"rendered":"Z\u00c1RATE | Detuvieron a cinco delincuentes que estaban desvalijando un local c\u00e9ntrico de Z\u00e1rate"},"content":{"rendered":"<!-- VideographyWP Plugin Message: Automatic video embedding prevented by plugin options. -->\n\n<p>\n\nCinco j\u00f3venes delincuentes fueron detenidos esta madrugada tras haber intentado robar un comercio de R\u00f3mulo Noya y Justa Lima. Lo hicieron aprovechando la poca visibilidad en la zona producto del vallado colocado por el municipo en la obra c\u00e9ntrica.<\/p>\n\n\n\n<p>Dentro del local, previa rotura de la persiana met\u00e1lica, utilizaron varias bolsas para intentar llevarse la mayor cantidad de mercader\u00eda tecnol\u00f3gica posible. Intervino Comando Patrulla en la detenci\u00f3n, tamb\u00eden acudi\u00f3 DPU con personal de la Polic\u00eda Local.<\/p>\n\n\n\n<p>Los empleados del lugar lamentaron los destrozos y precisaron que no es la primera vez que les sucede.<\/p>\n\n\n\n<p>Fuente: Enlace Critico<\/p>\n","protected":false},"excerpt":{"rendered":"<p>Cinco j\u00f3venes delincuentes fueron detenidos esta madrugada tras haber intentado robar un comercio de R\u00f3mulo Noya y Justa Lima. Lo hicieron aprovechando la poca visibilidad en la zona producto del vallado colocado por el municipo en la obra c\u00e9ntrica. Dentro del local, previa rotura de la persiana met\u00e1lica, utilizaron varias bolsas para intentar llevarse la [&hellip;]<\/p>\n","protected":false},"author":4,"featured_media":62140,"comment_status":"open","ping_status":"closed","sticky":false,"template":"","format":"standard","meta":{"om_disable_all_campaigns":false,"_jetpack_memberships_contains_paid_content":false,"footnotes":""},"categories":[621],"tags":[],"class_list":["post-62139","post","type-post","status-publish","format-standard","has-post-thumbnail","hentry","category-regionales"],"aioseo_notices":[],"gutentor_comment":0,"jetpack_featured_media_url":"https:\/\/eldiariodesanpedro.com.ar\/sitio\/wp-content\/uploads\/2019\/10\/img_20191016_083606.jpg","jetpack_shortlink":"https:\/\/wp.me\/p6RhLt-gaf","jetpack_sharing_enabled":true,"_links":{"self":[{"href":"https:\/\/eldiariodesanpedro.com.ar\/sitio\/wp-json\/wp\/v2\/posts\/62139","targetHints":{"allow":["GET"]}}],"collection":[{"href":"https:\/\/eldiariodesanpedro.com.ar\/sitio\/wp-json\/wp\/v2\/posts"}],"about":[{"href":"https:\/\/eldiariodesanpedro.com.ar\/sitio\/wp-json\/wp\/v2\/types\/post"}],"author":[{"embeddable":true,"href":"https:\/\/eldiariodesanpedro.com.ar\/sitio\/wp-json\/wp\/v2\/users\/4"}],"replies":[{"embeddable":true,"href":"https:\/\/eldiariodesanpedro.com.ar\/sitio\/wp-json\/wp\/v2\/comments?post=62139"}],"version-history":[{"count":1,"href":"https:\/\/eldiariodesanpedro.com.ar\/sitio\/wp-json\/wp\/v2\/posts\/62139\/revisions"}],"predecessor-version":[{"id":62141,"href":"https:\/\/eldiariodesanpedro.com.ar\/sitio\/wp-json\/wp\/v2\/posts\/62139\/revisions\/62141"}],"wp:featuredmedia":[{"embeddable":true,"href":"https:\/\/eldiariodesanpedro.com.ar\/sitio\/wp-json\/wp\/v2\/media\/62140"}],"wp:attachment":[{"href":"https:\/\/eldiariodesanpedro.com.ar\/sitio\/wp-json\/wp\/v2\/media?parent=62139"}],"wp:term":[{"taxonomy":"category","embeddable":true,"href":"https:\/\/eldiariodesanpedro.com.ar\/sitio\/wp-json\/wp\/v2\/categories?post=62139"},{"taxonomy":"post_tag","embeddable":true,"href":"https:\/\/eldiariodesanpedro.com.ar\/sitio\/wp-json\/wp\/v2\/tags?post=62139"}],"curies":[{"name":"wp","href":"https:\/\/api.w.org\/{rel}","templated":true}]}}