{"id":6213,"date":"2016-07-20T20:13:37","date_gmt":"2016-07-20T23:13:37","guid":{"rendered":"https:\/\/eldiariodesanpedro.com.ar\/sitio\/?p=6213"},"modified":"2016-07-20T20:13:37","modified_gmt":"2016-07-20T23:13:37","slug":"el-intendente-y-representantes-de-la-rural-de-san-pedro-en-una-jornada-sobre-caminos-rurales","status":"publish","type":"post","link":"https:\/\/eldiariodesanpedro.com.ar\/sitio\/el-intendente-y-representantes-de-la-rural-de-san-pedro-en-una-jornada-sobre-caminos-rurales\/","title":{"rendered":"El intendente y representantes de la Rural de San Pedro en una Jornada sobre Caminos Rurales"},"content":{"rendered":"<p><!-- VideographyWP Plugin Message: Automatic video embedding prevented by plugin options. --><br \/>\nRepresentantes de la Sociedad Rural de San Pedro participaron este mi\u00e9rcoles 20 de julio de las Jornadas sobre Caminos Rurales en la Exposici\u00f3n de Agricultura Ganader\u00eda y Pesca que se lleva a cabo en Sociedad Rural de Palermo.<br \/>\nRa\u00fal Victores y Mart\u00edn Palazon representaron a la Sociedad Rural de San Pedro en un encuentro que cont\u00f3 con la participaci\u00f3n de autoridades y especialistas en un tema fundamental para la producci\u00f3n. En el panel principal, se encontraba el intendente Cecilio Salazar y el sirector de Servicios P\u00fablicos, Ariel Alvarez, quienes fueron invitados por la entidad local.<br \/>\nDentro de las diferentes ponencias que conformaron este encuentro en el predio ferial, se present\u00f3 la Expo Vial y el Congreso Argentino de Vialidad y Tr\u00e1nsito, que desarrollar\u00e1 del 20 al 28 de octubre en Rosario.<\/p>\n","protected":false},"excerpt":{"rendered":"<p>Representantes de la Sociedad Rural de San Pedro participaron este mi\u00e9rcoles 20 de julio de las Jornadas sobre Caminos Rurales en la Exposici\u00f3n de Agricultura Ganader\u00eda y Pesca que se lleva a cabo en Sociedad Rural de Palermo. Ra\u00fal Victores y Mart\u00edn Palazon representaron a la Sociedad Rural de San Pedro en un encuentro que [&hellip;]<\/p>\n","protected":false},"author":4,"featured_media":6214,"comment_status":"open","ping_status":"closed","sticky":false,"template":"","format":"standard","meta":{"om_disable_all_campaigns":false,"_jetpack_memberships_contains_paid_content":false,"footnotes":""},"categories":[50,2,102],"tags":[],"class_list":["post-6213","post","type-post","status-publish","format-standard","has-post-thumbnail","hentry","category-destacadas","category-locales","category-politica-locales"],"aioseo_notices":[],"gutentor_comment":0,"jetpack_featured_media_url":"https:\/\/eldiariodesanpedro.com.ar\/sitio\/wp-content\/uploads\/2016\/07\/PAGINA-5-9.jpg","jetpack_shortlink":"https:\/\/wp.me\/p6RhLt-1Cd","jetpack_sharing_enabled":true,"_links":{"self":[{"href":"https:\/\/eldiariodesanpedro.com.ar\/sitio\/wp-json\/wp\/v2\/posts\/6213","targetHints":{"allow":["GET"]}}],"collection":[{"href":"https:\/\/eldiariodesanpedro.com.ar\/sitio\/wp-json\/wp\/v2\/posts"}],"about":[{"href":"https:\/\/eldiariodesanpedro.com.ar\/sitio\/wp-json\/wp\/v2\/types\/post"}],"author":[{"embeddable":true,"href":"https:\/\/eldiariodesanpedro.com.ar\/sitio\/wp-json\/wp\/v2\/users\/4"}],"replies":[{"embeddable":true,"href":"https:\/\/eldiariodesanpedro.com.ar\/sitio\/wp-json\/wp\/v2\/comments?post=6213"}],"version-history":[{"count":1,"href":"https:\/\/eldiariodesanpedro.com.ar\/sitio\/wp-json\/wp\/v2\/posts\/6213\/revisions"}],"predecessor-version":[{"id":6215,"href":"https:\/\/eldiariodesanpedro.com.ar\/sitio\/wp-json\/wp\/v2\/posts\/6213\/revisions\/6215"}],"wp:featuredmedia":[{"embeddable":true,"href":"https:\/\/eldiariodesanpedro.com.ar\/sitio\/wp-json\/wp\/v2\/media\/6214"}],"wp:attachment":[{"href":"https:\/\/eldiariodesanpedro.com.ar\/sitio\/wp-json\/wp\/v2\/media?parent=6213"}],"wp:term":[{"taxonomy":"category","embeddable":true,"href":"https:\/\/eldiariodesanpedro.com.ar\/sitio\/wp-json\/wp\/v2\/categories?post=6213"},{"taxonomy":"post_tag","embeddable":true,"href":"https:\/\/eldiariodesanpedro.com.ar\/sitio\/wp-json\/wp\/v2\/tags?post=6213"}],"curies":[{"name":"wp","href":"https:\/\/api.w.org\/{rel}","templated":true}]}}