{"id":62129,"date":"2019-10-17T17:30:07","date_gmt":"2019-10-17T20:30:07","guid":{"rendered":"https:\/\/eldiariodesanpedro.com.ar\/sitio\/?p=62129"},"modified":"2019-10-17T17:30:11","modified_gmt":"2019-10-17T20:30:11","slug":"charla-sobre-la-historia-geografica-del-rio-parana-y-la-laguna","status":"publish","type":"post","link":"https:\/\/eldiariodesanpedro.com.ar\/sitio\/charla-sobre-la-historia-geografica-del-rio-parana-y-la-laguna\/","title":{"rendered":"Charla sobre la Historia Geogr\u00e1fica del R\u00edo Paran\u00e1 y la Laguna"},"content":{"rendered":"<!-- VideographyWP Plugin Message: Automatic video embedding prevented by plugin options. -->\n\n<p>\n\nEl Club N\u00e1utico San Pedro invita para el pr\u00f3ximo<strong>&nbsp;jueves 24 de octubre a las 19.30<\/strong>&nbsp;en el Club Viejo a una charla sobre la Historia Geogr\u00e1fica del R\u00edo Paran\u00e1 y de nuestra laguna. La actividad enmarcada en los 112 a\u00f1os de la instituci\u00f3n es organizada por el grupo relacionado con la n\u00e1utica en el club y es abierta a socios y no socios, interesados en el tema.<\/p>\n\n\n\n<p>La charla estar\u00e1 a cargo del cart\u00f3grafo sampedrino<strong>&nbsp;Roberto Corti<\/strong>, egresado de la Universidad Nacional del Litoral, Profesor en Ciencias Sociales del Instituto Nacional Marista, Lic. en Econom\u00eda Mar\u00edtima (UADE), Profesor en ciencias Econ\u00f3micas y Doctor en Geograf\u00eda (Universidad del Salvador).&nbsp;Entre sus actividades trabaj\u00f3 como relevador y cart\u00f3grafo digital en el ACA, como batimetrista para la OEA en Centro Am\u00e9rica, instrumentador de Sistemas de Informaci\u00f3n Geogr\u00e1fico (GIS) en los Ministerios de Desarrollo Social y Seguridad de la Naci\u00f3n.<\/p>\n\n\n\n<p>Fue Secretario de Estado del Ministerio de Defensa teniendo a su cargo la coordinaci\u00f3n de las Fuerzas Armadas para la asistencia en emergencias. Actualmente es el responsable del GIS en el Municipio de Avellaneda.<\/p>\n\n\n\n<p>Esta exposici\u00f3n audiovisual, pretender\u00e1 mostrar la formaci\u00f3n de la cuenca del r\u00edo Paran\u00e1, sus continuos cambios espaciales y temporales.<br>Adem\u00e1s se recorrer\u00e1 el origen de nuestra laguna, sus modificaciones naturales y antr\u00f3picas, junto al comportamiento de la d\u00e1rsena del CNSP y escenarios factibles de tiempos pasados y futuros.<\/p>\n\n\n\n<figure class=\"wp-block-image\"><img decoding=\"async\" width=\"1024\" height=\"1024\" data-attachment-id=\"62134\" data-permalink=\"https:\/\/eldiariodesanpedro.com.ar\/sitio\/charla-sobre-la-historia-geografica-del-rio-parana-y-la-laguna\/charla-parana-y-laguna\/\" data-orig-file=\"https:\/\/eldiariodesanpedro.com.ar\/sitio\/wp-content\/uploads\/2019\/10\/Charla-Parana-y-Laguna.jpeg\" data-orig-size=\"1080,1080\" data-comments-opened=\"1\" data-image-meta=\"{&quot;aperture&quot;:&quot;0&quot;,&quot;credit&quot;:&quot;&quot;,&quot;camera&quot;:&quot;&quot;,&quot;caption&quot;:&quot;&quot;,&quot;created_timestamp&quot;:&quot;0&quot;,&quot;copyright&quot;:&quot;&quot;,&quot;focal_length&quot;:&quot;0&quot;,&quot;iso&quot;:&quot;0&quot;,&quot;shutter_speed&quot;:&quot;0&quot;,&quot;title&quot;:&quot;&quot;,&quot;orientation&quot;:&quot;0&quot;}\" data-image-title=\"Charla Parana y Laguna\" data-image-description=\"\" data-image-caption=\"\" data-large-file=\"https:\/\/eldiariodesanpedro.com.ar\/sitio\/wp-content\/uploads\/2019\/10\/Charla-Parana-y-Laguna-1024x1024.jpeg\" data-src=\"https:\/\/eldiariodesanpedro.com.ar\/sitio\/wp-content\/uploads\/2019\/10\/Charla-Parana-y-Laguna-1024x1024.jpeg\" alt=\"\" class=\"wp-image-62134 lazyload\" data-srcset=\"https:\/\/eldiariodesanpedro.com.ar\/sitio\/wp-content\/uploads\/2019\/10\/Charla-Parana-y-Laguna-1024x1024.jpeg 1024w, https:\/\/eldiariodesanpedro.com.ar\/sitio\/wp-content\/uploads\/2019\/10\/Charla-Parana-y-Laguna-150x150.jpeg 150w, https:\/\/eldiariodesanpedro.com.ar\/sitio\/wp-content\/uploads\/2019\/10\/Charla-Parana-y-Laguna-300x300.jpeg 300w, https:\/\/eldiariodesanpedro.com.ar\/sitio\/wp-content\/uploads\/2019\/10\/Charla-Parana-y-Laguna-768x768.jpeg 768w, https:\/\/eldiariodesanpedro.com.ar\/sitio\/wp-content\/uploads\/2019\/10\/Charla-Parana-y-Laguna.jpeg 1080w\" data-sizes=\"(max-width: 1024px) 100vw, 1024px\" src=\"data:image\/svg+xml;base64,PHN2ZyB3aWR0aD0iMSIgaGVpZ2h0PSIxIiB4bWxucz0iaHR0cDovL3d3dy53My5vcmcvMjAwMC9zdmciPjwvc3ZnPg==\" style=\"--smush-placeholder-width: 1024px; --smush-placeholder-aspect-ratio: 1024\/1024;\" \/><\/figure>\n","protected":false},"excerpt":{"rendered":"<p>El Club N\u00e1utico San Pedro invita para el pr\u00f3ximo&nbsp;jueves 24 de octubre a las 19.30&nbsp;en el Club Viejo a una charla sobre la Historia Geogr\u00e1fica del R\u00edo Paran\u00e1 y de nuestra laguna. La actividad enmarcada en los 112 a\u00f1os de la instituci\u00f3n es organizada por el grupo relacionado con la n\u00e1utica en el club y [&hellip;]<\/p>\n","protected":false},"author":4,"featured_media":62137,"comment_status":"open","ping_status":"closed","sticky":false,"template":"","format":"standard","meta":{"om_disable_all_campaigns":false,"_jetpack_memberships_contains_paid_content":false,"footnotes":""},"categories":[101,2],"tags":[],"class_list":["post-62129","post","type-post","status-publish","format-standard","has-post-thumbnail","hentry","category-interes-general-locales","category-locales"],"aioseo_notices":[],"gutentor_comment":0,"jetpack_featured_media_url":"https:\/\/eldiariodesanpedro.com.ar\/sitio\/wp-content\/uploads\/2019\/10\/San-Pedro-Playa-3-1024x646.jpg","jetpack_shortlink":"https:\/\/wp.me\/p6RhLt-ga5","jetpack_sharing_enabled":true,"_links":{"self":[{"href":"https:\/\/eldiariodesanpedro.com.ar\/sitio\/wp-json\/wp\/v2\/posts\/62129","targetHints":{"allow":["GET"]}}],"collection":[{"href":"https:\/\/eldiariodesanpedro.com.ar\/sitio\/wp-json\/wp\/v2\/posts"}],"about":[{"href":"https:\/\/eldiariodesanpedro.com.ar\/sitio\/wp-json\/wp\/v2\/types\/post"}],"author":[{"embeddable":true,"href":"https:\/\/eldiariodesanpedro.com.ar\/sitio\/wp-json\/wp\/v2\/users\/4"}],"replies":[{"embeddable":true,"href":"https:\/\/eldiariodesanpedro.com.ar\/sitio\/wp-json\/wp\/v2\/comments?post=62129"}],"version-history":[{"count":1,"href":"https:\/\/eldiariodesanpedro.com.ar\/sitio\/wp-json\/wp\/v2\/posts\/62129\/revisions"}],"predecessor-version":[{"id":62138,"href":"https:\/\/eldiariodesanpedro.com.ar\/sitio\/wp-json\/wp\/v2\/posts\/62129\/revisions\/62138"}],"wp:featuredmedia":[{"embeddable":true,"href":"https:\/\/eldiariodesanpedro.com.ar\/sitio\/wp-json\/wp\/v2\/media\/62137"}],"wp:attachment":[{"href":"https:\/\/eldiariodesanpedro.com.ar\/sitio\/wp-json\/wp\/v2\/media?parent=62129"}],"wp:term":[{"taxonomy":"category","embeddable":true,"href":"https:\/\/eldiariodesanpedro.com.ar\/sitio\/wp-json\/wp\/v2\/categories?post=62129"},{"taxonomy":"post_tag","embeddable":true,"href":"https:\/\/eldiariodesanpedro.com.ar\/sitio\/wp-json\/wp\/v2\/tags?post=62129"}],"curies":[{"name":"wp","href":"https:\/\/api.w.org\/{rel}","templated":true}]}}