{"id":62128,"date":"2019-10-17T17:28:14","date_gmt":"2019-10-17T20:28:14","guid":{"rendered":"https:\/\/eldiariodesanpedro.com.ar\/sitio\/?p=62128"},"modified":"2019-10-17T17:28:15","modified_gmt":"2019-10-17T20:28:15","slug":"presentacion-de-la-campana-contra-el-cancer-de-mamas","status":"publish","type":"post","link":"https:\/\/eldiariodesanpedro.com.ar\/sitio\/presentacion-de-la-campana-contra-el-cancer-de-mamas\/","title":{"rendered":"Presentaci\u00f3n de la campa\u00f1a contra el c\u00e1ncer de mamas"},"content":{"rendered":"<!-- VideographyWP Plugin Message: Automatic video embedding prevented by plugin options. -->\n\n<p> La Secretar\u00eda de Salud de la Municipalidad, LALCEC y el C\u00edrculo M\u00e9dico de San Pedro realizaron la presentaci\u00f3n de la campa\u00f1a conjunta de prevenci\u00f3n y detecci\u00f3n del c\u00e1ncer de mamas que se implementar\u00e1 desde la pr\u00f3xima semana.<\/p>\n\n\n\n<p>All\u00ed, Diego Noto, Coordinador de Programas de la Secretar\u00eda de Salud, Raquel Di Prinzio, integrante de LALCEC y el Tocoginec\u00f3logo y Mast\u00f3logo Dr. Gustavo Wagner brindaron detalles sobre esta campa\u00f1a, donde y como sacar los turnos para realizarse controles correspondientes en nuestra ciudad.<\/p>\n\n\n\n<p>Para m\u00e1s informaci\u00f3n ac\u00e9rcate a la sede de LALCEC en Almafuerte 620 o comun\u00edcate al 428120 \u2013 424075.<\/p>\n\n\n\n<p>Adem\u00e1s colaboran con esta campa\u00f1a Diagn\u00f3stico San Pedro, Sanatorio Coopser y Cl\u00ednica San Pedro.<\/p>\n\n\n\n<p>En mujeres, el c\u00e1ncer de mamas es el de mayor prevalencia a nivel mundial y es el principal causante de muertes. Afecta a 1 de cada 8 mujeres y se detectan aproximadamente 20 mil casos nuevos por a\u00f1o. <\/p>\n\n\n\n<ul class=\"wp-block-gallery columns-3 is-cropped wp-block-gallery-1 is-layout-flex wp-block-gallery-is-layout-flex\"><li class=\"blocks-gallery-item\"><figure><img decoding=\"async\" width=\"1024\" height=\"649\" data-attachment-id=\"62130\" data-permalink=\"https:\/\/eldiariodesanpedro.com.ar\/sitio\/presentacion-de-la-campana-contra-el-cancer-de-mamas\/2-1-2\/\" data-orig-file=\"https:\/\/eldiariodesanpedro.com.ar\/sitio\/wp-content\/uploads\/2019\/10\/2-1-1.jpg\" data-orig-size=\"3800,2408\" data-comments-opened=\"1\" data-image-meta=\"{&quot;aperture&quot;:&quot;1.7&quot;,&quot;credit&quot;:&quot;&quot;,&quot;camera&quot;:&quot;SM-A750G&quot;,&quot;caption&quot;:&quot;&quot;,&quot;created_timestamp&quot;:&quot;1571307405&quot;,&quot;copyright&quot;:&quot;&quot;,&quot;focal_length&quot;:&quot;3.93&quot;,&quot;iso&quot;:&quot;320&quot;,&quot;shutter_speed&quot;:&quot;0.02&quot;,&quot;title&quot;:&quot;&quot;,&quot;orientation&quot;:&quot;1&quot;}\" data-image-title=\"2 (1)\" data-image-description=\"\" data-image-caption=\"\" data-large-file=\"https:\/\/eldiariodesanpedro.com.ar\/sitio\/wp-content\/uploads\/2019\/10\/2-1-1-1024x649.jpg\" data-src=\"https:\/\/eldiariodesanpedro.com.ar\/sitio\/wp-content\/uploads\/2019\/10\/2-1-1-1024x649.jpg\" alt=\"\" data-id=\"62130\" data-link=\"https:\/\/eldiariodesanpedro.com.ar\/sitio\/?attachment_id=62130\" class=\"wp-image-62130 lazyload\" data-srcset=\"https:\/\/eldiariodesanpedro.com.ar\/sitio\/wp-content\/uploads\/2019\/10\/2-1-1-1024x649.jpg 1024w, https:\/\/eldiariodesanpedro.com.ar\/sitio\/wp-content\/uploads\/2019\/10\/2-1-1-300x190.jpg 300w, https:\/\/eldiariodesanpedro.com.ar\/sitio\/wp-content\/uploads\/2019\/10\/2-1-1-768x487.jpg 768w\" data-sizes=\"(max-width: 1024px) 100vw, 1024px\" src=\"data:image\/svg+xml;base64,PHN2ZyB3aWR0aD0iMSIgaGVpZ2h0PSIxIiB4bWxucz0iaHR0cDovL3d3dy53My5vcmcvMjAwMC9zdmciPjwvc3ZnPg==\" style=\"--smush-placeholder-width: 1024px; --smush-placeholder-aspect-ratio: 1024\/649;\" \/><\/figure><\/li><li class=\"blocks-gallery-item\"><figure><img decoding=\"async\" width=\"1024\" height=\"849\" data-attachment-id=\"62131\" data-permalink=\"https:\/\/eldiariodesanpedro.com.ar\/sitio\/presentacion-de-la-campana-contra-el-cancer-de-mamas\/3-68\/\" data-orig-file=\"https:\/\/eldiariodesanpedro.com.ar\/sitio\/wp-content\/uploads\/2019\/10\/3-2.jpg\" data-orig-size=\"2432,2016\" data-comments-opened=\"1\" data-image-meta=\"{&quot;aperture&quot;:&quot;1.7&quot;,&quot;credit&quot;:&quot;&quot;,&quot;camera&quot;:&quot;SM-A750G&quot;,&quot;caption&quot;:&quot;&quot;,&quot;created_timestamp&quot;:&quot;1571307551&quot;,&quot;copyright&quot;:&quot;&quot;,&quot;focal_length&quot;:&quot;3.93&quot;,&quot;iso&quot;:&quot;200&quot;,&quot;shutter_speed&quot;:&quot;0.02&quot;,&quot;title&quot;:&quot;&quot;,&quot;orientation&quot;:&quot;1&quot;}\" data-image-title=\"3\" data-image-description=\"\" data-image-caption=\"\" data-large-file=\"https:\/\/eldiariodesanpedro.com.ar\/sitio\/wp-content\/uploads\/2019\/10\/3-2-1024x849.jpg\" data-src=\"https:\/\/eldiariodesanpedro.com.ar\/sitio\/wp-content\/uploads\/2019\/10\/3-2-1024x849.jpg\" alt=\"\" data-id=\"62131\" data-link=\"https:\/\/eldiariodesanpedro.com.ar\/sitio\/?attachment_id=62131\" class=\"wp-image-62131 lazyload\" data-srcset=\"https:\/\/eldiariodesanpedro.com.ar\/sitio\/wp-content\/uploads\/2019\/10\/3-2-1024x849.jpg 1024w, https:\/\/eldiariodesanpedro.com.ar\/sitio\/wp-content\/uploads\/2019\/10\/3-2-300x249.jpg 300w, https:\/\/eldiariodesanpedro.com.ar\/sitio\/wp-content\/uploads\/2019\/10\/3-2-768x637.jpg 768w\" data-sizes=\"(max-width: 1024px) 100vw, 1024px\" src=\"data:image\/svg+xml;base64,PHN2ZyB3aWR0aD0iMSIgaGVpZ2h0PSIxIiB4bWxucz0iaHR0cDovL3d3dy53My5vcmcvMjAwMC9zdmciPjwvc3ZnPg==\" style=\"--smush-placeholder-width: 1024px; --smush-placeholder-aspect-ratio: 1024\/849;\" \/><\/figure><\/li><li class=\"blocks-gallery-item\"><figure><img decoding=\"async\" width=\"1014\" height=\"1024\" data-attachment-id=\"62132\" data-permalink=\"https:\/\/eldiariodesanpedro.com.ar\/sitio\/presentacion-de-la-campana-contra-el-cancer-de-mamas\/4-56\/\" data-orig-file=\"https:\/\/eldiariodesanpedro.com.ar\/sitio\/wp-content\/uploads\/2019\/10\/4-1.jpg\" data-orig-size=\"2536,2560\" data-comments-opened=\"1\" data-image-meta=\"{&quot;aperture&quot;:&quot;1.7&quot;,&quot;credit&quot;:&quot;&quot;,&quot;camera&quot;:&quot;SM-A750G&quot;,&quot;caption&quot;:&quot;&quot;,&quot;created_timestamp&quot;:&quot;1571307792&quot;,&quot;copyright&quot;:&quot;&quot;,&quot;focal_length&quot;:&quot;3.93&quot;,&quot;iso&quot;:&quot;250&quot;,&quot;shutter_speed&quot;:&quot;0.02&quot;,&quot;title&quot;:&quot;&quot;,&quot;orientation&quot;:&quot;1&quot;}\" data-image-title=\"4\" data-image-description=\"\" data-image-caption=\"\" data-large-file=\"https:\/\/eldiariodesanpedro.com.ar\/sitio\/wp-content\/uploads\/2019\/10\/4-1-1014x1024.jpg\" data-src=\"https:\/\/eldiariodesanpedro.com.ar\/sitio\/wp-content\/uploads\/2019\/10\/4-1-1014x1024.jpg\" alt=\"\" data-id=\"62132\" data-link=\"https:\/\/eldiariodesanpedro.com.ar\/sitio\/?attachment_id=62132\" class=\"wp-image-62132 lazyload\" data-srcset=\"https:\/\/eldiariodesanpedro.com.ar\/sitio\/wp-content\/uploads\/2019\/10\/4-1-1014x1024.jpg 1014w, https:\/\/eldiariodesanpedro.com.ar\/sitio\/wp-content\/uploads\/2019\/10\/4-1-150x150.jpg 150w, https:\/\/eldiariodesanpedro.com.ar\/sitio\/wp-content\/uploads\/2019\/10\/4-1-297x300.jpg 297w, https:\/\/eldiariodesanpedro.com.ar\/sitio\/wp-content\/uploads\/2019\/10\/4-1-768x775.jpg 768w\" data-sizes=\"(max-width: 1014px) 100vw, 1014px\" src=\"data:image\/svg+xml;base64,PHN2ZyB3aWR0aD0iMSIgaGVpZ2h0PSIxIiB4bWxucz0iaHR0cDovL3d3dy53My5vcmcvMjAwMC9zdmciPjwvc3ZnPg==\" style=\"--smush-placeholder-width: 1014px; --smush-placeholder-aspect-ratio: 1014\/1024;\" \/><\/figure><\/li><li class=\"blocks-gallery-item\"><figure><img decoding=\"async\" width=\"1024\" height=\"548\" data-attachment-id=\"62133\" data-permalink=\"https:\/\/eldiariodesanpedro.com.ar\/sitio\/presentacion-de-la-campana-contra-el-cancer-de-mamas\/5-1-3\/\" data-orig-file=\"https:\/\/eldiariodesanpedro.com.ar\/sitio\/wp-content\/uploads\/2019\/10\/5-1.jpg\" data-orig-size=\"3004,1608\" data-comments-opened=\"1\" data-image-meta=\"{&quot;aperture&quot;:&quot;2.4&quot;,&quot;credit&quot;:&quot;&quot;,&quot;camera&quot;:&quot;SM-A750G&quot;,&quot;caption&quot;:&quot;&quot;,&quot;created_timestamp&quot;:&quot;1571307824&quot;,&quot;copyright&quot;:&quot;&quot;,&quot;focal_length&quot;:&quot;1.87&quot;,&quot;iso&quot;:&quot;250&quot;,&quot;shutter_speed&quot;:&quot;0.02&quot;,&quot;title&quot;:&quot;&quot;,&quot;orientation&quot;:&quot;1&quot;}\" data-image-title=\"5 (1)\" data-image-description=\"\" data-image-caption=\"\" data-large-file=\"https:\/\/eldiariodesanpedro.com.ar\/sitio\/wp-content\/uploads\/2019\/10\/5-1-1024x548.jpg\" data-src=\"https:\/\/eldiariodesanpedro.com.ar\/sitio\/wp-content\/uploads\/2019\/10\/5-1-1024x548.jpg\" alt=\"\" data-id=\"62133\" data-link=\"https:\/\/eldiariodesanpedro.com.ar\/sitio\/?attachment_id=62133\" class=\"wp-image-62133 lazyload\" data-srcset=\"https:\/\/eldiariodesanpedro.com.ar\/sitio\/wp-content\/uploads\/2019\/10\/5-1-1024x548.jpg 1024w, https:\/\/eldiariodesanpedro.com.ar\/sitio\/wp-content\/uploads\/2019\/10\/5-1-300x161.jpg 300w, https:\/\/eldiariodesanpedro.com.ar\/sitio\/wp-content\/uploads\/2019\/10\/5-1-768x411.jpg 768w\" data-sizes=\"(max-width: 1024px) 100vw, 1024px\" src=\"data:image\/svg+xml;base64,PHN2ZyB3aWR0aD0iMSIgaGVpZ2h0PSIxIiB4bWxucz0iaHR0cDovL3d3dy53My5vcmcvMjAwMC9zdmciPjwvc3ZnPg==\" style=\"--smush-placeholder-width: 1024px; --smush-placeholder-aspect-ratio: 1024\/548;\" \/><\/figure><\/li><\/ul>\n","protected":false},"excerpt":{"rendered":"<p>La Secretar\u00eda de Salud de la Municipalidad, LALCEC y el C\u00edrculo M\u00e9dico de San Pedro realizaron la presentaci\u00f3n de la campa\u00f1a conjunta de prevenci\u00f3n y detecci\u00f3n del c\u00e1ncer de mamas que se implementar\u00e1 desde la pr\u00f3xima semana. All\u00ed, Diego Noto, Coordinador de Programas de la Secretar\u00eda de Salud, Raquel Di Prinzio, integrante de LALCEC y [&hellip;]<\/p>\n","protected":false},"author":4,"featured_media":62130,"comment_status":"open","ping_status":"closed","sticky":false,"template":"","format":"standard","meta":{"om_disable_all_campaigns":false,"_jetpack_memberships_contains_paid_content":false,"footnotes":""},"categories":[101,2],"tags":[],"class_list":["post-62128","post","type-post","status-publish","format-standard","has-post-thumbnail","hentry","category-interes-general-locales","category-locales"],"aioseo_notices":[],"gutentor_comment":0,"jetpack_featured_media_url":"https:\/\/eldiariodesanpedro.com.ar\/sitio\/wp-content\/uploads\/2019\/10\/2-1-1.jpg","jetpack_shortlink":"https:\/\/wp.me\/p6RhLt-ga4","jetpack_sharing_enabled":true,"_links":{"self":[{"href":"https:\/\/eldiariodesanpedro.com.ar\/sitio\/wp-json\/wp\/v2\/posts\/62128","targetHints":{"allow":["GET"]}}],"collection":[{"href":"https:\/\/eldiariodesanpedro.com.ar\/sitio\/wp-json\/wp\/v2\/posts"}],"about":[{"href":"https:\/\/eldiariodesanpedro.com.ar\/sitio\/wp-json\/wp\/v2\/types\/post"}],"author":[{"embeddable":true,"href":"https:\/\/eldiariodesanpedro.com.ar\/sitio\/wp-json\/wp\/v2\/users\/4"}],"replies":[{"embeddable":true,"href":"https:\/\/eldiariodesanpedro.com.ar\/sitio\/wp-json\/wp\/v2\/comments?post=62128"}],"version-history":[{"count":1,"href":"https:\/\/eldiariodesanpedro.com.ar\/sitio\/wp-json\/wp\/v2\/posts\/62128\/revisions"}],"predecessor-version":[{"id":62135,"href":"https:\/\/eldiariodesanpedro.com.ar\/sitio\/wp-json\/wp\/v2\/posts\/62128\/revisions\/62135"}],"wp:featuredmedia":[{"embeddable":true,"href":"https:\/\/eldiariodesanpedro.com.ar\/sitio\/wp-json\/wp\/v2\/media\/62130"}],"wp:attachment":[{"href":"https:\/\/eldiariodesanpedro.com.ar\/sitio\/wp-json\/wp\/v2\/media?parent=62128"}],"wp:term":[{"taxonomy":"category","embeddable":true,"href":"https:\/\/eldiariodesanpedro.com.ar\/sitio\/wp-json\/wp\/v2\/categories?post=62128"},{"taxonomy":"post_tag","embeddable":true,"href":"https:\/\/eldiariodesanpedro.com.ar\/sitio\/wp-json\/wp\/v2\/tags?post=62128"}],"curies":[{"name":"wp","href":"https:\/\/api.w.org\/{rel}","templated":true}]}}