{"id":62123,"date":"2019-10-17T17:25:35","date_gmt":"2019-10-17T20:25:35","guid":{"rendered":"https:\/\/eldiariodesanpedro.com.ar\/sitio\/?p=62123"},"modified":"2019-10-17T17:25:39","modified_gmt":"2019-10-17T20:25:39","slug":"visita-de-funcionarios-de-vialidad","status":"publish","type":"post","link":"https:\/\/eldiariodesanpedro.com.ar\/sitio\/visita-de-funcionarios-de-vialidad\/","title":{"rendered":"Visita de funcionarios de Vialidad"},"content":{"rendered":"<!-- VideographyWP Plugin Message: Automatic video embedding prevented by plugin options. -->\n\n<p> El Intendente Municipal Cecilio Salazar, junto al Secretario de Obras Publicas Ariel \u00c1lvarez, recibieron en el despacho municipal, la visita de autoridades de Vialidad Provincial, el T\u00e9cnico Gast\u00f3n Decsa, Jefe de Zona 1 y Hugo Lioy, Jefe de Divisi\u00f3n Operativa.<\/p>\n\n\n\n<p>All\u00ed hicieron las presentaciones correspondientes de la firma de un convenio para arreglos de caminos rurales pertenecientes a la Provincia de Buenos Aires. <\/p>\n\n\n\n<ul class=\"wp-block-gallery columns-3 is-cropped wp-block-gallery-1 is-layout-flex wp-block-gallery-is-layout-flex\"><li class=\"blocks-gallery-item\"><figure><img decoding=\"async\" width=\"5760\" height=\"3840\" data-attachment-id=\"62124\" data-permalink=\"https:\/\/eldiariodesanpedro.com.ar\/sitio\/visita-de-funcionarios-de-vialidad\/1-1-2-2\/\" data-orig-file=\"https:\/\/eldiariodesanpedro.com.ar\/sitio\/wp-content\/uploads\/2019\/10\/1-1-2.jpg\" data-orig-size=\"5760,3840\" data-comments-opened=\"1\" data-image-meta=\"{&quot;aperture&quot;:&quot;4&quot;,&quot;credit&quot;:&quot;&quot;,&quot;camera&quot;:&quot;Canon EOS 5D Mark III&quot;,&quot;caption&quot;:&quot;&quot;,&quot;created_timestamp&quot;:&quot;1578999912&quot;,&quot;copyright&quot;:&quot;&quot;,&quot;focal_length&quot;:&quot;28&quot;,&quot;iso&quot;:&quot;1600&quot;,&quot;shutter_speed&quot;:&quot;0.016666666666667&quot;,&quot;title&quot;:&quot;&quot;,&quot;orientation&quot;:&quot;1&quot;}\" data-image-title=\"1-1-2\" data-image-description=\"\" data-image-caption=\"\" data-large-file=\"https:\/\/eldiariodesanpedro.com.ar\/sitio\/wp-content\/uploads\/2019\/10\/1-1-2-1024x683.jpg\" data-src=\"https:\/\/i2.wp.com\/eldiariodesanpedro.com.ar\/sitio\/wp-content\/uploads\/2019\/10\/1-1-2.jpg?fit=660%2C440\" alt=\"\" data-id=\"62124\" data-link=\"https:\/\/eldiariodesanpedro.com.ar\/sitio\/?attachment_id=62124\" class=\"wp-image-62124 lazyload\" data-srcset=\"https:\/\/eldiariodesanpedro.com.ar\/sitio\/wp-content\/uploads\/2019\/10\/1-1-2.jpg 5760w, https:\/\/eldiariodesanpedro.com.ar\/sitio\/wp-content\/uploads\/2019\/10\/1-1-2-300x200.jpg 300w, https:\/\/eldiariodesanpedro.com.ar\/sitio\/wp-content\/uploads\/2019\/10\/1-1-2-768x512.jpg 768w, https:\/\/eldiariodesanpedro.com.ar\/sitio\/wp-content\/uploads\/2019\/10\/1-1-2-1024x683.jpg 1024w\" data-sizes=\"(max-width: 5760px) 100vw, 5760px\" src=\"data:image\/svg+xml;base64,PHN2ZyB3aWR0aD0iMSIgaGVpZ2h0PSIxIiB4bWxucz0iaHR0cDovL3d3dy53My5vcmcvMjAwMC9zdmciPjwvc3ZnPg==\" style=\"--smush-placeholder-width: 5760px; --smush-placeholder-aspect-ratio: 5760\/3840;\" \/><\/figure><\/li><li class=\"blocks-gallery-item\"><figure><img decoding=\"async\" width=\"5760\" height=\"3840\" data-attachment-id=\"62125\" data-permalink=\"https:\/\/eldiariodesanpedro.com.ar\/sitio\/visita-de-funcionarios-de-vialidad\/2-1\/\" data-orig-file=\"https:\/\/eldiariodesanpedro.com.ar\/sitio\/wp-content\/uploads\/2019\/10\/2-1.jpg\" data-orig-size=\"5760,3840\" data-comments-opened=\"1\" data-image-meta=\"{&quot;aperture&quot;:&quot;4&quot;,&quot;credit&quot;:&quot;&quot;,&quot;camera&quot;:&quot;Canon EOS 5D Mark III&quot;,&quot;caption&quot;:&quot;&quot;,&quot;created_timestamp&quot;:&quot;1578999895&quot;,&quot;copyright&quot;:&quot;&quot;,&quot;focal_length&quot;:&quot;55&quot;,&quot;iso&quot;:&quot;1600&quot;,&quot;shutter_speed&quot;:&quot;0.016666666666667&quot;,&quot;title&quot;:&quot;&quot;,&quot;orientation&quot;:&quot;1&quot;}\" data-image-title=\"2-1\" data-image-description=\"\" data-image-caption=\"\" data-large-file=\"https:\/\/eldiariodesanpedro.com.ar\/sitio\/wp-content\/uploads\/2019\/10\/2-1-1024x683.jpg\" data-src=\"https:\/\/i0.wp.com\/eldiariodesanpedro.com.ar\/sitio\/wp-content\/uploads\/2019\/10\/2-1.jpg?fit=660%2C440\" alt=\"\" data-id=\"62125\" data-link=\"https:\/\/eldiariodesanpedro.com.ar\/sitio\/?attachment_id=62125\" class=\"wp-image-62125 lazyload\" data-srcset=\"https:\/\/eldiariodesanpedro.com.ar\/sitio\/wp-content\/uploads\/2019\/10\/2-1.jpg 5760w, https:\/\/eldiariodesanpedro.com.ar\/sitio\/wp-content\/uploads\/2019\/10\/2-1-300x200.jpg 300w, https:\/\/eldiariodesanpedro.com.ar\/sitio\/wp-content\/uploads\/2019\/10\/2-1-768x512.jpg 768w, https:\/\/eldiariodesanpedro.com.ar\/sitio\/wp-content\/uploads\/2019\/10\/2-1-1024x683.jpg 1024w\" data-sizes=\"(max-width: 5760px) 100vw, 5760px\" src=\"data:image\/svg+xml;base64,PHN2ZyB3aWR0aD0iMSIgaGVpZ2h0PSIxIiB4bWxucz0iaHR0cDovL3d3dy53My5vcmcvMjAwMC9zdmciPjwvc3ZnPg==\" style=\"--smush-placeholder-width: 5760px; --smush-placeholder-aspect-ratio: 5760\/3840;\" \/><\/figure><\/li><li class=\"blocks-gallery-item\"><figure><img decoding=\"async\" width=\"5760\" height=\"3840\" data-attachment-id=\"62126\" data-permalink=\"https:\/\/eldiariodesanpedro.com.ar\/sitio\/visita-de-funcionarios-de-vialidad\/bi4a6952\/\" data-orig-file=\"https:\/\/eldiariodesanpedro.com.ar\/sitio\/wp-content\/uploads\/2019\/10\/BI4A6952.jpg\" data-orig-size=\"5760,3840\" data-comments-opened=\"1\" data-image-meta=\"{&quot;aperture&quot;:&quot;4&quot;,&quot;credit&quot;:&quot;&quot;,&quot;camera&quot;:&quot;Canon EOS 5D Mark III&quot;,&quot;caption&quot;:&quot;&quot;,&quot;created_timestamp&quot;:&quot;1579000016&quot;,&quot;copyright&quot;:&quot;&quot;,&quot;focal_length&quot;:&quot;105&quot;,&quot;iso&quot;:&quot;1600&quot;,&quot;shutter_speed&quot;:&quot;0.016666666666667&quot;,&quot;title&quot;:&quot;&quot;,&quot;orientation&quot;:&quot;1&quot;}\" data-image-title=\"BI4A6952\" data-image-description=\"\" data-image-caption=\"\" data-large-file=\"https:\/\/eldiariodesanpedro.com.ar\/sitio\/wp-content\/uploads\/2019\/10\/BI4A6952-1024x683.jpg\" data-src=\"https:\/\/i0.wp.com\/eldiariodesanpedro.com.ar\/sitio\/wp-content\/uploads\/2019\/10\/BI4A6952.jpg?fit=660%2C440\" alt=\"\" data-id=\"62126\" data-link=\"https:\/\/eldiariodesanpedro.com.ar\/sitio\/?attachment_id=62126\" class=\"wp-image-62126 lazyload\" data-srcset=\"https:\/\/eldiariodesanpedro.com.ar\/sitio\/wp-content\/uploads\/2019\/10\/BI4A6952.jpg 5760w, https:\/\/eldiariodesanpedro.com.ar\/sitio\/wp-content\/uploads\/2019\/10\/BI4A6952-300x200.jpg 300w, https:\/\/eldiariodesanpedro.com.ar\/sitio\/wp-content\/uploads\/2019\/10\/BI4A6952-768x512.jpg 768w, https:\/\/eldiariodesanpedro.com.ar\/sitio\/wp-content\/uploads\/2019\/10\/BI4A6952-1024x683.jpg 1024w\" data-sizes=\"(max-width: 5760px) 100vw, 5760px\" src=\"data:image\/svg+xml;base64,PHN2ZyB3aWR0aD0iMSIgaGVpZ2h0PSIxIiB4bWxucz0iaHR0cDovL3d3dy53My5vcmcvMjAwMC9zdmciPjwvc3ZnPg==\" style=\"--smush-placeholder-width: 5760px; --smush-placeholder-aspect-ratio: 5760\/3840;\" \/><\/figure><\/li><\/ul>\n","protected":false},"excerpt":{"rendered":"<p>El Intendente Municipal Cecilio Salazar, junto al Secretario de Obras Publicas Ariel \u00c1lvarez, recibieron en el despacho municipal, la visita de autoridades de Vialidad Provincial, el T\u00e9cnico Gast\u00f3n Decsa, Jefe de Zona 1 y Hugo Lioy, Jefe de Divisi\u00f3n Operativa. All\u00ed hicieron las presentaciones correspondientes de la firma de un convenio para arreglos de caminos [&hellip;]<\/p>\n","protected":false},"author":4,"featured_media":62124,"comment_status":"open","ping_status":"closed","sticky":false,"template":"","format":"standard","meta":{"om_disable_all_campaigns":false,"_jetpack_memberships_contains_paid_content":false,"footnotes":""},"categories":[101,2],"tags":[],"class_list":["post-62123","post","type-post","status-publish","format-standard","has-post-thumbnail","hentry","category-interes-general-locales","category-locales"],"aioseo_notices":[],"gutentor_comment":0,"jetpack_featured_media_url":"https:\/\/eldiariodesanpedro.com.ar\/sitio\/wp-content\/uploads\/2019\/10\/1-1-2.jpg","jetpack_shortlink":"https:\/\/wp.me\/p6RhLt-g9Z","jetpack_sharing_enabled":true,"_links":{"self":[{"href":"https:\/\/eldiariodesanpedro.com.ar\/sitio\/wp-json\/wp\/v2\/posts\/62123","targetHints":{"allow":["GET"]}}],"collection":[{"href":"https:\/\/eldiariodesanpedro.com.ar\/sitio\/wp-json\/wp\/v2\/posts"}],"about":[{"href":"https:\/\/eldiariodesanpedro.com.ar\/sitio\/wp-json\/wp\/v2\/types\/post"}],"author":[{"embeddable":true,"href":"https:\/\/eldiariodesanpedro.com.ar\/sitio\/wp-json\/wp\/v2\/users\/4"}],"replies":[{"embeddable":true,"href":"https:\/\/eldiariodesanpedro.com.ar\/sitio\/wp-json\/wp\/v2\/comments?post=62123"}],"version-history":[{"count":1,"href":"https:\/\/eldiariodesanpedro.com.ar\/sitio\/wp-json\/wp\/v2\/posts\/62123\/revisions"}],"predecessor-version":[{"id":62127,"href":"https:\/\/eldiariodesanpedro.com.ar\/sitio\/wp-json\/wp\/v2\/posts\/62123\/revisions\/62127"}],"wp:featuredmedia":[{"embeddable":true,"href":"https:\/\/eldiariodesanpedro.com.ar\/sitio\/wp-json\/wp\/v2\/media\/62124"}],"wp:attachment":[{"href":"https:\/\/eldiariodesanpedro.com.ar\/sitio\/wp-json\/wp\/v2\/media?parent=62123"}],"wp:term":[{"taxonomy":"category","embeddable":true,"href":"https:\/\/eldiariodesanpedro.com.ar\/sitio\/wp-json\/wp\/v2\/categories?post=62123"},{"taxonomy":"post_tag","embeddable":true,"href":"https:\/\/eldiariodesanpedro.com.ar\/sitio\/wp-json\/wp\/v2\/tags?post=62123"}],"curies":[{"name":"wp","href":"https:\/\/api.w.org\/{rel}","templated":true}]}}