{"id":62119,"date":"2019-10-17T12:00:06","date_gmt":"2019-10-17T15:00:06","guid":{"rendered":"https:\/\/eldiariodesanpedro.com.ar\/sitio\/?p=62119"},"modified":"2019-10-17T12:00:10","modified_gmt":"2019-10-17T15:00:10","slug":"axel-llega-a-san-pedro-por-el-cierre-de-campana-de-ester-noat","status":"publish","type":"post","link":"https:\/\/eldiariodesanpedro.com.ar\/sitio\/axel-llega-a-san-pedro-por-el-cierre-de-campana-de-ester-noat\/","title":{"rendered":"Axel llega a San Pedro por el cierre de campa\u00f1a de Ester Noat"},"content":{"rendered":"<!-- VideographyWP Plugin Message: Automatic video embedding prevented by plugin options. -->\n\n<p>  El candidato a Gobernador de la provincia de Buenos Aires, Axel Kicillof, llegar\u00e1 nuevamente a San Pedro el pr\u00f3ximo lunes en horas del mediod\u00eda.<br><\/p>\n\n\n\n<p>El rival de Mar\u00eda Eugenia Vidal, candidato por el\u00a0Frente de Todos, esquiv\u00f3 durante la campa\u00f1a los actos masivos, por lo que pidi\u00f3 que su cierre fuera sin aparatos ni grandes movilizaciones. El encuentro m\u00e1s importante de estos ser\u00e1 el de\u00a0Merlo, en el que participar\u00e1n la mayor\u00eda de los intendentes del Conurbano bonaerense. <\/p>\n\n\n\n<p>Ester Noat confirmo a los medios de comunicacion que el cierre de su campa\u00f1a sera con la participaci\u00f3n de su \u00abfuturo gobernador\u00bb, expreso.<\/p>\n\n\n\n<p>Se espera un multitudinario publico como lo fue en agosto sobre la calle de la cooperativa Luz y Fuerza, con el apoyo de la UOCRA para su llegada, aunque todav\u00eda no se han conocido actividades.<\/p>\n","protected":false},"excerpt":{"rendered":"<p>El candidato a Gobernador de la provincia de Buenos Aires, Axel Kicillof, llegar\u00e1 nuevamente a San Pedro el pr\u00f3ximo lunes en horas del mediod\u00eda. El rival de Mar\u00eda Eugenia Vidal, candidato por el\u00a0Frente de Todos, esquiv\u00f3 durante la campa\u00f1a los actos masivos, por lo que pidi\u00f3 que su cierre fuera sin aparatos ni grandes movilizaciones. [&hellip;]<\/p>\n","protected":false},"author":4,"featured_media":55136,"comment_status":"open","ping_status":"closed","sticky":false,"template":"","format":"standard","meta":{"om_disable_all_campaigns":false,"_jetpack_memberships_contains_paid_content":false,"footnotes":""},"categories":[2,102],"tags":[],"class_list":["post-62119","post","type-post","status-publish","format-standard","has-post-thumbnail","hentry","category-locales","category-politica-locales"],"aioseo_notices":[],"gutentor_comment":0,"jetpack_featured_media_url":"https:\/\/eldiariodesanpedro.com.ar\/sitio\/wp-content\/uploads\/2019\/06\/axel-1.jpg","jetpack_shortlink":"https:\/\/wp.me\/p6RhLt-g9V","jetpack_sharing_enabled":true,"_links":{"self":[{"href":"https:\/\/eldiariodesanpedro.com.ar\/sitio\/wp-json\/wp\/v2\/posts\/62119","targetHints":{"allow":["GET"]}}],"collection":[{"href":"https:\/\/eldiariodesanpedro.com.ar\/sitio\/wp-json\/wp\/v2\/posts"}],"about":[{"href":"https:\/\/eldiariodesanpedro.com.ar\/sitio\/wp-json\/wp\/v2\/types\/post"}],"author":[{"embeddable":true,"href":"https:\/\/eldiariodesanpedro.com.ar\/sitio\/wp-json\/wp\/v2\/users\/4"}],"replies":[{"embeddable":true,"href":"https:\/\/eldiariodesanpedro.com.ar\/sitio\/wp-json\/wp\/v2\/comments?post=62119"}],"version-history":[{"count":1,"href":"https:\/\/eldiariodesanpedro.com.ar\/sitio\/wp-json\/wp\/v2\/posts\/62119\/revisions"}],"predecessor-version":[{"id":62120,"href":"https:\/\/eldiariodesanpedro.com.ar\/sitio\/wp-json\/wp\/v2\/posts\/62119\/revisions\/62120"}],"wp:featuredmedia":[{"embeddable":true,"href":"https:\/\/eldiariodesanpedro.com.ar\/sitio\/wp-json\/wp\/v2\/media\/55136"}],"wp:attachment":[{"href":"https:\/\/eldiariodesanpedro.com.ar\/sitio\/wp-json\/wp\/v2\/media?parent=62119"}],"wp:term":[{"taxonomy":"category","embeddable":true,"href":"https:\/\/eldiariodesanpedro.com.ar\/sitio\/wp-json\/wp\/v2\/categories?post=62119"},{"taxonomy":"post_tag","embeddable":true,"href":"https:\/\/eldiariodesanpedro.com.ar\/sitio\/wp-json\/wp\/v2\/tags?post=62119"}],"curies":[{"name":"wp","href":"https:\/\/api.w.org\/{rel}","templated":true}]}}