{"id":62107,"date":"2019-10-17T10:25:31","date_gmt":"2019-10-17T13:25:31","guid":{"rendered":"https:\/\/eldiariodesanpedro.com.ar\/sitio\/?p=62107"},"modified":"2019-10-17T10:36:58","modified_gmt":"2019-10-17T13:36:58","slug":"los-4-candidatos-se-enfrentaron-por-primera-vez-en-un-debate","status":"publish","type":"post","link":"https:\/\/eldiariodesanpedro.com.ar\/sitio\/los-4-candidatos-se-enfrentaron-por-primera-vez-en-un-debate\/","title":{"rendered":"Los 4 candidatos se enfrentaron por primera vez en un debate"},"content":{"rendered":"<!-- VideographyWP Plugin Message: Automatic video embedding prevented by plugin options. -->\n\n<p> Cecilio Salazar, Ester Noat, Fernando Nouet y Ademar Marabert participaron este mi\u00e9rcoles del primer debate a candidato a intendentes de este 2019. <\/p>\n\n\n\n<p>Los dirigentes de Juntos por el Cambio, Frente de Todos, Consenso Federal y Frente de Izquierda expusieron sus propuestas sobre cuatro ejes tem\u00e1ticos: <strong>Seguridad, Desarrollo Humano, Educaci\u00f3n y Salud, \u00a0habr\u00e1 dos oportunidades de tema libre,<\/strong><em><strong> desarrollo econom\u00eda y generaci\u00f3n de empleos<\/strong><\/em><strong>, obras y servicios p\u00fablicos.<\/strong><\/p>\n\n\n\n<p>Desde el a\u00f1o 2001  para cada elecci\u00f3n,  cada candidato a participado del debate televisivo que se transmite por el canal local, en esta oportunidad conducido por Bety Rodriguez y Gabriel Stringhini con una producci\u00f3n de \u00abSol Televisi\u00f3n\u00bb.<\/p>\n\n\n\n<p>Primeramente cada candidato se presento ante la audiencia y luego comenz\u00f3 el debate con el tema seguridad. Las expectativas fueron muchas, por primera vez en toda esta campa\u00f1a los 4 candidatos se encontraron juntos en un mismo espacio. <\/p>\n\n\n\n<p>El actual Intendente Cecilio Salazar  realizo un repaso de cada obra realizada y de cada logro en su gesti\u00f3n, por cada minuto de los ejes en cuesti\u00f3n, a quien le costo respetar el tiempo permitido, pues necesitaba mas para contar. Resalto el estado de Municipio y del hospital en el que se encontraban y como se trabajo hasta ahora. Tambi\u00e9n aclaro no ser el Jefe de la polic\u00eda, el convenio que se firmo con el Ministro de Seguridad Cristian Ritondo nunca se concreto.  Adem\u00e1s, hizo hincapi\u00e9 en el proyecto portuario de Grobocopatel y la importancia de la central termoel\u00e9ctrica.<\/p>\n\n\n\n<p>Ester Noat, candidata por el Frente de todos, se la noto muy segura en su discurso aprovechando cada minuto del debate, presento propuestas y hablo de la prevenci\u00f3n contra el delito, destaco por ultimo el proyecto para crear la Universidad Nacional de San Pedro y  adelant\u00f3 que Axel Kiciloff llegar\u00e1 a nuestra ciudad el pr\u00f3ximo lunes\u00a0para el cierre de su campa\u00f1a. <\/p>\n\n\n\n<p>Fernando Nouet, candidato por Consenso Federal, resalto la importancia a la actividad rural, pidi\u00f3 a los viveristas que no bajen los brazos en cuanto a los hechos de delincuencia que han venido sufriendo este ultimo tiempo. Tambi\u00e9n plante\u00f3 el programa \u00abun barrio, una plaza\u00bb con un sistema de monitoreo social y de seguridad en espacios p\u00fablicos, impulsar un programa vuelvo a estudiar, es el estado acompa\u00f1ando al sistema educativo cuando hay disercion escolar , y remarco agregar actividades para que \u00abno deje a los j\u00f3venes en manos de los empresarios de la noche\u00bb.<\/p>\n\n\n\n<p>Ademar Maraber, candidato por Frente de Izquierda, hizo hincapi\u00e9 en todo el debate a la falta de trabajo relacionado en cada eje, \u00absi no hay trabajo las familias no tienen como sustentarse, no pueden mantenerse, ni tener un plato de comida en la mesa, los chicos no pueden estudiar con hambre\u00bb,  \u00a0eligi\u00f3 la cuesti\u00f3n de g\u00e9nero en su espacio de tema libre. <\/p>\n\n\n\n<p>Cada candidato cerro el debate con un<strong> mensaje final:<\/strong><\/p>\n\n\n\n<p><strong>Cecilio Salazar<\/strong>: \u00abTengo mi total y absoluto compromiso con todos los sampedrinos, lo hice siempre, cuando no estaba y cuando estuve, nunca se ocurrir\u00eda olvidarme de mi ciudad, puedo dar testimonio que siempre estuve, es la ciudad que quiero, donde est\u00e1n mis hijos y la que me voy a morir\u00bb. \u00abPor ultimo le quiero decir a los sampedrinos que el 27 concurran masivamente a votar, que no se queden en sus casas, que sean protagonistas del San Pedro que queremos, participemos\u00bb.<\/p>\n\n\n\n<p><strong>Ester Noat:<\/strong> \u00abUna elecci\u00f3n nos enfrenta a una inmejorable situaci\u00f3n en entablar un dialogo entre el presente y el futuro, como estamos y que queremos, tambi\u00e9n para pedir, frenar o favorecer  el sufrimiento ajeno, los invito a caminar juntos para el desarrollo de nuestra comunidad\u00bb.\u00bbMe atrevo a solicitar el voto de la boleta completa del Frente de Todos porque todos tenemos el mismo compromiso con la comunidad, Fernandez &#8211; Fernandez, Axel y Ver\u00f3nica , y el gobierno local del Frente. Este lunes los espero a las 12 y 30 a recibir a nuestro futuro gobernador, Axel\u00bb.<\/p>\n\n\n\n<p><strong>Fernando Nouet:<\/strong> \u00abme quedaron algunas ideas por expresar, con respecto a tema de vivienda, queremos fomentar la autoconstruccion de viviendas, porque seguimos esperando que lleguen planes de viviendas a nuestra ciudad y no llegan, desde el 2010 esperamos, ahora podemos asesorar a los vecinos t\u00e9cnicamente y ayudarlos para que puedan proyectar ellos mismos la construcci\u00f3n del modo cooperativo, tambi\u00e9n presente un proyecto de construcci\u00f3n natural\u00bb. \u00abOtra idea, no dejemos a nuestros j\u00f3venes en manos de empresarios de noche, fomentemos el deporte y la cultura en horarios diurnos, es un compromiso muy importante que tenemos\u00bb.<\/p>\n\n\n\n<p><strong>Ademas Marabert:<\/strong> sampedrinos, todo lo que se dice ac\u00e1 como candidatos puede sonar muy lindo o no, lo importante es que los derechos se consiguen peleando, el gobierno nacional nos esta llevando a una crisis muy importante, tenemos que organizarnos para no perder nuestros puestos de trabajo\u00bb. \u00abLlamo a votar a conciencia, no arreglemos votos, participemos de las elecciones con responsabilidad\u00bb.<\/p>\n","protected":false},"excerpt":{"rendered":"<p>Cecilio Salazar, Ester Noat, Fernando Nouet y Ademar Marabert participaron este mi\u00e9rcoles del primer debate a candidato a intendentes de este 2019. Los dirigentes de Juntos por el Cambio, Frente de Todos, Consenso Federal y Frente de Izquierda expusieron sus propuestas sobre cuatro ejes tem\u00e1ticos: Seguridad, Desarrollo Humano, Educaci\u00f3n y Salud, \u00a0habr\u00e1 dos oportunidades de [&hellip;]<\/p>\n","protected":false},"author":4,"featured_media":62108,"comment_status":"open","ping_status":"closed","sticky":false,"template":"","format":"standard","meta":{"om_disable_all_campaigns":false,"_jetpack_memberships_contains_paid_content":false,"footnotes":""},"categories":[50,2,102],"tags":[],"class_list":["post-62107","post","type-post","status-publish","format-standard","has-post-thumbnail","hentry","category-destacadas","category-locales","category-politica-locales"],"aioseo_notices":[],"gutentor_comment":0,"jetpack_featured_media_url":"https:\/\/eldiariodesanpedro.com.ar\/sitio\/wp-content\/uploads\/2019\/10\/72395257_2473902046213760_4177736150770778112_n.jpg","jetpack_shortlink":"https:\/\/wp.me\/p6RhLt-g9J","jetpack_sharing_enabled":true,"_links":{"self":[{"href":"https:\/\/eldiariodesanpedro.com.ar\/sitio\/wp-json\/wp\/v2\/posts\/62107","targetHints":{"allow":["GET"]}}],"collection":[{"href":"https:\/\/eldiariodesanpedro.com.ar\/sitio\/wp-json\/wp\/v2\/posts"}],"about":[{"href":"https:\/\/eldiariodesanpedro.com.ar\/sitio\/wp-json\/wp\/v2\/types\/post"}],"author":[{"embeddable":true,"href":"https:\/\/eldiariodesanpedro.com.ar\/sitio\/wp-json\/wp\/v2\/users\/4"}],"replies":[{"embeddable":true,"href":"https:\/\/eldiariodesanpedro.com.ar\/sitio\/wp-json\/wp\/v2\/comments?post=62107"}],"version-history":[{"count":3,"href":"https:\/\/eldiariodesanpedro.com.ar\/sitio\/wp-json\/wp\/v2\/posts\/62107\/revisions"}],"predecessor-version":[{"id":62111,"href":"https:\/\/eldiariodesanpedro.com.ar\/sitio\/wp-json\/wp\/v2\/posts\/62107\/revisions\/62111"}],"wp:featuredmedia":[{"embeddable":true,"href":"https:\/\/eldiariodesanpedro.com.ar\/sitio\/wp-json\/wp\/v2\/media\/62108"}],"wp:attachment":[{"href":"https:\/\/eldiariodesanpedro.com.ar\/sitio\/wp-json\/wp\/v2\/media?parent=62107"}],"wp:term":[{"taxonomy":"category","embeddable":true,"href":"https:\/\/eldiariodesanpedro.com.ar\/sitio\/wp-json\/wp\/v2\/categories?post=62107"},{"taxonomy":"post_tag","embeddable":true,"href":"https:\/\/eldiariodesanpedro.com.ar\/sitio\/wp-json\/wp\/v2\/tags?post=62107"}],"curies":[{"name":"wp","href":"https:\/\/api.w.org\/{rel}","templated":true}]}}