{"id":62104,"date":"2019-10-17T09:16:26","date_gmt":"2019-10-17T12:16:26","guid":{"rendered":"https:\/\/eldiariodesanpedro.com.ar\/sitio\/?p=62104"},"modified":"2019-10-17T09:16:30","modified_gmt":"2019-10-17T12:16:30","slug":"tres-accidentes-en-una-hora","status":"publish","type":"post","link":"https:\/\/eldiariodesanpedro.com.ar\/sitio\/tres-accidentes-en-una-hora\/","title":{"rendered":"Tres accidentes en una hora"},"content":{"rendered":"<!-- VideographyWP Plugin Message: Automatic video embedding prevented by plugin options. -->\n\n<p>D\u00eda peligroso para el transito en nuestra ciudad, producto de las fuertes lluvias las calles se encuentran peligrosas para transitar. Tres accidentes se produjeron en una hora.<\/p>\n\n\n\n<p>Hace instantes dos vehiculos colisionaron en intersecci\u00f3n de calle Las Heras y Litoral, uno de los autom\u00f3viles de marca volkswagen impacto violentamente en el lateral del otro.<\/p>\n\n\n\n<p>Como consecuencia una joven fue trasladada por la ambulancia del SAME para su asistencia en el nosocomio local, con lesiones leves.<\/p>\n\n\n\n<figure class=\"wp-block-image\"><img decoding=\"async\" width=\"866\" height=\"1024\" data-attachment-id=\"62105\" data-permalink=\"https:\/\/eldiariodesanpedro.com.ar\/sitio\/img-20191017-wa0002\/\" data-orig-file=\"https:\/\/eldiariodesanpedro.com.ar\/sitio\/wp-content\/uploads\/2019\/10\/IMG-20191017-WA0002.jpg\" data-orig-size=\"1083,1280\" data-comments-opened=\"1\" data-image-meta=\"{&quot;aperture&quot;:&quot;0&quot;,&quot;credit&quot;:&quot;&quot;,&quot;camera&quot;:&quot;&quot;,&quot;caption&quot;:&quot;&quot;,&quot;created_timestamp&quot;:&quot;0&quot;,&quot;copyright&quot;:&quot;&quot;,&quot;focal_length&quot;:&quot;0&quot;,&quot;iso&quot;:&quot;0&quot;,&quot;shutter_speed&quot;:&quot;0&quot;,&quot;title&quot;:&quot;&quot;,&quot;orientation&quot;:&quot;0&quot;}\" data-image-title=\"IMG-20191017-WA0002\" data-image-description=\"\" data-image-caption=\"\" data-large-file=\"https:\/\/eldiariodesanpedro.com.ar\/sitio\/wp-content\/uploads\/2019\/10\/IMG-20191017-WA0002-866x1024.jpg\" data-src=\"https:\/\/eldiariodesanpedro.com.ar\/sitio\/wp-content\/uploads\/2019\/10\/IMG-20191017-WA0002-866x1024.jpg\" alt=\"\" class=\"wp-image-62105 lazyload\" data-srcset=\"https:\/\/eldiariodesanpedro.com.ar\/sitio\/wp-content\/uploads\/2019\/10\/IMG-20191017-WA0002-866x1024.jpg 866w, https:\/\/eldiariodesanpedro.com.ar\/sitio\/wp-content\/uploads\/2019\/10\/IMG-20191017-WA0002-254x300.jpg 254w, https:\/\/eldiariodesanpedro.com.ar\/sitio\/wp-content\/uploads\/2019\/10\/IMG-20191017-WA0002-768x908.jpg 768w, https:\/\/eldiariodesanpedro.com.ar\/sitio\/wp-content\/uploads\/2019\/10\/IMG-20191017-WA0002.jpg 1083w\" data-sizes=\"(max-width: 866px) 100vw, 866px\" src=\"data:image\/svg+xml;base64,PHN2ZyB3aWR0aD0iMSIgaGVpZ2h0PSIxIiB4bWxucz0iaHR0cDovL3d3dy53My5vcmcvMjAwMC9zdmciPjwvc3ZnPg==\" style=\"--smush-placeholder-width: 866px; --smush-placeholder-aspect-ratio: 866\/1024;\" \/><\/figure>\n\n\n\n<p>Es el tercer accidente que se produce en la ciudad en una hora, por el estado resbaladizo de la calzada,  anterior un utilitario y otro autom\u00f3vil colisionaron en intersecci\u00f3n de las calles  Pellegrini y Ruiz Moreno. Sin heridos de gravedad.  Ademas en inmediaciones de calle Balcarce tambi\u00e9n dos autom\u00f3viles colisionaron.<\/p>\n","protected":false},"excerpt":{"rendered":"<p>D\u00eda peligroso para el transito en nuestra ciudad, producto de las fuertes lluvias las calles se encuentran peligrosas para transitar. Tres accidentes se produjeron en una hora. Hace instantes dos vehiculos colisionaron en intersecci\u00f3n de calle Las Heras y Litoral, uno de los autom\u00f3viles de marca volkswagen impacto violentamente en el lateral del otro. Como [&hellip;]<\/p>\n","protected":false},"author":4,"featured_media":62105,"comment_status":"open","ping_status":"closed","sticky":false,"template":"","format":"standard","meta":{"om_disable_all_campaigns":false,"_jetpack_memberships_contains_paid_content":false,"footnotes":""},"categories":[2,103],"tags":[],"class_list":["post-62104","post","type-post","status-publish","format-standard","has-post-thumbnail","hentry","category-locales","category-policiales-locales"],"aioseo_notices":[],"gutentor_comment":0,"jetpack_featured_media_url":"https:\/\/eldiariodesanpedro.com.ar\/sitio\/wp-content\/uploads\/2019\/10\/IMG-20191017-WA0002.jpg","jetpack_shortlink":"https:\/\/wp.me\/p6RhLt-g9G","jetpack_sharing_enabled":true,"_links":{"self":[{"href":"https:\/\/eldiariodesanpedro.com.ar\/sitio\/wp-json\/wp\/v2\/posts\/62104","targetHints":{"allow":["GET"]}}],"collection":[{"href":"https:\/\/eldiariodesanpedro.com.ar\/sitio\/wp-json\/wp\/v2\/posts"}],"about":[{"href":"https:\/\/eldiariodesanpedro.com.ar\/sitio\/wp-json\/wp\/v2\/types\/post"}],"author":[{"embeddable":true,"href":"https:\/\/eldiariodesanpedro.com.ar\/sitio\/wp-json\/wp\/v2\/users\/4"}],"replies":[{"embeddable":true,"href":"https:\/\/eldiariodesanpedro.com.ar\/sitio\/wp-json\/wp\/v2\/comments?post=62104"}],"version-history":[{"count":1,"href":"https:\/\/eldiariodesanpedro.com.ar\/sitio\/wp-json\/wp\/v2\/posts\/62104\/revisions"}],"predecessor-version":[{"id":62106,"href":"https:\/\/eldiariodesanpedro.com.ar\/sitio\/wp-json\/wp\/v2\/posts\/62104\/revisions\/62106"}],"wp:featuredmedia":[{"embeddable":true,"href":"https:\/\/eldiariodesanpedro.com.ar\/sitio\/wp-json\/wp\/v2\/media\/62105"}],"wp:attachment":[{"href":"https:\/\/eldiariodesanpedro.com.ar\/sitio\/wp-json\/wp\/v2\/media?parent=62104"}],"wp:term":[{"taxonomy":"category","embeddable":true,"href":"https:\/\/eldiariodesanpedro.com.ar\/sitio\/wp-json\/wp\/v2\/categories?post=62104"},{"taxonomy":"post_tag","embeddable":true,"href":"https:\/\/eldiariodesanpedro.com.ar\/sitio\/wp-json\/wp\/v2\/tags?post=62104"}],"curies":[{"name":"wp","href":"https:\/\/api.w.org\/{rel}","templated":true}]}}