{"id":62100,"date":"2019-10-17T08:47:13","date_gmt":"2019-10-17T11:47:13","guid":{"rendered":"https:\/\/eldiariodesanpedro.com.ar\/sitio\/?p=62100"},"modified":"2019-10-17T17:47:54","modified_gmt":"2019-10-17T20:47:54","slug":"rocio-dorado-recibio-la-medicacion-que-tanto-necesitaba","status":"publish","type":"post","link":"https:\/\/eldiariodesanpedro.com.ar\/sitio\/rocio-dorado-recibio-la-medicacion-que-tanto-necesitaba\/","title":{"rendered":"Roc\u00edo Dorado recibi\u00f3 la medicaci\u00f3n que tanto necesitaba"},"content":{"rendered":"<!-- VideographyWP Plugin Message: Automatic video embedding prevented by plugin options. -->\n\n<p>La mujer de 35 a\u00f1os sufre Polineuropat\u00eda Amiloid\u00f3tica y no estaba recibiendo la medicaci\u00f3n necesaria para hacerle frente a la enfermedad. Ahora le fue entregada &nbsp;y estar\u00e1 cubierta hasta el mes de febrero.<\/p>\n\n\n\n<p>Luego de peregrinar por distintas dependencias sin encontrar las respuestas esperadas, Roc\u00edo Dorado recibi\u00f3 la medicaci\u00f3n que necesitaba y sin dudas mejorar\u00e1 su calidad de vida.<\/p>\n\n\n\n<p>La joven de 35 a\u00f1os padece Polineuropat\u00eda Amiloid\u00f3tica, un trastorno degenerativo del sistema nervioso perif\u00e9rico que puede afectar al funcionamiento de \u00f3rganos vitales como el coraz\u00f3n o los ri\u00f1ones.<\/p>\n\n\n\n<p>D\u00edas atr\u00e1s y gracias a la intervenci\u00f3n del ex diputado Germ\u00e1n L\u00f3pez, actual asesor del vicegobernador Daniel Salvador, el tr\u00e1mite se destrab\u00f3 y Roc\u00edo Dorado ya cuenta con los medicamentos.<\/p>\n\n\n\n<p>Semanas atr\u00e1s, la mujer hab\u00eda hablado con la gobernadora Mar\u00eda Eugenia Vidal cuando visit\u00f3 San Pedro y promovi\u00f3 una campa\u00f1a en la peatonal de la ciudad buscando respuestas.<\/p>\n\n\n\n<p>\u201cEl viernes me llamaron y avisaron que estaba la medicaci\u00f3n para retirar\u201d, cont\u00f3 Roc\u00edo Dorado en el aire de FM G\u00e9nesis. \u201cLa verdad que me sorprendi\u00f3 cuando me dijeron que me llamaban desde el banco de drogas\u201d.<\/p>\n\n\n\n<p>\u201cLa medicaci\u00f3n me lleg\u00f3 a trav\u00e9s del Ministerio de Desarrollo Social pero hubo mucha gente que me ayud\u00f3 y que hizo fuerza para que salga la medicaci\u00f3n\u201d, destac\u00f3.<\/p>\n\n\n\n<p>\u201cEn realidad me entregaron cuatro cajas y todav\u00eda falta que sigan entregando. Me alcanza para medicarme hasta mediados de febrero, igualmente me dijeron que solicitara la receta para hacer otro tr\u00e1mite y entreguen otro pedido as\u00ed no se corta el tratamiento\u201d.<\/p>\n\n\n\n<p>\u201cNo puedo cortar la medicaci\u00f3n porque es cuando la enfermedad avanza m\u00e1s r\u00e1pido\u00bb, advirti\u00f3 la mujer.<\/p>\n\n\n\n<p>\u201cLe tengo que agradecer a Germ\u00e1n L\u00f3pez, con quien habl\u00e9 y le coment\u00e9 lo que me estaba pasando. Por intermedio suyo el vicegobernador (Daniel Salvador) pudo autorizar todo para agilizar el tr\u00e1mite y que la entrega se haga m\u00e1s r\u00e1pido\u201d.<\/p>\n\n\n\n<p>Fuente: San Pedro Informa<\/p>\n\n\n\n<figure class=\"wp-block-embed-facebook wp-block-embed is-type-video is-provider-facebook\"><div class=\"wp-block-embed__wrapper\">\n<div class=\"fb-video\" data-allowfullscreen=\"true\" data-href=\"https:\/\/www.facebook.com\/eldiario.desanpedro\/videos\/1523782204428224\/\" style=\"background-color: #fff; display: inline-block;\"><\/div>\n<\/div><\/figure>\n\n\n\n<p><br><\/p>\n","protected":false},"excerpt":{"rendered":"<p>La mujer de 35 a\u00f1os sufre Polineuropat\u00eda Amiloid\u00f3tica y no estaba recibiendo la medicaci\u00f3n necesaria para hacerle frente a la enfermedad. Ahora le fue entregada &nbsp;y estar\u00e1 cubierta hasta el mes de febrero. Luego de peregrinar por distintas dependencias sin encontrar las respuestas esperadas, Roc\u00edo Dorado recibi\u00f3 la medicaci\u00f3n que necesitaba y sin dudas mejorar\u00e1 [&hellip;]<\/p>\n","protected":false},"author":4,"featured_media":62154,"comment_status":"open","ping_status":"closed","sticky":false,"template":"","format":"standard","meta":{"om_disable_all_campaigns":false,"_jetpack_memberships_contains_paid_content":false,"footnotes":""},"categories":[50,101,2],"tags":[],"class_list":["post-62100","post","type-post","status-publish","format-standard","has-post-thumbnail","hentry","category-destacadas","category-interes-general-locales","category-locales"],"aioseo_notices":[],"gutentor_comment":0,"jetpack_featured_media_url":"https:\/\/eldiariodesanpedro.com.ar\/sitio\/wp-content\/uploads\/2019\/10\/2019-10-17.png","jetpack_shortlink":"https:\/\/wp.me\/p6RhLt-g9C","jetpack_sharing_enabled":true,"_links":{"self":[{"href":"https:\/\/eldiariodesanpedro.com.ar\/sitio\/wp-json\/wp\/v2\/posts\/62100","targetHints":{"allow":["GET"]}}],"collection":[{"href":"https:\/\/eldiariodesanpedro.com.ar\/sitio\/wp-json\/wp\/v2\/posts"}],"about":[{"href":"https:\/\/eldiariodesanpedro.com.ar\/sitio\/wp-json\/wp\/v2\/types\/post"}],"author":[{"embeddable":true,"href":"https:\/\/eldiariodesanpedro.com.ar\/sitio\/wp-json\/wp\/v2\/users\/4"}],"replies":[{"embeddable":true,"href":"https:\/\/eldiariodesanpedro.com.ar\/sitio\/wp-json\/wp\/v2\/comments?post=62100"}],"version-history":[{"count":2,"href":"https:\/\/eldiariodesanpedro.com.ar\/sitio\/wp-json\/wp\/v2\/posts\/62100\/revisions"}],"predecessor-version":[{"id":62157,"href":"https:\/\/eldiariodesanpedro.com.ar\/sitio\/wp-json\/wp\/v2\/posts\/62100\/revisions\/62157"}],"wp:featuredmedia":[{"embeddable":true,"href":"https:\/\/eldiariodesanpedro.com.ar\/sitio\/wp-json\/wp\/v2\/media\/62154"}],"wp:attachment":[{"href":"https:\/\/eldiariodesanpedro.com.ar\/sitio\/wp-json\/wp\/v2\/media?parent=62100"}],"wp:term":[{"taxonomy":"category","embeddable":true,"href":"https:\/\/eldiariodesanpedro.com.ar\/sitio\/wp-json\/wp\/v2\/categories?post=62100"},{"taxonomy":"post_tag","embeddable":true,"href":"https:\/\/eldiariodesanpedro.com.ar\/sitio\/wp-json\/wp\/v2\/tags?post=62100"}],"curies":[{"name":"wp","href":"https:\/\/api.w.org\/{rel}","templated":true}]}}