{"id":62080,"date":"2019-10-16T17:51:37","date_gmt":"2019-10-16T20:51:37","guid":{"rendered":"https:\/\/eldiariodesanpedro.com.ar\/sitio\/?p=62080"},"modified":"2019-10-16T18:49:14","modified_gmt":"2019-10-16T21:49:14","slug":"vecinos-del-barrio-2-de-abril-asustados-por-menores-a-los-tiros","status":"publish","type":"post","link":"https:\/\/eldiariodesanpedro.com.ar\/sitio\/vecinos-del-barrio-2-de-abril-asustados-por-menores-a-los-tiros\/","title":{"rendered":"Vecinos del barrio 2 de Abril asustados por menores a los tiros"},"content":{"rendered":"<!-- VideographyWP Plugin Message: Automatic video embedding prevented by plugin options. -->\n\n<p>Las redes sociales se hicieron eco de varios hechos de violencia y delictivos pasados estas \u00faltimas semanas, se trata de vecinos del barrio 2 de abril quienes denuncian p\u00fablicamente a dos menores, con frondosos antecedentes, \u00abno nos dejan en paz, tenemos miedo, no podemos vivir as\u00ed\u00bb. La polic\u00eda realiz\u00f3 tres allanamientos este mi\u00e9rcoles, pero los resultaron fueron negativos.<\/p>\n\n\n\n<p>Este martes la red social facebook fue el descargo de varios ciudadanos que viven un infierno en el barrio, una de las publicaciones hace menci\u00f3n de un tiroteo entre los menores frente a un merendero donde los ni\u00f1os se encontraban all\u00ed, \u00abque puede hacer la policia si son menores, es un viva la pepa\u00bb, expresaban.<\/p>\n\n\n\n<p>Uno de los descargos  detalla la situaci\u00f3n mencionada, \u00abesto es una&nbsp;verdadera verg\u00fcenza,&nbsp;ya como mil denuncias y nadie hace nada por que son menores,  as\u00ed que nosotros la tenemos que pagar por buenos esto es muy lamentable para mis vecinos y los ni\u00f1os que concurren al Comedor\u00bb<\/p>\n\n\n\n<p>\u00bb En pleno d\u00eda era una lluvia de tiros como si nada,  llamamos a la polic\u00eda , pero ni los peritos vinieron por las balas\u00bb<\/p>\n\n\n\n<ul class=\"wp-block-gallery columns-3 is-cropped wp-block-gallery-1 is-layout-flex wp-block-gallery-is-layout-flex\"><li class=\"blocks-gallery-item\"><figure><img decoding=\"async\" width=\"960\" height=\"720\" data-attachment-id=\"62083\" data-permalink=\"https:\/\/eldiariodesanpedro.com.ar\/sitio\/vecinos-del-barrio-2-de-abril-asustados-por-menores-a-los-tiros\/72457410_2527938704102477_781921319045300224_n\/\" data-orig-file=\"https:\/\/eldiariodesanpedro.com.ar\/sitio\/wp-content\/uploads\/2019\/10\/72457410_2527938704102477_781921319045300224_n.jpg\" data-orig-size=\"960,720\" data-comments-opened=\"1\" data-image-meta=\"{&quot;aperture&quot;:&quot;0&quot;,&quot;credit&quot;:&quot;&quot;,&quot;camera&quot;:&quot;&quot;,&quot;caption&quot;:&quot;&quot;,&quot;created_timestamp&quot;:&quot;0&quot;,&quot;copyright&quot;:&quot;&quot;,&quot;focal_length&quot;:&quot;0&quot;,&quot;iso&quot;:&quot;0&quot;,&quot;shutter_speed&quot;:&quot;0&quot;,&quot;title&quot;:&quot;&quot;,&quot;orientation&quot;:&quot;0&quot;}\" data-image-title=\"72457410_2527938704102477_781921319045300224_n\" data-image-description=\"\" data-image-caption=\"\" data-large-file=\"https:\/\/eldiariodesanpedro.com.ar\/sitio\/wp-content\/uploads\/2019\/10\/72457410_2527938704102477_781921319045300224_n.jpg\" data-src=\"https:\/\/eldiariodesanpedro.com.ar\/sitio\/wp-content\/uploads\/2019\/10\/72457410_2527938704102477_781921319045300224_n.jpg\" alt=\"\" data-id=\"62083\" data-link=\"https:\/\/eldiariodesanpedro.com.ar\/sitio\/?attachment_id=62083\" class=\"wp-image-62083 lazyload\" data-srcset=\"https:\/\/eldiariodesanpedro.com.ar\/sitio\/wp-content\/uploads\/2019\/10\/72457410_2527938704102477_781921319045300224_n.jpg 960w, https:\/\/eldiariodesanpedro.com.ar\/sitio\/wp-content\/uploads\/2019\/10\/72457410_2527938704102477_781921319045300224_n-300x225.jpg 300w, https:\/\/eldiariodesanpedro.com.ar\/sitio\/wp-content\/uploads\/2019\/10\/72457410_2527938704102477_781921319045300224_n-768x576.jpg 768w\" data-sizes=\"(max-width: 960px) 100vw, 960px\" src=\"data:image\/svg+xml;base64,PHN2ZyB3aWR0aD0iMSIgaGVpZ2h0PSIxIiB4bWxucz0iaHR0cDovL3d3dy53My5vcmcvMjAwMC9zdmciPjwvc3ZnPg==\" style=\"--smush-placeholder-width: 960px; --smush-placeholder-aspect-ratio: 960\/720;\" \/><\/figure><\/li><li class=\"blocks-gallery-item\"><figure><img decoding=\"async\" width=\"720\" height=\"960\" data-attachment-id=\"62084\" data-permalink=\"https:\/\/eldiariodesanpedro.com.ar\/sitio\/vecinos-del-barrio-2-de-abril-asustados-por-menores-a-los-tiros\/72535071_2527938764102471_6447151936029327360_n\/\" data-orig-file=\"https:\/\/eldiariodesanpedro.com.ar\/sitio\/wp-content\/uploads\/2019\/10\/72535071_2527938764102471_6447151936029327360_n.jpg\" data-orig-size=\"720,960\" data-comments-opened=\"1\" data-image-meta=\"{&quot;aperture&quot;:&quot;0&quot;,&quot;credit&quot;:&quot;&quot;,&quot;camera&quot;:&quot;&quot;,&quot;caption&quot;:&quot;&quot;,&quot;created_timestamp&quot;:&quot;0&quot;,&quot;copyright&quot;:&quot;&quot;,&quot;focal_length&quot;:&quot;0&quot;,&quot;iso&quot;:&quot;0&quot;,&quot;shutter_speed&quot;:&quot;0&quot;,&quot;title&quot;:&quot;&quot;,&quot;orientation&quot;:&quot;0&quot;}\" data-image-title=\"72535071_2527938764102471_6447151936029327360_n\" data-image-description=\"\" data-image-caption=\"\" data-large-file=\"https:\/\/eldiariodesanpedro.com.ar\/sitio\/wp-content\/uploads\/2019\/10\/72535071_2527938764102471_6447151936029327360_n.jpg\" data-src=\"https:\/\/eldiariodesanpedro.com.ar\/sitio\/wp-content\/uploads\/2019\/10\/72535071_2527938764102471_6447151936029327360_n.jpg\" alt=\"\" data-id=\"62084\" data-link=\"https:\/\/eldiariodesanpedro.com.ar\/sitio\/?attachment_id=62084\" class=\"wp-image-62084 lazyload\" data-srcset=\"https:\/\/eldiariodesanpedro.com.ar\/sitio\/wp-content\/uploads\/2019\/10\/72535071_2527938764102471_6447151936029327360_n.jpg 720w, https:\/\/eldiariodesanpedro.com.ar\/sitio\/wp-content\/uploads\/2019\/10\/72535071_2527938764102471_6447151936029327360_n-225x300.jpg 225w\" data-sizes=\"(max-width: 720px) 100vw, 720px\" src=\"data:image\/svg+xml;base64,PHN2ZyB3aWR0aD0iMSIgaGVpZ2h0PSIxIiB4bWxucz0iaHR0cDovL3d3dy53My5vcmcvMjAwMC9zdmciPjwvc3ZnPg==\" style=\"--smush-placeholder-width: 720px; --smush-placeholder-aspect-ratio: 720\/960;\" \/><\/figure><\/li><li class=\"blocks-gallery-item\"><figure><img decoding=\"async\" width=\"720\" height=\"960\" data-attachment-id=\"62085\" data-permalink=\"https:\/\/eldiariodesanpedro.com.ar\/sitio\/vecinos-del-barrio-2-de-abril-asustados-por-menores-a-los-tiros\/72752151_2527938770769137_4551692781365493760_n\/\" data-orig-file=\"https:\/\/eldiariodesanpedro.com.ar\/sitio\/wp-content\/uploads\/2019\/10\/72752151_2527938770769137_4551692781365493760_n.jpg\" data-orig-size=\"720,960\" data-comments-opened=\"1\" data-image-meta=\"{&quot;aperture&quot;:&quot;0&quot;,&quot;credit&quot;:&quot;&quot;,&quot;camera&quot;:&quot;&quot;,&quot;caption&quot;:&quot;&quot;,&quot;created_timestamp&quot;:&quot;0&quot;,&quot;copyright&quot;:&quot;&quot;,&quot;focal_length&quot;:&quot;0&quot;,&quot;iso&quot;:&quot;0&quot;,&quot;shutter_speed&quot;:&quot;0&quot;,&quot;title&quot;:&quot;&quot;,&quot;orientation&quot;:&quot;0&quot;}\" data-image-title=\"72752151_2527938770769137_4551692781365493760_n\" data-image-description=\"\" data-image-caption=\"\" data-large-file=\"https:\/\/eldiariodesanpedro.com.ar\/sitio\/wp-content\/uploads\/2019\/10\/72752151_2527938770769137_4551692781365493760_n.jpg\" data-src=\"https:\/\/eldiariodesanpedro.com.ar\/sitio\/wp-content\/uploads\/2019\/10\/72752151_2527938770769137_4551692781365493760_n.jpg\" alt=\"\" data-id=\"62085\" data-link=\"https:\/\/eldiariodesanpedro.com.ar\/sitio\/?attachment_id=62085\" class=\"wp-image-62085 lazyload\" data-srcset=\"https:\/\/eldiariodesanpedro.com.ar\/sitio\/wp-content\/uploads\/2019\/10\/72752151_2527938770769137_4551692781365493760_n.jpg 720w, https:\/\/eldiariodesanpedro.com.ar\/sitio\/wp-content\/uploads\/2019\/10\/72752151_2527938770769137_4551692781365493760_n-225x300.jpg 225w\" data-sizes=\"(max-width: 720px) 100vw, 720px\" src=\"data:image\/svg+xml;base64,PHN2ZyB3aWR0aD0iMSIgaGVpZ2h0PSIxIiB4bWxucz0iaHR0cDovL3d3dy53My5vcmcvMjAwMC9zdmciPjwvc3ZnPg==\" style=\"--smush-placeholder-width: 720px; --smush-placeholder-aspect-ratio: 720\/960;\" \/><\/figure><\/li><li class=\"blocks-gallery-item\"><figure><img decoding=\"async\" width=\"720\" height=\"960\" data-attachment-id=\"62086\" data-permalink=\"https:\/\/eldiariodesanpedro.com.ar\/sitio\/vecinos-del-barrio-2-de-abril-asustados-por-menores-a-los-tiros\/72875548_2527938767435804_5957215198279368704_n\/\" data-orig-file=\"https:\/\/eldiariodesanpedro.com.ar\/sitio\/wp-content\/uploads\/2019\/10\/72875548_2527938767435804_5957215198279368704_n.jpg\" data-orig-size=\"720,960\" data-comments-opened=\"1\" data-image-meta=\"{&quot;aperture&quot;:&quot;0&quot;,&quot;credit&quot;:&quot;&quot;,&quot;camera&quot;:&quot;&quot;,&quot;caption&quot;:&quot;&quot;,&quot;created_timestamp&quot;:&quot;0&quot;,&quot;copyright&quot;:&quot;&quot;,&quot;focal_length&quot;:&quot;0&quot;,&quot;iso&quot;:&quot;0&quot;,&quot;shutter_speed&quot;:&quot;0&quot;,&quot;title&quot;:&quot;&quot;,&quot;orientation&quot;:&quot;0&quot;}\" data-image-title=\"72875548_2527938767435804_5957215198279368704_n\" data-image-description=\"\" data-image-caption=\"\" data-large-file=\"https:\/\/eldiariodesanpedro.com.ar\/sitio\/wp-content\/uploads\/2019\/10\/72875548_2527938767435804_5957215198279368704_n.jpg\" data-src=\"https:\/\/eldiariodesanpedro.com.ar\/sitio\/wp-content\/uploads\/2019\/10\/72875548_2527938767435804_5957215198279368704_n.jpg\" alt=\"\" data-id=\"62086\" data-link=\"https:\/\/eldiariodesanpedro.com.ar\/sitio\/?attachment_id=62086\" class=\"wp-image-62086 lazyload\" data-srcset=\"https:\/\/eldiariodesanpedro.com.ar\/sitio\/wp-content\/uploads\/2019\/10\/72875548_2527938767435804_5957215198279368704_n.jpg 720w, https:\/\/eldiariodesanpedro.com.ar\/sitio\/wp-content\/uploads\/2019\/10\/72875548_2527938767435804_5957215198279368704_n-225x300.jpg 225w\" data-sizes=\"(max-width: 720px) 100vw, 720px\" src=\"data:image\/svg+xml;base64,PHN2ZyB3aWR0aD0iMSIgaGVpZ2h0PSIxIiB4bWxucz0iaHR0cDovL3d3dy53My5vcmcvMjAwMC9zdmciPjwvc3ZnPg==\" style=\"--smush-placeholder-width: 720px; --smush-placeholder-aspect-ratio: 720\/960;\" \/><\/figure><\/li><li class=\"blocks-gallery-item\"><figure><img decoding=\"async\" width=\"720\" height=\"960\" data-attachment-id=\"62087\" data-permalink=\"https:\/\/eldiariodesanpedro.com.ar\/sitio\/vecinos-del-barrio-2-de-abril-asustados-por-menores-a-los-tiros\/72986505_2527938714102476_1461912030385537024_n\/\" data-orig-file=\"https:\/\/eldiariodesanpedro.com.ar\/sitio\/wp-content\/uploads\/2019\/10\/72986505_2527938714102476_1461912030385537024_n.jpg\" data-orig-size=\"720,960\" data-comments-opened=\"1\" data-image-meta=\"{&quot;aperture&quot;:&quot;0&quot;,&quot;credit&quot;:&quot;&quot;,&quot;camera&quot;:&quot;&quot;,&quot;caption&quot;:&quot;&quot;,&quot;created_timestamp&quot;:&quot;0&quot;,&quot;copyright&quot;:&quot;&quot;,&quot;focal_length&quot;:&quot;0&quot;,&quot;iso&quot;:&quot;0&quot;,&quot;shutter_speed&quot;:&quot;0&quot;,&quot;title&quot;:&quot;&quot;,&quot;orientation&quot;:&quot;0&quot;}\" data-image-title=\"72986505_2527938714102476_1461912030385537024_n\" data-image-description=\"\" data-image-caption=\"\" data-large-file=\"https:\/\/eldiariodesanpedro.com.ar\/sitio\/wp-content\/uploads\/2019\/10\/72986505_2527938714102476_1461912030385537024_n.jpg\" data-src=\"https:\/\/eldiariodesanpedro.com.ar\/sitio\/wp-content\/uploads\/2019\/10\/72986505_2527938714102476_1461912030385537024_n.jpg\" alt=\"\" data-id=\"62087\" data-link=\"https:\/\/eldiariodesanpedro.com.ar\/sitio\/?attachment_id=62087\" class=\"wp-image-62087 lazyload\" data-srcset=\"https:\/\/eldiariodesanpedro.com.ar\/sitio\/wp-content\/uploads\/2019\/10\/72986505_2527938714102476_1461912030385537024_n.jpg 720w, https:\/\/eldiariodesanpedro.com.ar\/sitio\/wp-content\/uploads\/2019\/10\/72986505_2527938714102476_1461912030385537024_n-225x300.jpg 225w\" data-sizes=\"(max-width: 720px) 100vw, 720px\" src=\"data:image\/svg+xml;base64,PHN2ZyB3aWR0aD0iMSIgaGVpZ2h0PSIxIiB4bWxucz0iaHR0cDovL3d3dy53My5vcmcvMjAwMC9zdmciPjwvc3ZnPg==\" style=\"--smush-placeholder-width: 720px; --smush-placeholder-aspect-ratio: 720\/960;\" \/><\/figure><\/li><\/ul>\n\n\n\n<p>\u00abQue est\u00e1n esperando que nosotros actuemos con manos propias y despues tenes que pagarla por buenos , no no es as\u00ed matarse y dejar la vida por estos malvivientes , te roban te llevan lo que uno tiene con sacrificios y ellos entran y salen como si fuera su casa,  donde est\u00e1 el fiscal, que ponga mano dura por que esto se esta poniendo de mal en peor,  ya nose puede m\u00e1s la situaci\u00f3n, tener que entrar corriendo de tu casa al comedor es una verg\u00fcenza\u00bb. <\/p>\n\n\n\n<p>La vecina confiesa que esta situaci\u00f3n viene pasando hace mucho tiempo, que uno de los delincuentes menores, es un reconocido joven que tiene frondosos antecedentes y que ya a estado en varios Institutos de Correcci\u00f3n de menores, hace muy poquito volvi\u00f3 a quedar en libertad.<\/p>\n\n\n\n<p>Ademas, la mujer responsable del comedor tambi\u00e9n nos cuenta que ha sufrido varios robos como los vecinos, el \u00faltimo fue el 29 de septiembre donde violentan la puerta de entrada y le sustraen un televisor de 43&#8243; y uno de  32&#8243;, un parlante, una play 2 negra, una computadora port\u00e1til,  8 cuchillos de adornos, cajas de alfajores y masitas. Solo pudo recuperar el televisor de 43&#8243; todo roto.<\/p>\n\n\n\n<ul class=\"wp-block-gallery columns-2 is-cropped wp-block-gallery-2 is-layout-flex wp-block-gallery-is-layout-flex\"><li class=\"blocks-gallery-item\"><figure><img decoding=\"async\" width=\"720\" height=\"960\" data-attachment-id=\"62081\" data-permalink=\"https:\/\/eldiariodesanpedro.com.ar\/sitio\/vecinos-del-barrio-2-de-abril-asustados-por-menores-a-los-tiros\/71180137_2513277722235242_2238435374403682304_n\/\" data-orig-file=\"https:\/\/eldiariodesanpedro.com.ar\/sitio\/wp-content\/uploads\/2019\/10\/71180137_2513277722235242_2238435374403682304_n.jpg\" data-orig-size=\"720,960\" data-comments-opened=\"1\" data-image-meta=\"{&quot;aperture&quot;:&quot;0&quot;,&quot;credit&quot;:&quot;&quot;,&quot;camera&quot;:&quot;&quot;,&quot;caption&quot;:&quot;&quot;,&quot;created_timestamp&quot;:&quot;0&quot;,&quot;copyright&quot;:&quot;&quot;,&quot;focal_length&quot;:&quot;0&quot;,&quot;iso&quot;:&quot;0&quot;,&quot;shutter_speed&quot;:&quot;0&quot;,&quot;title&quot;:&quot;&quot;,&quot;orientation&quot;:&quot;0&quot;}\" data-image-title=\"71180137_2513277722235242_2238435374403682304_n\" data-image-description=\"\" data-image-caption=\"\" data-large-file=\"https:\/\/eldiariodesanpedro.com.ar\/sitio\/wp-content\/uploads\/2019\/10\/71180137_2513277722235242_2238435374403682304_n.jpg\" data-src=\"https:\/\/eldiariodesanpedro.com.ar\/sitio\/wp-content\/uploads\/2019\/10\/71180137_2513277722235242_2238435374403682304_n.jpg\" alt=\"\" data-id=\"62081\" data-link=\"https:\/\/eldiariodesanpedro.com.ar\/sitio\/?attachment_id=62081\" class=\"wp-image-62081 lazyload\" data-srcset=\"https:\/\/eldiariodesanpedro.com.ar\/sitio\/wp-content\/uploads\/2019\/10\/71180137_2513277722235242_2238435374403682304_n.jpg 720w, https:\/\/eldiariodesanpedro.com.ar\/sitio\/wp-content\/uploads\/2019\/10\/71180137_2513277722235242_2238435374403682304_n-225x300.jpg 225w\" data-sizes=\"(max-width: 720px) 100vw, 720px\" src=\"data:image\/svg+xml;base64,PHN2ZyB3aWR0aD0iMSIgaGVpZ2h0PSIxIiB4bWxucz0iaHR0cDovL3d3dy53My5vcmcvMjAwMC9zdmciPjwvc3ZnPg==\" style=\"--smush-placeholder-width: 720px; --smush-placeholder-aspect-ratio: 720\/960;\" \/><\/figure><\/li><li class=\"blocks-gallery-item\"><figure><img decoding=\"async\" width=\"720\" height=\"960\" data-attachment-id=\"62082\" data-permalink=\"https:\/\/eldiariodesanpedro.com.ar\/sitio\/vecinos-del-barrio-2-de-abril-asustados-por-menores-a-los-tiros\/71898027_2513277725568575_4329785530716782592_n\/\" data-orig-file=\"https:\/\/eldiariodesanpedro.com.ar\/sitio\/wp-content\/uploads\/2019\/10\/71898027_2513277725568575_4329785530716782592_n.jpg\" data-orig-size=\"720,960\" data-comments-opened=\"1\" data-image-meta=\"{&quot;aperture&quot;:&quot;0&quot;,&quot;credit&quot;:&quot;&quot;,&quot;camera&quot;:&quot;&quot;,&quot;caption&quot;:&quot;&quot;,&quot;created_timestamp&quot;:&quot;0&quot;,&quot;copyright&quot;:&quot;&quot;,&quot;focal_length&quot;:&quot;0&quot;,&quot;iso&quot;:&quot;0&quot;,&quot;shutter_speed&quot;:&quot;0&quot;,&quot;title&quot;:&quot;&quot;,&quot;orientation&quot;:&quot;0&quot;}\" data-image-title=\"71898027_2513277725568575_4329785530716782592_n\" data-image-description=\"\" data-image-caption=\"\" data-large-file=\"https:\/\/eldiariodesanpedro.com.ar\/sitio\/wp-content\/uploads\/2019\/10\/71898027_2513277725568575_4329785530716782592_n.jpg\" data-src=\"https:\/\/eldiariodesanpedro.com.ar\/sitio\/wp-content\/uploads\/2019\/10\/71898027_2513277725568575_4329785530716782592_n.jpg\" alt=\"\" data-id=\"62082\" data-link=\"https:\/\/eldiariodesanpedro.com.ar\/sitio\/?attachment_id=62082\" class=\"wp-image-62082 lazyload\" data-srcset=\"https:\/\/eldiariodesanpedro.com.ar\/sitio\/wp-content\/uploads\/2019\/10\/71898027_2513277725568575_4329785530716782592_n.jpg 720w, https:\/\/eldiariodesanpedro.com.ar\/sitio\/wp-content\/uploads\/2019\/10\/71898027_2513277725568575_4329785530716782592_n-225x300.jpg 225w\" data-sizes=\"(max-width: 720px) 100vw, 720px\" src=\"data:image\/svg+xml;base64,PHN2ZyB3aWR0aD0iMSIgaGVpZ2h0PSIxIiB4bWxucz0iaHR0cDovL3d3dy53My5vcmcvMjAwMC9zdmciPjwvc3ZnPg==\" style=\"--smush-placeholder-width: 720px; --smush-placeholder-aspect-ratio: 720\/960;\" \/><\/figure><\/li><\/ul>\n\n\n\n<p>\u00abPor favor pedimos al se\u00f1or Intendente, a el fiscal y al Juez de Garant\u00edas que nos ayude, que se ponga en la piel de nosotros, que nos ayuden a vivir en paz, tenemos miedo, estos chicos son muy peligrosos, deber\u00edan estar encerrados\u00bb, culmino.<\/p>\n\n\n\n<p>Por otro lado, el personal de comisaria inform\u00f3 que se realizaron tres allanamientos durante este mi\u00e9rcoles,  tras averiguaciones practicadas en hechos de robo, personal del gabinete criminol\u00f3gico de comisar\u00eda, diligencio la orden dispuesta por la UFI del Joven, en tres viviendas.<\/p>\n\n\n\n<p>Los resultados fueron negativos con respecto a secuestros pero los imputados fueron reconocidos.<\/p>\n\n\n\n<p>\u00abLos problemas y hechos mas frecuentes lo estamos sufriendo con menores, lamentablemente tienen que actuar desde fiscalia\u00bb, expresaron.<\/p>\n\n\n\n<figure class=\"wp-block-image\"><img decoding=\"async\" width=\"774\" height=\"1032\" data-attachment-id=\"62096\" data-permalink=\"https:\/\/eldiariodesanpedro.com.ar\/sitio\/vecinos-del-barrio-2-de-abril-asustados-por-menores-a-los-tiros\/whatsapp-image-2019-10-16-at-6-45-57-pm-1\/\" data-orig-file=\"https:\/\/eldiariodesanpedro.com.ar\/sitio\/wp-content\/uploads\/2019\/10\/WhatsApp-Image-2019-10-16-at-6.45.57-PM-1.jpeg\" data-orig-size=\"774,1032\" data-comments-opened=\"1\" data-image-meta=\"{&quot;aperture&quot;:&quot;0&quot;,&quot;credit&quot;:&quot;&quot;,&quot;camera&quot;:&quot;&quot;,&quot;caption&quot;:&quot;&quot;,&quot;created_timestamp&quot;:&quot;0&quot;,&quot;copyright&quot;:&quot;&quot;,&quot;focal_length&quot;:&quot;0&quot;,&quot;iso&quot;:&quot;0&quot;,&quot;shutter_speed&quot;:&quot;0&quot;,&quot;title&quot;:&quot;&quot;,&quot;orientation&quot;:&quot;0&quot;}\" data-image-title=\"WhatsApp-Image-2019-10-16-at-6.45.57-PM-1\" data-image-description=\"\" data-image-caption=\"\" data-large-file=\"https:\/\/eldiariodesanpedro.com.ar\/sitio\/wp-content\/uploads\/2019\/10\/WhatsApp-Image-2019-10-16-at-6.45.57-PM-1-768x1024.jpeg\" data-src=\"https:\/\/i2.wp.com\/eldiariodesanpedro.com.ar\/sitio\/wp-content\/uploads\/2019\/10\/WhatsApp-Image-2019-10-16-at-6.45.57-PM-1.jpeg?fit=660%2C880\" alt=\"\" class=\"wp-image-62096 lazyload\" data-srcset=\"https:\/\/eldiariodesanpedro.com.ar\/sitio\/wp-content\/uploads\/2019\/10\/WhatsApp-Image-2019-10-16-at-6.45.57-PM-1.jpeg 774w, https:\/\/eldiariodesanpedro.com.ar\/sitio\/wp-content\/uploads\/2019\/10\/WhatsApp-Image-2019-10-16-at-6.45.57-PM-1-225x300.jpeg 225w, https:\/\/eldiariodesanpedro.com.ar\/sitio\/wp-content\/uploads\/2019\/10\/WhatsApp-Image-2019-10-16-at-6.45.57-PM-1-768x1024.jpeg 768w\" data-sizes=\"(max-width: 774px) 100vw, 774px\" src=\"data:image\/svg+xml;base64,PHN2ZyB3aWR0aD0iMSIgaGVpZ2h0PSIxIiB4bWxucz0iaHR0cDovL3d3dy53My5vcmcvMjAwMC9zdmciPjwvc3ZnPg==\" style=\"--smush-placeholder-width: 774px; --smush-placeholder-aspect-ratio: 774\/1032;\" \/><\/figure>\n","protected":false},"excerpt":{"rendered":"<p>Las redes sociales se hicieron eco de varios hechos de violencia y delictivos pasados estas \u00faltimas semanas, se trata de vecinos del barrio 2 de abril quienes denuncian p\u00fablicamente a dos menores, con frondosos antecedentes, \u00abno nos dejan en paz, tenemos miedo, no podemos vivir as\u00ed\u00bb. La polic\u00eda realiz\u00f3 tres allanamientos este mi\u00e9rcoles, pero los [&hellip;]<\/p>\n","protected":false},"author":4,"featured_media":62086,"comment_status":"open","ping_status":"closed","sticky":false,"template":"","format":"standard","meta":{"om_disable_all_campaigns":false,"_jetpack_memberships_contains_paid_content":false,"footnotes":""},"categories":[50,2,103],"tags":[],"class_list":["post-62080","post","type-post","status-publish","format-standard","has-post-thumbnail","hentry","category-destacadas","category-locales","category-policiales-locales"],"aioseo_notices":[],"gutentor_comment":0,"jetpack_featured_media_url":"https:\/\/eldiariodesanpedro.com.ar\/sitio\/wp-content\/uploads\/2019\/10\/72875548_2527938767435804_5957215198279368704_n.jpg","jetpack_shortlink":"https:\/\/wp.me\/p6RhLt-g9i","jetpack_sharing_enabled":true,"_links":{"self":[{"href":"https:\/\/eldiariodesanpedro.com.ar\/sitio\/wp-json\/wp\/v2\/posts\/62080","targetHints":{"allow":["GET"]}}],"collection":[{"href":"https:\/\/eldiariodesanpedro.com.ar\/sitio\/wp-json\/wp\/v2\/posts"}],"about":[{"href":"https:\/\/eldiariodesanpedro.com.ar\/sitio\/wp-json\/wp\/v2\/types\/post"}],"author":[{"embeddable":true,"href":"https:\/\/eldiariodesanpedro.com.ar\/sitio\/wp-json\/wp\/v2\/users\/4"}],"replies":[{"embeddable":true,"href":"https:\/\/eldiariodesanpedro.com.ar\/sitio\/wp-json\/wp\/v2\/comments?post=62080"}],"version-history":[{"count":5,"href":"https:\/\/eldiariodesanpedro.com.ar\/sitio\/wp-json\/wp\/v2\/posts\/62080\/revisions"}],"predecessor-version":[{"id":62097,"href":"https:\/\/eldiariodesanpedro.com.ar\/sitio\/wp-json\/wp\/v2\/posts\/62080\/revisions\/62097"}],"wp:featuredmedia":[{"embeddable":true,"href":"https:\/\/eldiariodesanpedro.com.ar\/sitio\/wp-json\/wp\/v2\/media\/62086"}],"wp:attachment":[{"href":"https:\/\/eldiariodesanpedro.com.ar\/sitio\/wp-json\/wp\/v2\/media?parent=62080"}],"wp:term":[{"taxonomy":"category","embeddable":true,"href":"https:\/\/eldiariodesanpedro.com.ar\/sitio\/wp-json\/wp\/v2\/categories?post=62080"},{"taxonomy":"post_tag","embeddable":true,"href":"https:\/\/eldiariodesanpedro.com.ar\/sitio\/wp-json\/wp\/v2\/tags?post=62080"}],"curies":[{"name":"wp","href":"https:\/\/api.w.org\/{rel}","templated":true}]}}