{"id":62075,"date":"2019-10-16T17:14:29","date_gmt":"2019-10-16T20:14:29","guid":{"rendered":"https:\/\/eldiariodesanpedro.com.ar\/sitio\/?p=62075"},"modified":"2019-10-16T17:14:33","modified_gmt":"2019-10-16T20:14:33","slug":"baradero-rompen-la-vidriera-y-roban-en-un-local-centrico","status":"publish","type":"post","link":"https:\/\/eldiariodesanpedro.com.ar\/sitio\/baradero-rompen-la-vidriera-y-roban-en-un-local-centrico\/","title":{"rendered":"BARADERO | Rompen la vidriera y roban en un local c\u00e9ntrico"},"content":{"rendered":"<!-- VideographyWP Plugin Message: Automatic video embedding prevented by plugin options. -->\n\n<p>En la madrugada de este mi\u00e9rcoles rompieron el blindex del local del rubro venta de indumentaria \u00abReina Batata\u00bb de Anchorena al 1314.<\/p>\n\n\n\n<p>El accionar de los delincuentes qued\u00f3 grabado en las c\u00e1mara de seguridad y muestran un VW Vento color gris que se estaciona frente al comercio a las 02:00 Hs. y hace estallar el blindex para luego ingresar y llevarse una importante cantidad de prendas m\u00e1s la recaudaci\u00f3n de la caja.<\/p>\n\n\n\n<p>Adem\u00e1s de la asistencia de las c\u00e1maras, donde queda registrado el tiempo que dur\u00f3 el accionar, no pasaron m\u00e1s de dos minutos, hay testigos presenciales del hecho que se est\u00e1 investigando.<\/p>\n\n\n\n<p>Fuente: Baradero Te Informa<\/p>\n","protected":false},"excerpt":{"rendered":"<p>En la madrugada de este mi\u00e9rcoles rompieron el blindex del local del rubro venta de indumentaria \u00abReina Batata\u00bb de Anchorena al 1314. El accionar de los delincuentes qued\u00f3 grabado en las c\u00e1mara de seguridad y muestran un VW Vento color gris que se estaciona frente al comercio a las 02:00 Hs. y hace estallar el [&hellip;]<\/p>\n","protected":false},"author":4,"featured_media":0,"comment_status":"open","ping_status":"closed","sticky":false,"template":"","format":"standard","meta":{"om_disable_all_campaigns":false,"_jetpack_memberships_contains_paid_content":false,"footnotes":""},"categories":[621],"tags":[],"class_list":["post-62075","post","type-post","status-publish","format-standard","hentry","category-regionales"],"aioseo_notices":[],"gutentor_comment":0,"jetpack_featured_media_url":"","jetpack_shortlink":"https:\/\/wp.me\/p6RhLt-g9d","jetpack_sharing_enabled":true,"_links":{"self":[{"href":"https:\/\/eldiariodesanpedro.com.ar\/sitio\/wp-json\/wp\/v2\/posts\/62075","targetHints":{"allow":["GET"]}}],"collection":[{"href":"https:\/\/eldiariodesanpedro.com.ar\/sitio\/wp-json\/wp\/v2\/posts"}],"about":[{"href":"https:\/\/eldiariodesanpedro.com.ar\/sitio\/wp-json\/wp\/v2\/types\/post"}],"author":[{"embeddable":true,"href":"https:\/\/eldiariodesanpedro.com.ar\/sitio\/wp-json\/wp\/v2\/users\/4"}],"replies":[{"embeddable":true,"href":"https:\/\/eldiariodesanpedro.com.ar\/sitio\/wp-json\/wp\/v2\/comments?post=62075"}],"version-history":[{"count":1,"href":"https:\/\/eldiariodesanpedro.com.ar\/sitio\/wp-json\/wp\/v2\/posts\/62075\/revisions"}],"predecessor-version":[{"id":62079,"href":"https:\/\/eldiariodesanpedro.com.ar\/sitio\/wp-json\/wp\/v2\/posts\/62075\/revisions\/62079"}],"wp:attachment":[{"href":"https:\/\/eldiariodesanpedro.com.ar\/sitio\/wp-json\/wp\/v2\/media?parent=62075"}],"wp:term":[{"taxonomy":"category","embeddable":true,"href":"https:\/\/eldiariodesanpedro.com.ar\/sitio\/wp-json\/wp\/v2\/categories?post=62075"},{"taxonomy":"post_tag","embeddable":true,"href":"https:\/\/eldiariodesanpedro.com.ar\/sitio\/wp-json\/wp\/v2\/tags?post=62075"}],"curies":[{"name":"wp","href":"https:\/\/api.w.org\/{rel}","templated":true}]}}