{"id":62072,"date":"2019-10-16T11:05:03","date_gmt":"2019-10-16T14:05:03","guid":{"rendered":"https:\/\/eldiariodesanpedro.com.ar\/sitio\/?p=62072"},"modified":"2019-10-16T11:05:08","modified_gmt":"2019-10-16T14:05:08","slug":"baradero-con-el-aval-de-cambiemos-y-del-frente-renovador-se-entregaron-los-terrenos-usurpados-para-los-vecinos-de-alsina","status":"publish","type":"post","link":"https:\/\/eldiariodesanpedro.com.ar\/sitio\/baradero-con-el-aval-de-cambiemos-y-del-frente-renovador-se-entregaron-los-terrenos-usurpados-para-los-vecinos-de-alsina\/","title":{"rendered":"BARADERO | Con el aval de Cambiemos y del Frente Renovador, se entregaron los terrenos usurpados para los vecinos de Alsina"},"content":{"rendered":"<!-- VideographyWP Plugin Message: Automatic video embedding prevented by plugin options. -->\n\n<p>En el inicio de una nueva sesi\u00f3n del Concejo Deliberante, varios vecinos se reunieron en el Sal\u00f3n de la Democracia con banderas y bombos reclamando que le otorguen los terrenos que ellos mismos hab\u00edan usurpado hacia semanas atr\u00e1s. En \u00e9ste contexto, y tras la resoluci\u00f3n que solicitaba \u00e9sta venta loteada seg\u00fan tasaci\u00f3n, los Concejales del Bloque oficialista acompa\u00f1ados por el Bloque del Frente Renovador, avalaron el reclamo y en muy pocos minutos aprobaron el proyecto. Seg\u00fan dicen desde quienes lo avalaron, la entrega surgir\u00e1 de acuerdo a lo que marca la ley para vivienda social<\/p>\n\n\n\n<p>En cuanto al Frente de Todos, quien tom\u00f3 la palabra fue el presidente del bloque, Esteban \u2018Tito\u2019 Sanzio,&nbsp;donde asegur\u00f3 que est\u00e1n de acuerdo con que los vecinos obtengan un terreno para poder instalarse, pero que la propuesta desde el Frente de Todos es que ademas le concedan los servicios elementales como la luz, el gas y el agua para que posean una calidad de vida adecuada, asegurando que no es suficiente un predio.<\/p>\n\n\n\n<p>Adem\u00e1s, Sanzio, propuso una reuni\u00f3n con los vecinos de Alsina para que se trate \u00e9ste t\u00f3pico planteado por el peronismo con el objetivo de ofrecerles una mejor calidad de vida.<\/p>\n\n\n\n<p>Tras la palabra de Sanzio, los vecinos de Alsina, sin dejar terminar su presentaci\u00f3n e impulsados por algunos punteros pol\u00edticos que acompa\u00f1aron a la gente, comenzaron\u00a0a esgrimirles algunos ep\u00edtetos al candidato a Intendente del Frente de Todos por el planteo de brindarle los servicios esenciales que corresponden a una vivienda.<\/p>\n\n\n\n<p>Fuente: Baradero Te Informa<\/p>\n","protected":false},"excerpt":{"rendered":"<p>En el inicio de una nueva sesi\u00f3n del Concejo Deliberante, varios vecinos se reunieron en el Sal\u00f3n de la Democracia con banderas y bombos reclamando que le otorguen los terrenos que ellos mismos hab\u00edan usurpado hacia semanas atr\u00e1s. En \u00e9ste contexto, y tras la resoluci\u00f3n que solicitaba \u00e9sta venta loteada seg\u00fan tasaci\u00f3n, los Concejales del [&hellip;]<\/p>\n","protected":false},"author":4,"featured_media":62073,"comment_status":"open","ping_status":"closed","sticky":false,"template":"","format":"standard","meta":{"om_disable_all_campaigns":false,"_jetpack_memberships_contains_paid_content":false,"footnotes":""},"categories":[621],"tags":[],"class_list":["post-62072","post","type-post","status-publish","format-standard","has-post-thumbnail","hentry","category-regionales"],"aioseo_notices":[],"gutentor_comment":0,"jetpack_featured_media_url":"https:\/\/eldiariodesanpedro.com.ar\/sitio\/wp-content\/uploads\/2019\/10\/WhatsApp-Image-2019-10-15-at-22.44.40.jpeg","jetpack_shortlink":"https:\/\/wp.me\/p6RhLt-g9a","jetpack_sharing_enabled":true,"_links":{"self":[{"href":"https:\/\/eldiariodesanpedro.com.ar\/sitio\/wp-json\/wp\/v2\/posts\/62072","targetHints":{"allow":["GET"]}}],"collection":[{"href":"https:\/\/eldiariodesanpedro.com.ar\/sitio\/wp-json\/wp\/v2\/posts"}],"about":[{"href":"https:\/\/eldiariodesanpedro.com.ar\/sitio\/wp-json\/wp\/v2\/types\/post"}],"author":[{"embeddable":true,"href":"https:\/\/eldiariodesanpedro.com.ar\/sitio\/wp-json\/wp\/v2\/users\/4"}],"replies":[{"embeddable":true,"href":"https:\/\/eldiariodesanpedro.com.ar\/sitio\/wp-json\/wp\/v2\/comments?post=62072"}],"version-history":[{"count":1,"href":"https:\/\/eldiariodesanpedro.com.ar\/sitio\/wp-json\/wp\/v2\/posts\/62072\/revisions"}],"predecessor-version":[{"id":62074,"href":"https:\/\/eldiariodesanpedro.com.ar\/sitio\/wp-json\/wp\/v2\/posts\/62072\/revisions\/62074"}],"wp:featuredmedia":[{"embeddable":true,"href":"https:\/\/eldiariodesanpedro.com.ar\/sitio\/wp-json\/wp\/v2\/media\/62073"}],"wp:attachment":[{"href":"https:\/\/eldiariodesanpedro.com.ar\/sitio\/wp-json\/wp\/v2\/media?parent=62072"}],"wp:term":[{"taxonomy":"category","embeddable":true,"href":"https:\/\/eldiariodesanpedro.com.ar\/sitio\/wp-json\/wp\/v2\/categories?post=62072"},{"taxonomy":"post_tag","embeddable":true,"href":"https:\/\/eldiariodesanpedro.com.ar\/sitio\/wp-json\/wp\/v2\/tags?post=62072"}],"curies":[{"name":"wp","href":"https:\/\/api.w.org\/{rel}","templated":true}]}}