{"id":6207,"date":"2016-07-20T20:10:11","date_gmt":"2016-07-20T23:10:11","guid":{"rendered":"https:\/\/eldiariodesanpedro.com.ar\/sitio\/?p=6207"},"modified":"2016-07-20T20:10:11","modified_gmt":"2016-07-20T23:10:11","slug":"el-municipio-de-ramallo-realizo-controles-a-camiones-areneros","status":"publish","type":"post","link":"https:\/\/eldiariodesanpedro.com.ar\/sitio\/el-municipio-de-ramallo-realizo-controles-a-camiones-areneros\/","title":{"rendered":"El Municipio de Ramallo realiz\u00f3 controles a camiones areneros"},"content":{"rendered":"<p><!-- VideographyWP Plugin Message: Automatic video embedding prevented by plugin options. --><br \/>\nLuego de que en nuestra ciudad trajeran una gran pol\u00e9mica los controles de carga de camiones areneros, donde las empresas cuestionaron que las municipalidades de la zona no realizan procedimientos para constatar excesos, advertimos ayer la publicaci\u00f3n de la Municipalidad de Ramallo, donde se anuncia un procedimiento llevado a cabo.<br \/>\nA trav\u00e9s de su p\u00e1gina de Facebook, el municipio vecino public\u00f3: \u201cEn distintos operativos de tr\u00e1nsito y principalmente orientados al control de peso de camiones que transitan con carga de arena y documentaci\u00f3n en general, la Secretar\u00eda de Seguridad conjuntamente GUR y apoyo Policial llev\u00f3 a cabo determinaciones de exceso de peso, para lo cual se regulariz\u00f3 carga y se confeccion\u00f3 las actuaciones correspondientes\u201d.<br \/>\nCebe recordar que en nuestra ciudad, en una misiva enviada al municipio, las firmas expresaban su \u201cpreocupaci\u00f3n en cuanto al cumplimiento estricto de la Ley N\u00ba 24.449, puesto que en los dem\u00e1s distritos de la costa Norte Bonaerense no se efect\u00faan controles de cargas. Esto deriva en una competencia desleal y origina Atte los Clientes y transportistas cancelen sus compras en San Pedro, privilegiando las empresas areneras situadas donde no se realizan controles y se les facilita una econom\u00eda de costos\u201d.<br \/>\nLo cierto es que, marcando un paralelismo con lo ocurrido en San Pedro, en Ramallo se reclama por el arreglo de la ruta provincial 51. Los integrantes de la Asamblea que desde hace mucho tiempo protesta solicitando su urgente repavimentaci\u00f3n no descarta volver a la lucha. Denuncian que el Gobierno provincial no cumpli\u00f3 con lo prometido, public\u00f3 el Diario El Norte en ese sentido.<br \/>\nA casi cuatro meses de esos d\u00edas y cuando se prev\u00e9 un retraso en la realizaci\u00f3n de las obras, mediante una gacetilla de prensa los integrantes de la Asamblea se pronunciaron nuevamente sobre este tema y denunciaron que el Gobierno fue corriendo los tiempos que hab\u00edan asegurado cumplir.<br \/>\nSer\u00eda interesante que las ciudades que tienen la problem\u00e1tica, desde San Nicol\u00e1s hasta San Fernando, puedan trabajar mancomunadamente en pol\u00edticas para cuidar las distintas arterias que comunican a los ciudadanos con el resto de la Provincia. El Intendente Salazar manifest\u00f3 d\u00edas atr\u00e1s que, a trav\u00e9s del CONINDELTA, plantear\u00e1 la situaci\u00f3n.<\/p>\n","protected":false},"excerpt":{"rendered":"<p>Luego de que en nuestra ciudad trajeran una gran pol\u00e9mica los controles de carga de camiones areneros, donde las empresas cuestionaron que las municipalidades de la zona no realizan procedimientos para constatar excesos, advertimos ayer la publicaci\u00f3n de la Municipalidad de Ramallo, donde se anuncia un procedimiento llevado a cabo. A trav\u00e9s de su p\u00e1gina [&hellip;]<\/p>\n","protected":false},"author":4,"featured_media":6208,"comment_status":"open","ping_status":"closed","sticky":false,"template":"","format":"standard","meta":{"om_disable_all_campaigns":false,"_jetpack_memberships_contains_paid_content":false,"footnotes":""},"categories":[50,101,2],"tags":[],"class_list":["post-6207","post","type-post","status-publish","format-standard","has-post-thumbnail","hentry","category-destacadas","category-interes-general-locales","category-locales"],"aioseo_notices":[],"gutentor_comment":0,"jetpack_featured_media_url":"https:\/\/eldiariodesanpedro.com.ar\/sitio\/wp-content\/uploads\/2016\/07\/PAGINA-4-11.jpg","jetpack_shortlink":"https:\/\/wp.me\/p6RhLt-1C7","jetpack_sharing_enabled":true,"_links":{"self":[{"href":"https:\/\/eldiariodesanpedro.com.ar\/sitio\/wp-json\/wp\/v2\/posts\/6207","targetHints":{"allow":["GET"]}}],"collection":[{"href":"https:\/\/eldiariodesanpedro.com.ar\/sitio\/wp-json\/wp\/v2\/posts"}],"about":[{"href":"https:\/\/eldiariodesanpedro.com.ar\/sitio\/wp-json\/wp\/v2\/types\/post"}],"author":[{"embeddable":true,"href":"https:\/\/eldiariodesanpedro.com.ar\/sitio\/wp-json\/wp\/v2\/users\/4"}],"replies":[{"embeddable":true,"href":"https:\/\/eldiariodesanpedro.com.ar\/sitio\/wp-json\/wp\/v2\/comments?post=6207"}],"version-history":[{"count":1,"href":"https:\/\/eldiariodesanpedro.com.ar\/sitio\/wp-json\/wp\/v2\/posts\/6207\/revisions"}],"predecessor-version":[{"id":6209,"href":"https:\/\/eldiariodesanpedro.com.ar\/sitio\/wp-json\/wp\/v2\/posts\/6207\/revisions\/6209"}],"wp:featuredmedia":[{"embeddable":true,"href":"https:\/\/eldiariodesanpedro.com.ar\/sitio\/wp-json\/wp\/v2\/media\/6208"}],"wp:attachment":[{"href":"https:\/\/eldiariodesanpedro.com.ar\/sitio\/wp-json\/wp\/v2\/media?parent=6207"}],"wp:term":[{"taxonomy":"category","embeddable":true,"href":"https:\/\/eldiariodesanpedro.com.ar\/sitio\/wp-json\/wp\/v2\/categories?post=6207"},{"taxonomy":"post_tag","embeddable":true,"href":"https:\/\/eldiariodesanpedro.com.ar\/sitio\/wp-json\/wp\/v2\/tags?post=6207"}],"curies":[{"name":"wp","href":"https:\/\/api.w.org\/{rel}","templated":true}]}}