{"id":62069,"date":"2019-10-16T11:01:43","date_gmt":"2019-10-16T14:01:43","guid":{"rendered":"https:\/\/eldiariodesanpedro.com.ar\/sitio\/?p=62069"},"modified":"2019-10-16T11:01:47","modified_gmt":"2019-10-16T14:01:47","slug":"campana-mega-operativo-antidrogas-en-la-ruta-6","status":"publish","type":"post","link":"https:\/\/eldiariodesanpedro.com.ar\/sitio\/campana-mega-operativo-antidrogas-en-la-ruta-6\/","title":{"rendered":"CAMPANA | Mega operativo antidrogas en la Ruta 6"},"content":{"rendered":"<!-- VideographyWP Plugin Message: Automatic video embedding prevented by plugin options. -->\n\n<p> A metros de las obras del peaje, un gran despliegue control\u00f3 principalmente transportes de cargas, como parte de un nuevo plan impulsado por el Ministerio de Seguridad. Tambi\u00e9n se utilizaron perros de rastreo.<\/p>\n\n\n\n<p>Un mega operativo de seguridad fue encabezado ayer por el Departamento Operaciones Antidrogas Centro de la Polic\u00eda Federal Argentina, y tuvo lugar a la vera de la Ruta 6, en inmediaciones de la rotonda de Las Acacias y a metros de donde se encuentran las obras del peaje.<\/p>\n\n\n\n<p>Con un sofisticado scanner, se realizo un control de cargas principalmente en transportes de distintos tipos de productos. Adem\u00e1s, se utilizaron perros especializados en la detecci\u00f3n de estupefacientes.<\/p>\n\n\n\n<p>El control abarc\u00f3 tanto a mercader\u00edas como documentaci\u00f3n del transporte, en el marco de una medida llevada a cabo como parte de un nuevo plan integral de controles, impulsado recientemente desde el Ministerio de Seguridad de la Naci\u00f3n. <\/p>\n\n\n\n<p>Fuente: Campana Noticias<\/p>\n","protected":false},"excerpt":{"rendered":"<p>A metros de las obras del peaje, un gran despliegue control\u00f3 principalmente transportes de cargas, como parte de un nuevo plan impulsado por el Ministerio de Seguridad. Tambi\u00e9n se utilizaron perros de rastreo. Un mega operativo de seguridad fue encabezado ayer por el Departamento Operaciones Antidrogas Centro de la Polic\u00eda Federal Argentina, y tuvo lugar [&hellip;]<\/p>\n","protected":false},"author":4,"featured_media":62070,"comment_status":"open","ping_status":"closed","sticky":false,"template":"","format":"standard","meta":{"om_disable_all_campaigns":false,"_jetpack_memberships_contains_paid_content":false,"footnotes":""},"categories":[621],"tags":[],"class_list":["post-62069","post","type-post","status-publish","format-standard","has-post-thumbnail","hentry","category-regionales"],"aioseo_notices":[],"gutentor_comment":0,"jetpack_featured_media_url":"https:\/\/eldiariodesanpedro.com.ar\/sitio\/wp-content\/uploads\/2019\/10\/20191015084713.jpg","jetpack_shortlink":"https:\/\/wp.me\/p6RhLt-g97","jetpack_sharing_enabled":true,"_links":{"self":[{"href":"https:\/\/eldiariodesanpedro.com.ar\/sitio\/wp-json\/wp\/v2\/posts\/62069","targetHints":{"allow":["GET"]}}],"collection":[{"href":"https:\/\/eldiariodesanpedro.com.ar\/sitio\/wp-json\/wp\/v2\/posts"}],"about":[{"href":"https:\/\/eldiariodesanpedro.com.ar\/sitio\/wp-json\/wp\/v2\/types\/post"}],"author":[{"embeddable":true,"href":"https:\/\/eldiariodesanpedro.com.ar\/sitio\/wp-json\/wp\/v2\/users\/4"}],"replies":[{"embeddable":true,"href":"https:\/\/eldiariodesanpedro.com.ar\/sitio\/wp-json\/wp\/v2\/comments?post=62069"}],"version-history":[{"count":1,"href":"https:\/\/eldiariodesanpedro.com.ar\/sitio\/wp-json\/wp\/v2\/posts\/62069\/revisions"}],"predecessor-version":[{"id":62071,"href":"https:\/\/eldiariodesanpedro.com.ar\/sitio\/wp-json\/wp\/v2\/posts\/62069\/revisions\/62071"}],"wp:featuredmedia":[{"embeddable":true,"href":"https:\/\/eldiariodesanpedro.com.ar\/sitio\/wp-json\/wp\/v2\/media\/62070"}],"wp:attachment":[{"href":"https:\/\/eldiariodesanpedro.com.ar\/sitio\/wp-json\/wp\/v2\/media?parent=62069"}],"wp:term":[{"taxonomy":"category","embeddable":true,"href":"https:\/\/eldiariodesanpedro.com.ar\/sitio\/wp-json\/wp\/v2\/categories?post=62069"},{"taxonomy":"post_tag","embeddable":true,"href":"https:\/\/eldiariodesanpedro.com.ar\/sitio\/wp-json\/wp\/v2\/tags?post=62069"}],"curies":[{"name":"wp","href":"https:\/\/api.w.org\/{rel}","templated":true}]}}