{"id":62061,"date":"2019-10-16T10:57:48","date_gmt":"2019-10-16T13:57:48","guid":{"rendered":"https:\/\/eldiariodesanpedro.com.ar\/sitio\/?p=62061"},"modified":"2019-10-16T10:57:52","modified_gmt":"2019-10-16T13:57:52","slug":"arrecifes-vidal-yo-tengo-que-agradecerle-a-olaeta","status":"publish","type":"post","link":"https:\/\/eldiariodesanpedro.com.ar\/sitio\/arrecifes-vidal-yo-tengo-que-agradecerle-a-olaeta\/","title":{"rendered":"ARRECIFES | Vidal: \u00abYo tengo que agradecerle a Olaeta\u00bb"},"content":{"rendered":"<!-- VideographyWP Plugin Message: Automatic video embedding prevented by plugin options. -->\n\n<p>La gobernadora Mar\u00eda Eugenia Vidal visit\u00f3 Arrecifes y cumpli\u00f3 con una intensa agenda, alej\u00e1ndose de su habitual protocolo y tomando contacto directo con los vecinos.<\/p>\n\n\n\n<p>En la tarde de este martes arrib\u00f3 al cruce de rutas 8 y 51, donde la esperaba una buena cantidad de seguidores encabezados por funcionarios municipales, dirigentes de la UCR y del PRO e integrantes de la Juventud Radical.<\/p>\n\n\n\n<p>Sobre un escenario montado en el lugar, primero hizo uso de la palabra un euf\u00f3rico intendente Javier Olaeta, detallando las obras que se hicieron en Arrecifes durante la gesti\u00f3n de la gobernadora, a quien le agradeci\u00f3 especialmente. Tambi\u00e9n enfatiz\u00f3 (por las dudas de que alguien se olvide), que \u00aben las PASO, en Arrecifes gan\u00f3 Mar\u00eda Eugenia\u00bb. Y redobl\u00f3 la apuesta: \u00abY en estas elecciones generales va a ganar por mayor diferencia a\u00fan\u00bb, mientras saludaba a camioneros que pasaban por la ruta.<\/p>\n\n\n\n<p>Mar\u00eda Eugenia Vidal sucedi\u00f3 a Olaeta en su discurso y manifest\u00f3: \u00abYo tambi\u00e9n tengo que agradecerle a Javier, porque las cosas que se pudieron hacer en Arrecifes se concretaron porque ac\u00e1 hay un equipo de trabajo que act\u00faa en conjunto con Mauricio y conmigo\u00bb. Y ayud\u00f3 al Intendente detallando las obras que se olvid\u00f3 nombrar.<\/p>\n\n\n\n<p>La gobernadora destac\u00f3 que \u00abS\u00ed se puede dar vuelta la elecci\u00f3n de octubre, pero m\u00e1s all\u00e1 del resultado voy a seguir trabajando por los bonaerenses\u00bb.<\/p>\n\n\n\n<p>Luego Vidal y Olaeta se dirigieron al Hospital Municipal, donde le mostraron a la gobernadora el nuevo tom\u00f3grafo y las obras realizadas, y tambi\u00e9n recorri\u00f3 parte de la calle Ricardo Guti\u00e9rrez saludando a comerciantes sorprendidos de verla caminar por all\u00ed.<\/p>\n\n\n\n<p>Vidal invit\u00f3 a todos a acompa\u00f1arla a Pergamino, donde Mauricio Macri hac\u00eda luego una nueva parada de la Marcha del \u00abS\u00ed se puede\u00bb.<\/p>\n\n\n\n<p>Fuente: Arrecifes Noticias<\/p>\n\n\n\n<p><\/p>\n","protected":false},"excerpt":{"rendered":"<p>La gobernadora Mar\u00eda Eugenia Vidal visit\u00f3 Arrecifes y cumpli\u00f3 con una intensa agenda, alej\u00e1ndose de su habitual protocolo y tomando contacto directo con los vecinos. En la tarde de este martes arrib\u00f3 al cruce de rutas 8 y 51, donde la esperaba una buena cantidad de seguidores encabezados por funcionarios municipales, dirigentes de la UCR [&hellip;]<\/p>\n","protected":false},"author":4,"featured_media":62062,"comment_status":"open","ping_status":"closed","sticky":false,"template":"","format":"standard","meta":{"om_disable_all_campaigns":false,"_jetpack_memberships_contains_paid_content":false,"footnotes":""},"categories":[621],"tags":[],"class_list":["post-62061","post","type-post","status-publish","format-standard","has-post-thumbnail","hentry","category-regionales"],"aioseo_notices":[],"gutentor_comment":0,"jetpack_featured_media_url":"https:\/\/eldiariodesanpedro.com.ar\/sitio\/wp-content\/uploads\/2019\/10\/Vidal-Arrecifes-8-828x510.jpg","jetpack_shortlink":"https:\/\/wp.me\/p6RhLt-g8Z","jetpack_sharing_enabled":true,"_links":{"self":[{"href":"https:\/\/eldiariodesanpedro.com.ar\/sitio\/wp-json\/wp\/v2\/posts\/62061","targetHints":{"allow":["GET"]}}],"collection":[{"href":"https:\/\/eldiariodesanpedro.com.ar\/sitio\/wp-json\/wp\/v2\/posts"}],"about":[{"href":"https:\/\/eldiariodesanpedro.com.ar\/sitio\/wp-json\/wp\/v2\/types\/post"}],"author":[{"embeddable":true,"href":"https:\/\/eldiariodesanpedro.com.ar\/sitio\/wp-json\/wp\/v2\/users\/4"}],"replies":[{"embeddable":true,"href":"https:\/\/eldiariodesanpedro.com.ar\/sitio\/wp-json\/wp\/v2\/comments?post=62061"}],"version-history":[{"count":1,"href":"https:\/\/eldiariodesanpedro.com.ar\/sitio\/wp-json\/wp\/v2\/posts\/62061\/revisions"}],"predecessor-version":[{"id":62063,"href":"https:\/\/eldiariodesanpedro.com.ar\/sitio\/wp-json\/wp\/v2\/posts\/62061\/revisions\/62063"}],"wp:featuredmedia":[{"embeddable":true,"href":"https:\/\/eldiariodesanpedro.com.ar\/sitio\/wp-json\/wp\/v2\/media\/62062"}],"wp:attachment":[{"href":"https:\/\/eldiariodesanpedro.com.ar\/sitio\/wp-json\/wp\/v2\/media?parent=62061"}],"wp:term":[{"taxonomy":"category","embeddable":true,"href":"https:\/\/eldiariodesanpedro.com.ar\/sitio\/wp-json\/wp\/v2\/categories?post=62061"},{"taxonomy":"post_tag","embeddable":true,"href":"https:\/\/eldiariodesanpedro.com.ar\/sitio\/wp-json\/wp\/v2\/tags?post=62061"}],"curies":[{"name":"wp","href":"https:\/\/api.w.org\/{rel}","templated":true}]}}