{"id":62057,"date":"2019-10-16T10:51:27","date_gmt":"2019-10-16T13:51:27","guid":{"rendered":"https:\/\/eldiariodesanpedro.com.ar\/sitio\/?p=62057"},"modified":"2019-10-16T10:51:31","modified_gmt":"2019-10-16T13:51:31","slug":"arrecifes-reunion-con-intendente-de-salto-por-la-universidad-para-arrecifes","status":"publish","type":"post","link":"https:\/\/eldiariodesanpedro.com.ar\/sitio\/arrecifes-reunion-con-intendente-de-salto-por-la-universidad-para-arrecifes\/","title":{"rendered":"ARRECIFES | Reuni\u00f3n con intendente de Salto por la universidad para Arrecifes"},"content":{"rendered":"<!-- VideographyWP Plugin Message: Automatic video embedding prevented by plugin options. -->\n\n<p>El candidato a intendente de Arrecifes por el Frente de Todos, Patricio Di Palma, visit\u00f3 este martes la ciudad de Salto para reunirse con su intendente, Ricardo \u201cCurita\u201d Alessandro.<\/p>\n\n\n\n<p>Adem\u00e1s de interiorizarse sobre distintos aspectos de la exitosa gesti\u00f3n de Alessandro, el motivo del encuentro fue avanzar en un acuerdo para traer la universidad a Arrecifes extendiendo el convenio que la Municipalidad de Salto firm\u00f3 con la UNNOBA.<\/p>\n\n\n\n<p>La Universidad Nacional del Noroeste de la Provincia de Buenos Aires dictar\u00e1 dos carreras del \u00e1rea Ingenier\u00eda en la vecina ciudad y la intenci\u00f3n es sumar otras dos carreras en Arrecifes para ampliar a cuatro carreras universitaria la oferta acad\u00e9mica en una distancia de 30 kil\u00f3metros.<\/p>\n\n\n\n<p>Luego del encuentro, Di Palma explic\u00f3 que \u201chay que imitar lo que se hace bien, como lo est\u00e1 haciendo el intendente Alessandro con la UNNOBA. Parad\u00f3jicamente, ellos se decidieron a llevar la universidad a Salto basados en la experiencia de Arrecifes, cuando la UNNOBA lleg\u00f3 a nuestra ciudad bajo la gesti\u00f3n de Daniel Bolinaga. Nosotros lo haremos con recursos propios del Fondo Educativo, que alcanzan sobradamente para mantener el Servicio Alimentario Escolar, la infraestructura de los distintos establecimientos y destinar el resto del dinero a solventar las carreras universitarias en nuestra ciudad. Tenemos que pensar en un Arrecifes en el que los estudiantes puedan iniciar sus carreras universitarios y graduarse en su misma ciudad. Esto por un lado les brindar\u00e1 la posibilidad a quienes no cuentan con recursos econ\u00f3micos para irse a otras ciudades o a la gente que trabaja, sin l\u00edmite de edad, para poder estudiar sin tener que dejar la actividad que necesitan para subsistir. Y por otro lado, evitar\u00e1 los riesgosos viajes diarios para estudiar en San Nicol\u00e1s, Pergamino, San Antonio de Areco o Z\u00e1rate. Es un hecho que podremos estudiar carreras uiversitarias en Arrecifes; es uno de nuestros compromisos\u201d.<\/p>\n\n\n\n<p>Adem\u00e1s de Ricardo Alessandro y Patricio Di Palma, participaron de la reuni\u00f3n autoridades de Cultura y Educaci\u00f3n de Salto, concejales de las dos ciudades y los candidatos a concejales de Frente de Todos Arrecifes Jorge Eterovich y Roxana Valdatta.<\/p>\n\n\n\n<p>Fuente: Frente de Todos Arrecifes<\/p>\n","protected":false},"excerpt":{"rendered":"<p>El candidato a intendente de Arrecifes por el Frente de Todos, Patricio Di Palma, visit\u00f3 este martes la ciudad de Salto para reunirse con su intendente, Ricardo \u201cCurita\u201d Alessandro. Adem\u00e1s de interiorizarse sobre distintos aspectos de la exitosa gesti\u00f3n de Alessandro, el motivo del encuentro fue avanzar en un acuerdo para traer la universidad a [&hellip;]<\/p>\n","protected":false},"author":4,"featured_media":62059,"comment_status":"open","ping_status":"closed","sticky":false,"template":"","format":"standard","meta":{"om_disable_all_campaigns":false,"_jetpack_memberships_contains_paid_content":false,"footnotes":""},"categories":[621],"tags":[],"class_list":["post-62057","post","type-post","status-publish","format-standard","has-post-thumbnail","hentry","category-regionales"],"aioseo_notices":[],"gutentor_comment":0,"jetpack_featured_media_url":"https:\/\/eldiariodesanpedro.com.ar\/sitio\/wp-content\/uploads\/2019\/10\/Di-Palma-Alessandro-reunion-707x510.jpg","jetpack_shortlink":"https:\/\/wp.me\/p6RhLt-g8V","jetpack_sharing_enabled":true,"_links":{"self":[{"href":"https:\/\/eldiariodesanpedro.com.ar\/sitio\/wp-json\/wp\/v2\/posts\/62057","targetHints":{"allow":["GET"]}}],"collection":[{"href":"https:\/\/eldiariodesanpedro.com.ar\/sitio\/wp-json\/wp\/v2\/posts"}],"about":[{"href":"https:\/\/eldiariodesanpedro.com.ar\/sitio\/wp-json\/wp\/v2\/types\/post"}],"author":[{"embeddable":true,"href":"https:\/\/eldiariodesanpedro.com.ar\/sitio\/wp-json\/wp\/v2\/users\/4"}],"replies":[{"embeddable":true,"href":"https:\/\/eldiariodesanpedro.com.ar\/sitio\/wp-json\/wp\/v2\/comments?post=62057"}],"version-history":[{"count":1,"href":"https:\/\/eldiariodesanpedro.com.ar\/sitio\/wp-json\/wp\/v2\/posts\/62057\/revisions"}],"predecessor-version":[{"id":62060,"href":"https:\/\/eldiariodesanpedro.com.ar\/sitio\/wp-json\/wp\/v2\/posts\/62057\/revisions\/62060"}],"wp:featuredmedia":[{"embeddable":true,"href":"https:\/\/eldiariodesanpedro.com.ar\/sitio\/wp-json\/wp\/v2\/media\/62059"}],"wp:attachment":[{"href":"https:\/\/eldiariodesanpedro.com.ar\/sitio\/wp-json\/wp\/v2\/media?parent=62057"}],"wp:term":[{"taxonomy":"category","embeddable":true,"href":"https:\/\/eldiariodesanpedro.com.ar\/sitio\/wp-json\/wp\/v2\/categories?post=62057"},{"taxonomy":"post_tag","embeddable":true,"href":"https:\/\/eldiariodesanpedro.com.ar\/sitio\/wp-json\/wp\/v2\/tags?post=62057"}],"curies":[{"name":"wp","href":"https:\/\/api.w.org\/{rel}","templated":true}]}}