{"id":62052,"date":"2019-10-16T10:40:06","date_gmt":"2019-10-16T13:40:06","guid":{"rendered":"https:\/\/eldiariodesanpedro.com.ar\/sitio\/?p=62052"},"modified":"2019-10-16T10:40:10","modified_gmt":"2019-10-16T13:40:10","slug":"julio-alsogaray-el-navegante-que-no-se-rinde-y-va-por-su-ultimo-objetivo-tokio-2020","status":"publish","type":"post","link":"https:\/\/eldiariodesanpedro.com.ar\/sitio\/julio-alsogaray-el-navegante-que-no-se-rinde-y-va-por-su-ultimo-objetivo-tokio-2020\/","title":{"rendered":"Julio Alsogaray, el navegante que no se rinde y va por su \u00faltimo objetivo: Tokio 2020"},"content":{"rendered":"<!-- VideographyWP Plugin Message: Automatic video embedding prevented by plugin options. -->\n\n<p><br>Voz noble. Sencillo. No se enrosca en los porqu\u00e9s, sino en las soluciones. Disfruta. Navega. Aprende. A partir de sus 39 a\u00f1os, y de los m\u00e1s de 20 dentro de la n\u00e1utica, habla con sapiencia de la materia y tambi\u00e9n mira hacia delante. Siempre tuvo sus objetivos claros, y si bien ahora hay uno que marca su Norte, de no alcanzarlo marcar\u00e1 el final de su carrera. Algo a lo que no le teme en absoluto.<\/p>\n\n\n\n<p><strong>Julio Alsogaray<\/strong>&nbsp;es un hombre de agua. Nacido en San Pedro y criado en buena parte de su carrera en Buenos Aires, sabe que su trayectoria como deportista de elite est\u00e1 llegando a su fin. Pero no sin antes buscar revancha en la cita ol\u00edmpica de Tokio. Ese, hoy, es un objetivo, la luz en su camino.<\/p>\n\n\n\n<p>\u00abMe estoy preparando para los Juegos Ol\u00edmpicos de Tokio 2020. Es mi \u00faltima oportunidad. Por eso mi participaci\u00f3n en la Semana de Buenos Aires fue mi \u00faltima, porque si no me clasifico en febrero en el Mundial, me retiro. Y si llego a los Juegos, el adi\u00f3s llegar\u00e1 en agosto, despu\u00e9s de Jap\u00f3n\u00bb, explica Alsogaray a\u00a0<strong>LA NACION<\/strong>, un d\u00eda despu\u00e9s de haberse coronado campe\u00f3n de la\u00a0<strong>Semana de Buenos Aires<\/strong>, torneo que anualmente organiza el\u00a0<strong>Yacht Club Argentino.<\/strong><\/p>\n\n\n\n<p>La Argentina como pa\u00eds ya tiene la plaza ol\u00edmpica asegurada. Francisco Guaragna la obtuvo en el Mundial L\u00e1ser en agosto. Ahora resta saber qui\u00e9n ser\u00e1 el representante y por eso tres selectivos formar\u00e1n parte de la clasificaci\u00f3n interna para determinar al argentino que viajar\u00e1 a Tokio. Alsogaray dio la primera estocada al ganar en Buenos Aires. Los dos restantes selectivos ser\u00e1n en noviembre, en el Campeonato Argentino de Quilmes, en febrero de 2020, en el Mundial de la categor\u00eda en Australia.<\/p>\n\n\n\n<p>\u00abEl nivel de la Semana de Buenos Aires fue muy bueno. Hace mucho que no se lograba un nivel tan alto. Como se dio en una fecha en la que no hab\u00eda muchos torneos, muchos buenos atletas vinieron y se dio una gran competencia. Adem\u00e1s de la competencia interna que hab\u00eda entre nosotros\u00bb, describe quien fue representante ol\u00edmpico en Pek\u00edn 2008, Londres 2012, R\u00edo 2016, Campe\u00f3n Argentino y Sudamericano en Laser y Campe\u00f3n Mundial, Sudamericano y Norteamericano en Lightning.<\/p>\n","protected":false},"excerpt":{"rendered":"<p>Voz noble. Sencillo. No se enrosca en los porqu\u00e9s, sino en las soluciones. Disfruta. Navega. Aprende. A partir de sus 39 a\u00f1os, y de los m\u00e1s de 20 dentro de la n\u00e1utica, habla con sapiencia de la materia y tambi\u00e9n mira hacia delante. Siempre tuvo sus objetivos claros, y si bien ahora hay uno que [&hellip;]<\/p>\n","protected":false},"author":4,"featured_media":62053,"comment_status":"open","ping_status":"closed","sticky":false,"template":"","format":"standard","meta":{"om_disable_all_campaigns":false,"_jetpack_memberships_contains_paid_content":false,"footnotes":""},"categories":[50,101,2],"tags":[],"class_list":["post-62052","post","type-post","status-publish","format-standard","has-post-thumbnail","hentry","category-destacadas","category-interes-general-locales","category-locales"],"aioseo_notices":[],"gutentor_comment":0,"jetpack_featured_media_url":"https:\/\/eldiariodesanpedro.com.ar\/sitio\/wp-content\/uploads\/2019\/10\/3119198w1033.jpg","jetpack_shortlink":"https:\/\/wp.me\/p6RhLt-g8Q","jetpack_sharing_enabled":true,"_links":{"self":[{"href":"https:\/\/eldiariodesanpedro.com.ar\/sitio\/wp-json\/wp\/v2\/posts\/62052","targetHints":{"allow":["GET"]}}],"collection":[{"href":"https:\/\/eldiariodesanpedro.com.ar\/sitio\/wp-json\/wp\/v2\/posts"}],"about":[{"href":"https:\/\/eldiariodesanpedro.com.ar\/sitio\/wp-json\/wp\/v2\/types\/post"}],"author":[{"embeddable":true,"href":"https:\/\/eldiariodesanpedro.com.ar\/sitio\/wp-json\/wp\/v2\/users\/4"}],"replies":[{"embeddable":true,"href":"https:\/\/eldiariodesanpedro.com.ar\/sitio\/wp-json\/wp\/v2\/comments?post=62052"}],"version-history":[{"count":1,"href":"https:\/\/eldiariodesanpedro.com.ar\/sitio\/wp-json\/wp\/v2\/posts\/62052\/revisions"}],"predecessor-version":[{"id":62054,"href":"https:\/\/eldiariodesanpedro.com.ar\/sitio\/wp-json\/wp\/v2\/posts\/62052\/revisions\/62054"}],"wp:featuredmedia":[{"embeddable":true,"href":"https:\/\/eldiariodesanpedro.com.ar\/sitio\/wp-json\/wp\/v2\/media\/62053"}],"wp:attachment":[{"href":"https:\/\/eldiariodesanpedro.com.ar\/sitio\/wp-json\/wp\/v2\/media?parent=62052"}],"wp:term":[{"taxonomy":"category","embeddable":true,"href":"https:\/\/eldiariodesanpedro.com.ar\/sitio\/wp-json\/wp\/v2\/categories?post=62052"},{"taxonomy":"post_tag","embeddable":true,"href":"https:\/\/eldiariodesanpedro.com.ar\/sitio\/wp-json\/wp\/v2\/tags?post=62052"}],"curies":[{"name":"wp","href":"https:\/\/api.w.org\/{rel}","templated":true}]}}