{"id":62042,"date":"2019-10-16T09:41:30","date_gmt":"2019-10-16T12:41:30","guid":{"rendered":"https:\/\/eldiariodesanpedro.com.ar\/sitio\/?p=62042"},"modified":"2019-10-16T10:22:14","modified_gmt":"2019-10-16T13:22:14","slug":"el-prefecto-alejandro-herenu-deja-la-jefatura-de-nuestra-ciudad","status":"publish","type":"post","link":"https:\/\/eldiariodesanpedro.com.ar\/sitio\/el-prefecto-alejandro-herenu-deja-la-jefatura-de-nuestra-ciudad\/","title":{"rendered":"El Prefecto Alejandro Here\u00f1\u00fa deja la jefatura de nuestra ciudad"},"content":{"rendered":"<!-- VideographyWP Plugin Message: Automatic video embedding prevented by plugin options. -->\n\n<p>Por directivas de Prefectura Naval Argentina el actual titular de la sede de nuestra ciudad ser\u00e1 trasladado a la localidad de Z\u00e1rate. Los reemplaza el prefecto Horacio Alegre.&nbsp;<\/p>\n\n\n\n<p>Dando lugar a los protocolos habituales con los que se conduce la fuerza y al haber cumplido el per\u00edodo estimado como titular en nuestra ciudad el Prefecto Alejandro Here\u00f1\u00fa dejar\u00e1 su cargo en los pr\u00f3ximos meses.&nbsp;<\/p>\n\n\n\n<p>Prefectura Naval Argentina decidi\u00f3 que el funcionario sampedrino, de una dilatada trayectoria en la fuerza,&nbsp;contin\u00fae desempe\u00f1\u00e1ndose como instructor en la escuela de Prefectura con sede en la ciudad de Z\u00e1rate.<\/p>\n\n\n\n<p>Here\u00f1u dialogo con nuestra redacci\u00f3n cont\u00e1ndonos sobre esta decisi\u00f3n, \u00abla verdad me lo esperaba, la Prefectura tiene una pol\u00edtica de traslado de los Jefes cada dos a\u00f1os (\u00f3sea un jefe lo normal son 2 a\u00f1os)\u00bb<\/p>\n\n\n\n<p>\u00abLo tome muy bien porque voy cerca, Zarate est\u00e1 ac\u00e1 nomas, me queda cerca de la familia que siempre me acompa\u00f1a, voy como instructor, eso si, es una nueva experiencia para mi, es la primera vez que trabajare en esa \u00e1rea, todo un desafi\u00f3\u00bb.<\/p>\n\n\n\n<p>Mientras tanto est\u00e1 confirmado que su reemplazante en el cargo ser\u00e1 el Prefecto Horacio Irineo Alegre, un funcionario de 40&nbsp;a\u00f1os, oriundo de la provincia de Corrientes y quien actualmente se desempe\u00f1a en las oficinas del edificio Guardacosta en Puerto Madero.&nbsp;&nbsp;&nbsp;<\/p>\n\n\n\n<p><\/p>\n\n\n\n<p><br><\/p>\n","protected":false},"excerpt":{"rendered":"<p>Por directivas de Prefectura Naval Argentina el actual titular de la sede de nuestra ciudad ser\u00e1 trasladado a la localidad de Z\u00e1rate. Los reemplaza el prefecto Horacio Alegre.&nbsp; Dando lugar a los protocolos habituales con los que se conduce la fuerza y al haber cumplido el per\u00edodo estimado como titular en nuestra ciudad el Prefecto [&hellip;]<\/p>\n","protected":false},"author":4,"featured_media":62043,"comment_status":"open","ping_status":"closed","sticky":false,"template":"","format":"standard","meta":{"om_disable_all_campaigns":false,"_jetpack_memberships_contains_paid_content":false,"footnotes":""},"categories":[50,101,2],"tags":[],"class_list":["post-62042","post","type-post","status-publish","format-standard","has-post-thumbnail","hentry","category-destacadas","category-interes-general-locales","category-locales"],"aioseo_notices":[],"gutentor_comment":0,"jetpack_featured_media_url":"https:\/\/eldiariodesanpedro.com.ar\/sitio\/wp-content\/uploads\/2019\/10\/000080462.jpg","jetpack_shortlink":"https:\/\/wp.me\/p6RhLt-g8G","jetpack_sharing_enabled":true,"_links":{"self":[{"href":"https:\/\/eldiariodesanpedro.com.ar\/sitio\/wp-json\/wp\/v2\/posts\/62042","targetHints":{"allow":["GET"]}}],"collection":[{"href":"https:\/\/eldiariodesanpedro.com.ar\/sitio\/wp-json\/wp\/v2\/posts"}],"about":[{"href":"https:\/\/eldiariodesanpedro.com.ar\/sitio\/wp-json\/wp\/v2\/types\/post"}],"author":[{"embeddable":true,"href":"https:\/\/eldiariodesanpedro.com.ar\/sitio\/wp-json\/wp\/v2\/users\/4"}],"replies":[{"embeddable":true,"href":"https:\/\/eldiariodesanpedro.com.ar\/sitio\/wp-json\/wp\/v2\/comments?post=62042"}],"version-history":[{"count":3,"href":"https:\/\/eldiariodesanpedro.com.ar\/sitio\/wp-json\/wp\/v2\/posts\/62042\/revisions"}],"predecessor-version":[{"id":62048,"href":"https:\/\/eldiariodesanpedro.com.ar\/sitio\/wp-json\/wp\/v2\/posts\/62042\/revisions\/62048"}],"wp:featuredmedia":[{"embeddable":true,"href":"https:\/\/eldiariodesanpedro.com.ar\/sitio\/wp-json\/wp\/v2\/media\/62043"}],"wp:attachment":[{"href":"https:\/\/eldiariodesanpedro.com.ar\/sitio\/wp-json\/wp\/v2\/media?parent=62042"}],"wp:term":[{"taxonomy":"category","embeddable":true,"href":"https:\/\/eldiariodesanpedro.com.ar\/sitio\/wp-json\/wp\/v2\/categories?post=62042"},{"taxonomy":"post_tag","embeddable":true,"href":"https:\/\/eldiariodesanpedro.com.ar\/sitio\/wp-json\/wp\/v2\/tags?post=62042"}],"curies":[{"name":"wp","href":"https:\/\/api.w.org\/{rel}","templated":true}]}}