{"id":6204,"date":"2016-07-20T20:09:26","date_gmt":"2016-07-20T23:09:26","guid":{"rendered":"https:\/\/eldiariodesanpedro.com.ar\/sitio\/?p=6204"},"modified":"2016-07-20T20:09:26","modified_gmt":"2016-07-20T23:09:26","slug":"una-conciliacion-obligatoria-freno-el-paro-en-los-canales-de-cable","status":"publish","type":"post","link":"https:\/\/eldiariodesanpedro.com.ar\/sitio\/una-conciliacion-obligatoria-freno-el-paro-en-los-canales-de-cable\/","title":{"rendered":"Una conciliaci\u00f3n obligatoria fren\u00f3 el paro en los canales de cable"},"content":{"rendered":"<p><!-- VideographyWP Plugin Message: Automatic video embedding prevented by plugin options. --><br \/>\nEn el marco del conflicto que camar\u00f3grafos, editores, t\u00e9cnicos, administrativos y tambi\u00e9n periodistas representados por SATSAID mantienen con los empresarios nucleados en la ATVC, el Ministerio de Trabajo dict\u00f3 una conciliaci\u00f3n obligatoria. La medida desactiv\u00f3 el paro que el sindicato ten\u00eda previsto para ayer.<br \/>\nAyer a la ma\u00f1ana se produjeron asambleas de trabajadores en empresas de todo el pa\u00eds; una de ellas fue celebrada en Cablevisi\u00f3n San Nicol\u00e1s.<br \/>\nEl Sindicato Argentino de Televisi\u00f3n, Telecomunicaciones, Servicios Audiovisuales, Interactivos y de Datos (SATSAID) y la Asociaci\u00f3n de Televisi\u00f3n por Cable (ATVC) est\u00e1n embarcados en una negociaci\u00f3n salarial que hasta ahora no lleg\u00f3 a un acuerdo. La organizaci\u00f3n gremial solicita una mejora del 42 por ciento en los salarios de los trabajadores, pero la \u00faltima oferta propuesta por la c\u00e1mara empresaria del sector fue del 33 por ciento, en tres pagos.<br \/>\nLos trabajadores rechazaron la oferta y hab\u00edan anunciado para ayer un paro por 24 horas. No obstante, una conciliaci\u00f3n obligatoria dictada ayer por el Ministerio de Trabajo de la Naci\u00f3n ech\u00f3 atr\u00e1s la medida.<\/p>\n","protected":false},"excerpt":{"rendered":"<p>En el marco del conflicto que camar\u00f3grafos, editores, t\u00e9cnicos, administrativos y tambi\u00e9n periodistas representados por SATSAID mantienen con los empresarios nucleados en la ATVC, el Ministerio de Trabajo dict\u00f3 una conciliaci\u00f3n obligatoria. La medida desactiv\u00f3 el paro que el sindicato ten\u00eda previsto para ayer. Ayer a la ma\u00f1ana se produjeron asambleas de trabajadores en empresas [&hellip;]<\/p>\n","protected":false},"author":4,"featured_media":6205,"comment_status":"open","ping_status":"closed","sticky":false,"template":"","format":"standard","meta":{"om_disable_all_campaigns":false,"_jetpack_memberships_contains_paid_content":false,"footnotes":""},"categories":[101,2],"tags":[],"class_list":["post-6204","post","type-post","status-publish","format-standard","has-post-thumbnail","hentry","category-interes-general-locales","category-locales"],"aioseo_notices":[],"gutentor_comment":0,"jetpack_featured_media_url":"https:\/\/eldiariodesanpedro.com.ar\/sitio\/wp-content\/uploads\/2016\/07\/satsaid.jpg","jetpack_shortlink":"https:\/\/wp.me\/p6RhLt-1C4","jetpack_sharing_enabled":true,"_links":{"self":[{"href":"https:\/\/eldiariodesanpedro.com.ar\/sitio\/wp-json\/wp\/v2\/posts\/6204","targetHints":{"allow":["GET"]}}],"collection":[{"href":"https:\/\/eldiariodesanpedro.com.ar\/sitio\/wp-json\/wp\/v2\/posts"}],"about":[{"href":"https:\/\/eldiariodesanpedro.com.ar\/sitio\/wp-json\/wp\/v2\/types\/post"}],"author":[{"embeddable":true,"href":"https:\/\/eldiariodesanpedro.com.ar\/sitio\/wp-json\/wp\/v2\/users\/4"}],"replies":[{"embeddable":true,"href":"https:\/\/eldiariodesanpedro.com.ar\/sitio\/wp-json\/wp\/v2\/comments?post=6204"}],"version-history":[{"count":1,"href":"https:\/\/eldiariodesanpedro.com.ar\/sitio\/wp-json\/wp\/v2\/posts\/6204\/revisions"}],"predecessor-version":[{"id":6206,"href":"https:\/\/eldiariodesanpedro.com.ar\/sitio\/wp-json\/wp\/v2\/posts\/6204\/revisions\/6206"}],"wp:featuredmedia":[{"embeddable":true,"href":"https:\/\/eldiariodesanpedro.com.ar\/sitio\/wp-json\/wp\/v2\/media\/6205"}],"wp:attachment":[{"href":"https:\/\/eldiariodesanpedro.com.ar\/sitio\/wp-json\/wp\/v2\/media?parent=6204"}],"wp:term":[{"taxonomy":"category","embeddable":true,"href":"https:\/\/eldiariodesanpedro.com.ar\/sitio\/wp-json\/wp\/v2\/categories?post=6204"},{"taxonomy":"post_tag","embeddable":true,"href":"https:\/\/eldiariodesanpedro.com.ar\/sitio\/wp-json\/wp\/v2\/tags?post=6204"}],"curies":[{"name":"wp","href":"https:\/\/api.w.org\/{rel}","templated":true}]}}