{"id":62039,"date":"2019-10-16T09:36:33","date_gmt":"2019-10-16T12:36:33","guid":{"rendered":"https:\/\/eldiariodesanpedro.com.ar\/sitio\/?p=62039"},"modified":"2019-10-16T09:36:37","modified_gmt":"2019-10-16T12:36:37","slug":"charla-debate-economia-popular","status":"publish","type":"post","link":"https:\/\/eldiariodesanpedro.com.ar\/sitio\/charla-debate-economia-popular\/","title":{"rendered":"Charla debate: \u00abEconom\u00eda Popular\u00bb"},"content":{"rendered":"<!-- VideographyWP Plugin Message: Automatic video embedding prevented by plugin options. -->\n\n<p>Se realizara este jueves a las 15 horas en la sede de la Cooperativa Las Canaletas. Contar\u00e1 con la presencia del Dr. Alexandre Roig, Secretario Acad\u00e9mico de la Universidad Nacional de San Martin, el soci\u00f3logo Beltram Romero Bessada del Movimiento Evita y  la candidata a intendenta del Frente de Todos Ester Noat. <\/p>\n\n\n\n<p>Ser\u00e1 una charla debate abierta al p\u00fablico y especialmente para quienes forman parte directa o indirectamente del sector de la econom\u00eda social.<\/p>\n\n\n\n<p> El objetivo ser\u00e1 reflexionar sobre qu\u00e9 es la Econom\u00eda Popular y el  desaf\u00edo que significa la institucionalidad teniendo en cuenta que los trabajadores de la econom\u00eda popular son el nuevo sujeto social.<\/p>\n","protected":false},"excerpt":{"rendered":"<p>Se realizara este jueves a las 15 horas en la sede de la Cooperativa Las Canaletas. Contar\u00e1 con la presencia del Dr. Alexandre Roig, Secretario Acad\u00e9mico de la Universidad Nacional de San Martin, el soci\u00f3logo Beltram Romero Bessada del Movimiento Evita y la candidata a intendenta del Frente de Todos Ester Noat. Ser\u00e1 una charla [&hellip;]<\/p>\n","protected":false},"author":4,"featured_media":62040,"comment_status":"open","ping_status":"closed","sticky":false,"template":"","format":"standard","meta":{"om_disable_all_campaigns":false,"_jetpack_memberships_contains_paid_content":false,"footnotes":""},"categories":[2,102],"tags":[],"class_list":["post-62039","post","type-post","status-publish","format-standard","has-post-thumbnail","hentry","category-locales","category-politica-locales"],"aioseo_notices":[],"gutentor_comment":0,"jetpack_featured_media_url":"https:\/\/eldiariodesanpedro.com.ar\/sitio\/wp-content\/uploads\/2019\/10\/WhatsApp-Image-2019-10-16-at-8.14.42-AM.jpeg","jetpack_shortlink":"https:\/\/wp.me\/p6RhLt-g8D","jetpack_sharing_enabled":true,"_links":{"self":[{"href":"https:\/\/eldiariodesanpedro.com.ar\/sitio\/wp-json\/wp\/v2\/posts\/62039","targetHints":{"allow":["GET"]}}],"collection":[{"href":"https:\/\/eldiariodesanpedro.com.ar\/sitio\/wp-json\/wp\/v2\/posts"}],"about":[{"href":"https:\/\/eldiariodesanpedro.com.ar\/sitio\/wp-json\/wp\/v2\/types\/post"}],"author":[{"embeddable":true,"href":"https:\/\/eldiariodesanpedro.com.ar\/sitio\/wp-json\/wp\/v2\/users\/4"}],"replies":[{"embeddable":true,"href":"https:\/\/eldiariodesanpedro.com.ar\/sitio\/wp-json\/wp\/v2\/comments?post=62039"}],"version-history":[{"count":1,"href":"https:\/\/eldiariodesanpedro.com.ar\/sitio\/wp-json\/wp\/v2\/posts\/62039\/revisions"}],"predecessor-version":[{"id":62041,"href":"https:\/\/eldiariodesanpedro.com.ar\/sitio\/wp-json\/wp\/v2\/posts\/62039\/revisions\/62041"}],"wp:featuredmedia":[{"embeddable":true,"href":"https:\/\/eldiariodesanpedro.com.ar\/sitio\/wp-json\/wp\/v2\/media\/62040"}],"wp:attachment":[{"href":"https:\/\/eldiariodesanpedro.com.ar\/sitio\/wp-json\/wp\/v2\/media?parent=62039"}],"wp:term":[{"taxonomy":"category","embeddable":true,"href":"https:\/\/eldiariodesanpedro.com.ar\/sitio\/wp-json\/wp\/v2\/categories?post=62039"},{"taxonomy":"post_tag","embeddable":true,"href":"https:\/\/eldiariodesanpedro.com.ar\/sitio\/wp-json\/wp\/v2\/tags?post=62039"}],"curies":[{"name":"wp","href":"https:\/\/api.w.org\/{rel}","templated":true}]}}