{"id":62031,"date":"2019-10-15T17:55:51","date_gmt":"2019-10-15T20:55:51","guid":{"rendered":"https:\/\/eldiariodesanpedro.com.ar\/sitio\/?p=62031"},"modified":"2019-10-15T17:55:56","modified_gmt":"2019-10-15T20:55:56","slug":"robos-y-danos-en-el-tiro-federal-y-en-la-sede-del-envion-de-depietri","status":"publish","type":"post","link":"https:\/\/eldiariodesanpedro.com.ar\/sitio\/robos-y-danos-en-el-tiro-federal-y-en-la-sede-del-envion-de-depietri\/","title":{"rendered":"Robos y da\u00f1os: En el Tiro Federal y en la sede del Envi\u00f3n de Depietri"},"content":{"rendered":"<!-- VideographyWP Plugin Message: Automatic video embedding prevented by plugin options. -->\n\n<p>Los hechos ocurrieron de madrugada, en el lugar  d\u00f3nde funciona la sede del Envi\u00f3n. Malvivientes provocaron destrozos en todos los vidrios con piedras de gran tama\u00f1o, en el Tiro tambi\u00e9n hubo da\u00f1os logrando ingresar al quincho del predio donde sustrajeron una garrafa.<\/p>\n\n\n\n<p>Personal policial acudi\u00f3 al lugar primeramente,  donde no solo es utilizado para la sede de Envi\u00f3n, sino tambi\u00e9n por los vecinos del barrio Arcor, Futuro, y Depietri. Tristemente esta ma\u00f1ana fue encontrado por el personal que trabaja all\u00ed.<\/p>\n\n\n\n<p>Se trata de un grave hecho de vandalismo, los agresores intentaron ingresar pero no pudieron.<\/p>\n\n\n\n<ul class=\"wp-block-gallery columns-3 is-cropped wp-block-gallery-1 is-layout-flex wp-block-gallery-is-layout-flex\"><li class=\"blocks-gallery-item\"><figure><img decoding=\"async\" width=\"960\" height=\"720\" data-attachment-id=\"62032\" data-permalink=\"https:\/\/eldiariodesanpedro.com.ar\/sitio\/robos-y-danos-en-el-tiro-federal-y-en-la-sede-del-envion-de-depietri\/72740491_978496849209324_579882797561282560_n\/\" data-orig-file=\"https:\/\/eldiariodesanpedro.com.ar\/sitio\/wp-content\/uploads\/2019\/10\/72740491_978496849209324_579882797561282560_n.jpg\" data-orig-size=\"960,720\" data-comments-opened=\"1\" data-image-meta=\"{&quot;aperture&quot;:&quot;0&quot;,&quot;credit&quot;:&quot;&quot;,&quot;camera&quot;:&quot;&quot;,&quot;caption&quot;:&quot;&quot;,&quot;created_timestamp&quot;:&quot;0&quot;,&quot;copyright&quot;:&quot;&quot;,&quot;focal_length&quot;:&quot;0&quot;,&quot;iso&quot;:&quot;0&quot;,&quot;shutter_speed&quot;:&quot;0&quot;,&quot;title&quot;:&quot;&quot;,&quot;orientation&quot;:&quot;0&quot;}\" data-image-title=\"72740491_978496849209324_579882797561282560_n\" data-image-description=\"\" data-image-caption=\"\" data-large-file=\"https:\/\/eldiariodesanpedro.com.ar\/sitio\/wp-content\/uploads\/2019\/10\/72740491_978496849209324_579882797561282560_n.jpg\" data-src=\"https:\/\/eldiariodesanpedro.com.ar\/sitio\/wp-content\/uploads\/2019\/10\/72740491_978496849209324_579882797561282560_n.jpg\" alt=\"\" data-id=\"62032\" data-link=\"https:\/\/eldiariodesanpedro.com.ar\/sitio\/?attachment_id=62032\" class=\"wp-image-62032 lazyload\" data-srcset=\"https:\/\/eldiariodesanpedro.com.ar\/sitio\/wp-content\/uploads\/2019\/10\/72740491_978496849209324_579882797561282560_n.jpg 960w, https:\/\/eldiariodesanpedro.com.ar\/sitio\/wp-content\/uploads\/2019\/10\/72740491_978496849209324_579882797561282560_n-300x225.jpg 300w, https:\/\/eldiariodesanpedro.com.ar\/sitio\/wp-content\/uploads\/2019\/10\/72740491_978496849209324_579882797561282560_n-768x576.jpg 768w\" data-sizes=\"(max-width: 960px) 100vw, 960px\" src=\"data:image\/svg+xml;base64,PHN2ZyB3aWR0aD0iMSIgaGVpZ2h0PSIxIiB4bWxucz0iaHR0cDovL3d3dy53My5vcmcvMjAwMC9zdmciPjwvc3ZnPg==\" style=\"--smush-placeholder-width: 960px; --smush-placeholder-aspect-ratio: 960\/720;\" \/><\/figure><\/li><li class=\"blocks-gallery-item\"><figure><img decoding=\"async\" width=\"960\" height=\"720\" data-attachment-id=\"62033\" data-permalink=\"https:\/\/eldiariodesanpedro.com.ar\/sitio\/robos-y-danos-en-el-tiro-federal-y-en-la-sede-del-envion-de-depietri\/72800259_978497079209301_2899303254959587328_n\/\" data-orig-file=\"https:\/\/eldiariodesanpedro.com.ar\/sitio\/wp-content\/uploads\/2019\/10\/72800259_978497079209301_2899303254959587328_n.jpg\" data-orig-size=\"960,720\" data-comments-opened=\"1\" data-image-meta=\"{&quot;aperture&quot;:&quot;0&quot;,&quot;credit&quot;:&quot;&quot;,&quot;camera&quot;:&quot;&quot;,&quot;caption&quot;:&quot;&quot;,&quot;created_timestamp&quot;:&quot;0&quot;,&quot;copyright&quot;:&quot;&quot;,&quot;focal_length&quot;:&quot;0&quot;,&quot;iso&quot;:&quot;0&quot;,&quot;shutter_speed&quot;:&quot;0&quot;,&quot;title&quot;:&quot;&quot;,&quot;orientation&quot;:&quot;0&quot;}\" data-image-title=\"72800259_978497079209301_2899303254959587328_n\" data-image-description=\"\" data-image-caption=\"\" data-large-file=\"https:\/\/eldiariodesanpedro.com.ar\/sitio\/wp-content\/uploads\/2019\/10\/72800259_978497079209301_2899303254959587328_n.jpg\" data-src=\"https:\/\/eldiariodesanpedro.com.ar\/sitio\/wp-content\/uploads\/2019\/10\/72800259_978497079209301_2899303254959587328_n.jpg\" alt=\"\" data-id=\"62033\" data-link=\"https:\/\/eldiariodesanpedro.com.ar\/sitio\/?attachment_id=62033\" class=\"wp-image-62033 lazyload\" data-srcset=\"https:\/\/eldiariodesanpedro.com.ar\/sitio\/wp-content\/uploads\/2019\/10\/72800259_978497079209301_2899303254959587328_n.jpg 960w, https:\/\/eldiariodesanpedro.com.ar\/sitio\/wp-content\/uploads\/2019\/10\/72800259_978497079209301_2899303254959587328_n-300x225.jpg 300w, https:\/\/eldiariodesanpedro.com.ar\/sitio\/wp-content\/uploads\/2019\/10\/72800259_978497079209301_2899303254959587328_n-768x576.jpg 768w\" data-sizes=\"(max-width: 960px) 100vw, 960px\" src=\"data:image\/svg+xml;base64,PHN2ZyB3aWR0aD0iMSIgaGVpZ2h0PSIxIiB4bWxucz0iaHR0cDovL3d3dy53My5vcmcvMjAwMC9zdmciPjwvc3ZnPg==\" style=\"--smush-placeholder-width: 960px; --smush-placeholder-aspect-ratio: 960\/720;\" \/><\/figure><\/li><li class=\"blocks-gallery-item\"><figure><img decoding=\"async\" width=\"960\" height=\"720\" data-attachment-id=\"62034\" data-permalink=\"https:\/\/eldiariodesanpedro.com.ar\/sitio\/robos-y-danos-en-el-tiro-federal-y-en-la-sede-del-envion-de-depietri\/72998098_978497165875959_7042058512012148736_n\/\" data-orig-file=\"https:\/\/eldiariodesanpedro.com.ar\/sitio\/wp-content\/uploads\/2019\/10\/72998098_978497165875959_7042058512012148736_n.jpg\" data-orig-size=\"960,720\" data-comments-opened=\"1\" data-image-meta=\"{&quot;aperture&quot;:&quot;0&quot;,&quot;credit&quot;:&quot;&quot;,&quot;camera&quot;:&quot;&quot;,&quot;caption&quot;:&quot;&quot;,&quot;created_timestamp&quot;:&quot;0&quot;,&quot;copyright&quot;:&quot;&quot;,&quot;focal_length&quot;:&quot;0&quot;,&quot;iso&quot;:&quot;0&quot;,&quot;shutter_speed&quot;:&quot;0&quot;,&quot;title&quot;:&quot;&quot;,&quot;orientation&quot;:&quot;0&quot;}\" data-image-title=\"72998098_978497165875959_7042058512012148736_n\" data-image-description=\"\" data-image-caption=\"\" data-large-file=\"https:\/\/eldiariodesanpedro.com.ar\/sitio\/wp-content\/uploads\/2019\/10\/72998098_978497165875959_7042058512012148736_n.jpg\" data-src=\"https:\/\/eldiariodesanpedro.com.ar\/sitio\/wp-content\/uploads\/2019\/10\/72998098_978497165875959_7042058512012148736_n.jpg\" alt=\"\" data-id=\"62034\" data-link=\"https:\/\/eldiariodesanpedro.com.ar\/sitio\/?attachment_id=62034\" class=\"wp-image-62034 lazyload\" data-srcset=\"https:\/\/eldiariodesanpedro.com.ar\/sitio\/wp-content\/uploads\/2019\/10\/72998098_978497165875959_7042058512012148736_n.jpg 960w, https:\/\/eldiariodesanpedro.com.ar\/sitio\/wp-content\/uploads\/2019\/10\/72998098_978497165875959_7042058512012148736_n-300x225.jpg 300w, https:\/\/eldiariodesanpedro.com.ar\/sitio\/wp-content\/uploads\/2019\/10\/72998098_978497165875959_7042058512012148736_n-768x576.jpg 768w\" data-sizes=\"(max-width: 960px) 100vw, 960px\" src=\"data:image\/svg+xml;base64,PHN2ZyB3aWR0aD0iMSIgaGVpZ2h0PSIxIiB4bWxucz0iaHR0cDovL3d3dy53My5vcmcvMjAwMC9zdmciPjwvc3ZnPg==\" style=\"--smush-placeholder-width: 960px; --smush-placeholder-aspect-ratio: 960\/720;\" \/><\/figure><\/li><\/ul>\n\n\n\n<p>Tambi\u00e9n en el predio del Tiro Federal, donde se encuentra el quincho un delincuente rompi\u00f3 los cristales de una ventana, logro ingresar y sustraer una garrafa.<\/p>\n\n\n\n<p>El personal directivo del lugar confirm\u00f3 a los medios locales que la alarma son\u00f3, y seg\u00fan testigos vecinos huyo r\u00e1pidamente en una motocicleta.<\/p>\n\n\n\n<p><\/p>\n","protected":false},"excerpt":{"rendered":"<p>Los hechos ocurrieron de madrugada, en el lugar d\u00f3nde funciona la sede del Envi\u00f3n. Malvivientes provocaron destrozos en todos los vidrios con piedras de gran tama\u00f1o, en el Tiro tambi\u00e9n hubo da\u00f1os logrando ingresar al quincho del predio donde sustrajeron una garrafa. Personal policial acudi\u00f3 al lugar primeramente, donde no solo es utilizado para la [&hellip;]<\/p>\n","protected":false},"author":4,"featured_media":62034,"comment_status":"open","ping_status":"closed","sticky":false,"template":"","format":"standard","meta":{"om_disable_all_campaigns":false,"_jetpack_memberships_contains_paid_content":false,"footnotes":""},"categories":[2,103],"tags":[],"class_list":["post-62031","post","type-post","status-publish","format-standard","has-post-thumbnail","hentry","category-locales","category-policiales-locales"],"aioseo_notices":[],"gutentor_comment":0,"jetpack_featured_media_url":"https:\/\/eldiariodesanpedro.com.ar\/sitio\/wp-content\/uploads\/2019\/10\/72998098_978497165875959_7042058512012148736_n.jpg","jetpack_shortlink":"https:\/\/wp.me\/p6RhLt-g8v","jetpack_sharing_enabled":true,"_links":{"self":[{"href":"https:\/\/eldiariodesanpedro.com.ar\/sitio\/wp-json\/wp\/v2\/posts\/62031","targetHints":{"allow":["GET"]}}],"collection":[{"href":"https:\/\/eldiariodesanpedro.com.ar\/sitio\/wp-json\/wp\/v2\/posts"}],"about":[{"href":"https:\/\/eldiariodesanpedro.com.ar\/sitio\/wp-json\/wp\/v2\/types\/post"}],"author":[{"embeddable":true,"href":"https:\/\/eldiariodesanpedro.com.ar\/sitio\/wp-json\/wp\/v2\/users\/4"}],"replies":[{"embeddable":true,"href":"https:\/\/eldiariodesanpedro.com.ar\/sitio\/wp-json\/wp\/v2\/comments?post=62031"}],"version-history":[{"count":1,"href":"https:\/\/eldiariodesanpedro.com.ar\/sitio\/wp-json\/wp\/v2\/posts\/62031\/revisions"}],"predecessor-version":[{"id":62035,"href":"https:\/\/eldiariodesanpedro.com.ar\/sitio\/wp-json\/wp\/v2\/posts\/62031\/revisions\/62035"}],"wp:featuredmedia":[{"embeddable":true,"href":"https:\/\/eldiariodesanpedro.com.ar\/sitio\/wp-json\/wp\/v2\/media\/62034"}],"wp:attachment":[{"href":"https:\/\/eldiariodesanpedro.com.ar\/sitio\/wp-json\/wp\/v2\/media?parent=62031"}],"wp:term":[{"taxonomy":"category","embeddable":true,"href":"https:\/\/eldiariodesanpedro.com.ar\/sitio\/wp-json\/wp\/v2\/categories?post=62031"},{"taxonomy":"post_tag","embeddable":true,"href":"https:\/\/eldiariodesanpedro.com.ar\/sitio\/wp-json\/wp\/v2\/tags?post=62031"}],"curies":[{"name":"wp","href":"https:\/\/api.w.org\/{rel}","templated":true}]}}