{"id":62027,"date":"2019-10-15T17:32:31","date_gmt":"2019-10-15T20:32:31","guid":{"rendered":"https:\/\/eldiariodesanpedro.com.ar\/sitio\/?p=62027"},"modified":"2019-10-15T17:32:35","modified_gmt":"2019-10-15T20:32:35","slug":"nota-por-falta-de-respuestas-al-hcd-luego-del-ajuste-pedido-por-el-centro-de-comercio","status":"publish","type":"post","link":"https:\/\/eldiariodesanpedro.com.ar\/sitio\/nota-por-falta-de-respuestas-al-hcd-luego-del-ajuste-pedido-por-el-centro-de-comercio\/","title":{"rendered":"Nota por falta de respuestas al HCD luego del ajuste pedido por el Centro de Comercio"},"content":{"rendered":"<!-- VideographyWP Plugin Message: Automatic video embedding prevented by plugin options. -->\n\n<p>\n\nEl Centro de Comercio e Industria de San Pedro manifiesta su preocupaci\u00f3n ante la falta de respuesta del HCD para dar tratamiento a nuestro pedido de evaluar un ajuste del presupuesto considerando que el mismo no condice con la situaci\u00f3n econ\u00f3mica que atraviesan los sectores comerciales e industriales de nuestra ciudad, reflejado tambi\u00e9n en el resto de la sociedad.<\/p>\n\n\n\n<p>Sociedad que de manera responsable y democr\u00e1tica deposit\u00f3 en el Cuerpo de Concejales la confianza para que el ejercicio de las funciones se hagan priorizando y privilegiando el bien com\u00fan. Dado que es la misma sociedad la que debe afrontar el pago del gasto p\u00fablico, en momentos de extrema dificultad econ\u00f3mica, es que volvemos a poner a vuestra consideraci\u00f3n un ajuste del presupuesto dado que est\u00e1 muy lejos de ser correspondido con un gesto ejemplificador de la pol\u00edtica como lo creemos conveniente.<\/p>\n\n\n\n<p>Asimismo, es importante considerar que en el ejercicio de la funci\u00f3n legislativa, si hubiera de corresponderle a cada concejal licenciar otras actividades particulares para el desarrollo de la funci\u00f3n p\u00fablica, esto no representa ning\u00fan m\u00e9rito extra, ni mucho menos criterio que justifiquen casi 40 millones de pesos de presupuesto, simplemente, porque es lo que les corresponde hacer al aceptar asumir el cargo.<\/p>\n\n\n\n<p>Por estos motivos y de lo expuesto, solicitamos la posibilidad de poder ser recibidos por la Presidencia del HCD y los Jefes de los diferentes Bloques para conocer de mejor manera los<br>motivos por el cual no se ha tratado ni se ha considerado posible adecuar el presupuesto en funci\u00f3n del &nbsp;reclamo manifestado por nuestra Instituci\u00f3n en representaci\u00f3n del Comercio, Industria y Turismo de San Pedro y su partido.<\/p>\n\n\n\n<p>Quedamos a disposici\u00f3n pueda UD. considerar nuestra solicitud. Sin otro particular saludamos a Ud. con nuestra mayor consideraci\u00f3n y respeto.<\/p>\n\n\n\n<ul class=\"wp-block-gallery columns-2 is-cropped wp-block-gallery-1 is-layout-flex wp-block-gallery-is-layout-flex\"><li class=\"blocks-gallery-item\"><figure><img decoding=\"async\" width=\"766\" height=\"1024\" data-attachment-id=\"62029\" data-permalink=\"https:\/\/eldiariodesanpedro.com.ar\/sitio\/nota-por-falta-de-respuestas-al-hcd-luego-del-ajuste-pedido-por-el-centro-de-comercio\/nota-hcd-2\/\" data-orig-file=\"https:\/\/eldiariodesanpedro.com.ar\/sitio\/wp-content\/uploads\/2019\/10\/nota-hcd-2.jpeg\" data-orig-size=\"958,1280\" data-comments-opened=\"1\" data-image-meta=\"{&quot;aperture&quot;:&quot;0&quot;,&quot;credit&quot;:&quot;&quot;,&quot;camera&quot;:&quot;&quot;,&quot;caption&quot;:&quot;&quot;,&quot;created_timestamp&quot;:&quot;0&quot;,&quot;copyright&quot;:&quot;&quot;,&quot;focal_length&quot;:&quot;0&quot;,&quot;iso&quot;:&quot;0&quot;,&quot;shutter_speed&quot;:&quot;0&quot;,&quot;title&quot;:&quot;&quot;,&quot;orientation&quot;:&quot;0&quot;}\" data-image-title=\"nota hcd (2)\" data-image-description=\"\" data-image-caption=\"\" data-large-file=\"https:\/\/eldiariodesanpedro.com.ar\/sitio\/wp-content\/uploads\/2019\/10\/nota-hcd-2-766x1024.jpeg\" data-src=\"https:\/\/eldiariodesanpedro.com.ar\/sitio\/wp-content\/uploads\/2019\/10\/nota-hcd-2-766x1024.jpeg\" alt=\"\" data-id=\"62029\" data-link=\"https:\/\/eldiariodesanpedro.com.ar\/sitio\/?attachment_id=62029\" class=\"wp-image-62029 lazyload\" data-srcset=\"https:\/\/eldiariodesanpedro.com.ar\/sitio\/wp-content\/uploads\/2019\/10\/nota-hcd-2-766x1024.jpeg 766w, https:\/\/eldiariodesanpedro.com.ar\/sitio\/wp-content\/uploads\/2019\/10\/nota-hcd-2-225x300.jpeg 225w, https:\/\/eldiariodesanpedro.com.ar\/sitio\/wp-content\/uploads\/2019\/10\/nota-hcd-2-768x1026.jpeg 768w, https:\/\/eldiariodesanpedro.com.ar\/sitio\/wp-content\/uploads\/2019\/10\/nota-hcd-2.jpeg 958w\" data-sizes=\"(max-width: 766px) 100vw, 766px\" src=\"data:image\/svg+xml;base64,PHN2ZyB3aWR0aD0iMSIgaGVpZ2h0PSIxIiB4bWxucz0iaHR0cDovL3d3dy53My5vcmcvMjAwMC9zdmciPjwvc3ZnPg==\" style=\"--smush-placeholder-width: 766px; --smush-placeholder-aspect-ratio: 766\/1024;\" \/><\/figure><\/li><li class=\"blocks-gallery-item\"><figure><img decoding=\"async\" width=\"766\" height=\"1024\" data-attachment-id=\"62028\" data-permalink=\"https:\/\/eldiariodesanpedro.com.ar\/sitio\/nota-por-falta-de-respuestas-al-hcd-luego-del-ajuste-pedido-por-el-centro-de-comercio\/nota-hcd-1\/\" data-orig-file=\"https:\/\/eldiariodesanpedro.com.ar\/sitio\/wp-content\/uploads\/2019\/10\/nota-hcd-1.jpeg\" data-orig-size=\"958,1280\" data-comments-opened=\"1\" data-image-meta=\"{&quot;aperture&quot;:&quot;0&quot;,&quot;credit&quot;:&quot;&quot;,&quot;camera&quot;:&quot;&quot;,&quot;caption&quot;:&quot;&quot;,&quot;created_timestamp&quot;:&quot;0&quot;,&quot;copyright&quot;:&quot;&quot;,&quot;focal_length&quot;:&quot;0&quot;,&quot;iso&quot;:&quot;0&quot;,&quot;shutter_speed&quot;:&quot;0&quot;,&quot;title&quot;:&quot;&quot;,&quot;orientation&quot;:&quot;0&quot;}\" data-image-title=\"nota hcd (1)\" data-image-description=\"\" data-image-caption=\"\" data-large-file=\"https:\/\/eldiariodesanpedro.com.ar\/sitio\/wp-content\/uploads\/2019\/10\/nota-hcd-1-766x1024.jpeg\" data-src=\"https:\/\/eldiariodesanpedro.com.ar\/sitio\/wp-content\/uploads\/2019\/10\/nota-hcd-1-766x1024.jpeg\" alt=\"\" data-id=\"62028\" data-link=\"https:\/\/eldiariodesanpedro.com.ar\/sitio\/?attachment_id=62028\" class=\"wp-image-62028 lazyload\" data-srcset=\"https:\/\/eldiariodesanpedro.com.ar\/sitio\/wp-content\/uploads\/2019\/10\/nota-hcd-1-766x1024.jpeg 766w, https:\/\/eldiariodesanpedro.com.ar\/sitio\/wp-content\/uploads\/2019\/10\/nota-hcd-1-225x300.jpeg 225w, https:\/\/eldiariodesanpedro.com.ar\/sitio\/wp-content\/uploads\/2019\/10\/nota-hcd-1-768x1026.jpeg 768w, https:\/\/eldiariodesanpedro.com.ar\/sitio\/wp-content\/uploads\/2019\/10\/nota-hcd-1.jpeg 958w\" data-sizes=\"(max-width: 766px) 100vw, 766px\" src=\"data:image\/svg+xml;base64,PHN2ZyB3aWR0aD0iMSIgaGVpZ2h0PSIxIiB4bWxucz0iaHR0cDovL3d3dy53My5vcmcvMjAwMC9zdmciPjwvc3ZnPg==\" style=\"--smush-placeholder-width: 766px; --smush-placeholder-aspect-ratio: 766\/1024;\" \/><\/figure><\/li><\/ul>\n\n\n\n<p><br><\/p>\n","protected":false},"excerpt":{"rendered":"<p>El Centro de Comercio e Industria de San Pedro manifiesta su preocupaci\u00f3n ante la falta de respuesta del HCD para dar tratamiento a nuestro pedido de evaluar un ajuste del presupuesto considerando que el mismo no condice con la situaci\u00f3n econ\u00f3mica que atraviesan los sectores comerciales e industriales de nuestra ciudad, reflejado tambi\u00e9n en el [&hellip;]<\/p>\n","protected":false},"author":4,"featured_media":62028,"comment_status":"open","ping_status":"closed","sticky":false,"template":"","format":"standard","meta":{"om_disable_all_campaigns":false,"_jetpack_memberships_contains_paid_content":false,"footnotes":""},"categories":[101,2],"tags":[],"class_list":["post-62027","post","type-post","status-publish","format-standard","has-post-thumbnail","hentry","category-interes-general-locales","category-locales"],"aioseo_notices":[],"gutentor_comment":0,"jetpack_featured_media_url":"https:\/\/eldiariodesanpedro.com.ar\/sitio\/wp-content\/uploads\/2019\/10\/nota-hcd-1.jpeg","jetpack_shortlink":"https:\/\/wp.me\/p6RhLt-g8r","jetpack_sharing_enabled":true,"_links":{"self":[{"href":"https:\/\/eldiariodesanpedro.com.ar\/sitio\/wp-json\/wp\/v2\/posts\/62027","targetHints":{"allow":["GET"]}}],"collection":[{"href":"https:\/\/eldiariodesanpedro.com.ar\/sitio\/wp-json\/wp\/v2\/posts"}],"about":[{"href":"https:\/\/eldiariodesanpedro.com.ar\/sitio\/wp-json\/wp\/v2\/types\/post"}],"author":[{"embeddable":true,"href":"https:\/\/eldiariodesanpedro.com.ar\/sitio\/wp-json\/wp\/v2\/users\/4"}],"replies":[{"embeddable":true,"href":"https:\/\/eldiariodesanpedro.com.ar\/sitio\/wp-json\/wp\/v2\/comments?post=62027"}],"version-history":[{"count":1,"href":"https:\/\/eldiariodesanpedro.com.ar\/sitio\/wp-json\/wp\/v2\/posts\/62027\/revisions"}],"predecessor-version":[{"id":62030,"href":"https:\/\/eldiariodesanpedro.com.ar\/sitio\/wp-json\/wp\/v2\/posts\/62027\/revisions\/62030"}],"wp:featuredmedia":[{"embeddable":true,"href":"https:\/\/eldiariodesanpedro.com.ar\/sitio\/wp-json\/wp\/v2\/media\/62028"}],"wp:attachment":[{"href":"https:\/\/eldiariodesanpedro.com.ar\/sitio\/wp-json\/wp\/v2\/media?parent=62027"}],"wp:term":[{"taxonomy":"category","embeddable":true,"href":"https:\/\/eldiariodesanpedro.com.ar\/sitio\/wp-json\/wp\/v2\/categories?post=62027"},{"taxonomy":"post_tag","embeddable":true,"href":"https:\/\/eldiariodesanpedro.com.ar\/sitio\/wp-json\/wp\/v2\/tags?post=62027"}],"curies":[{"name":"wp","href":"https:\/\/api.w.org\/{rel}","templated":true}]}}