{"id":62022,"date":"2019-10-15T17:25:22","date_gmt":"2019-10-15T20:25:22","guid":{"rendered":"https:\/\/eldiariodesanpedro.com.ar\/sitio\/?p=62022"},"modified":"2019-10-15T17:25:26","modified_gmt":"2019-10-15T20:25:26","slug":"accidente-vuelco-en-camino-guzzo","status":"publish","type":"post","link":"https:\/\/eldiariodesanpedro.com.ar\/sitio\/accidente-vuelco-en-camino-guzzo\/","title":{"rendered":"ACCIDENTE: Vuelco en Camino Guzzo"},"content":{"rendered":"<!-- VideographyWP Plugin Message: Automatic video embedding prevented by plugin options. -->\n\n<p>Un matrimonio de Gobernador Castro volc\u00f3 est\u00e1 ma\u00f1ana en camino de Guzzo. Ambas personas se encuentran en buen estado de salud.<\/p>\n\n\n\n<p>El siniestro se produjo cuando un autom\u00f3vil marca Susuki Fun produjo un  vuelco a la altura del camino de Guzzo.<\/p>\n\n\n\n<p> Por causas que se tratan de establecer, milagrosamente la pareja que circulaba en el vehiculo resulto con lesiones leves<\/p>\n\n\n\n<p>Fuente: FM RA Gobernador Castro<\/p>\n\n\n\n<ul class=\"wp-block-gallery columns-3 is-cropped wp-block-gallery-1 is-layout-flex wp-block-gallery-is-layout-flex\"><li class=\"blocks-gallery-item\"><figure><img decoding=\"async\" width=\"720\" height=\"960\" data-attachment-id=\"62023\" data-permalink=\"https:\/\/eldiariodesanpedro.com.ar\/sitio\/accidente-vuelco-en-camino-guzzo\/72432486_10159028312768696_6456988231475920896_n\/\" data-orig-file=\"https:\/\/eldiariodesanpedro.com.ar\/sitio\/wp-content\/uploads\/2019\/10\/72432486_10159028312768696_6456988231475920896_n.jpg\" data-orig-size=\"720,960\" data-comments-opened=\"1\" data-image-meta=\"{&quot;aperture&quot;:&quot;0&quot;,&quot;credit&quot;:&quot;&quot;,&quot;camera&quot;:&quot;&quot;,&quot;caption&quot;:&quot;&quot;,&quot;created_timestamp&quot;:&quot;0&quot;,&quot;copyright&quot;:&quot;&quot;,&quot;focal_length&quot;:&quot;0&quot;,&quot;iso&quot;:&quot;0&quot;,&quot;shutter_speed&quot;:&quot;0&quot;,&quot;title&quot;:&quot;&quot;,&quot;orientation&quot;:&quot;0&quot;}\" data-image-title=\"72432486_10159028312768696_6456988231475920896_n\" data-image-description=\"\" data-image-caption=\"\" data-large-file=\"https:\/\/eldiariodesanpedro.com.ar\/sitio\/wp-content\/uploads\/2019\/10\/72432486_10159028312768696_6456988231475920896_n.jpg\" data-src=\"https:\/\/eldiariodesanpedro.com.ar\/sitio\/wp-content\/uploads\/2019\/10\/72432486_10159028312768696_6456988231475920896_n.jpg\" alt=\"\" data-id=\"62023\" data-link=\"https:\/\/eldiariodesanpedro.com.ar\/sitio\/?attachment_id=62023\" class=\"wp-image-62023 lazyload\" data-srcset=\"https:\/\/eldiariodesanpedro.com.ar\/sitio\/wp-content\/uploads\/2019\/10\/72432486_10159028312768696_6456988231475920896_n.jpg 720w, https:\/\/eldiariodesanpedro.com.ar\/sitio\/wp-content\/uploads\/2019\/10\/72432486_10159028312768696_6456988231475920896_n-225x300.jpg 225w\" data-sizes=\"(max-width: 720px) 100vw, 720px\" src=\"data:image\/svg+xml;base64,PHN2ZyB3aWR0aD0iMSIgaGVpZ2h0PSIxIiB4bWxucz0iaHR0cDovL3d3dy53My5vcmcvMjAwMC9zdmciPjwvc3ZnPg==\" style=\"--smush-placeholder-width: 720px; --smush-placeholder-aspect-ratio: 720\/960;\" \/><\/figure><\/li><li class=\"blocks-gallery-item\"><figure><img decoding=\"async\" width=\"720\" height=\"960\" data-attachment-id=\"62024\" data-permalink=\"https:\/\/eldiariodesanpedro.com.ar\/sitio\/accidente-vuelco-en-camino-guzzo\/73145178_10159028313653696_4092022605136003072_n\/\" data-orig-file=\"https:\/\/eldiariodesanpedro.com.ar\/sitio\/wp-content\/uploads\/2019\/10\/73145178_10159028313653696_4092022605136003072_n.jpg\" data-orig-size=\"720,960\" data-comments-opened=\"1\" data-image-meta=\"{&quot;aperture&quot;:&quot;0&quot;,&quot;credit&quot;:&quot;&quot;,&quot;camera&quot;:&quot;&quot;,&quot;caption&quot;:&quot;&quot;,&quot;created_timestamp&quot;:&quot;0&quot;,&quot;copyright&quot;:&quot;&quot;,&quot;focal_length&quot;:&quot;0&quot;,&quot;iso&quot;:&quot;0&quot;,&quot;shutter_speed&quot;:&quot;0&quot;,&quot;title&quot;:&quot;&quot;,&quot;orientation&quot;:&quot;0&quot;}\" data-image-title=\"73145178_10159028313653696_4092022605136003072_n\" data-image-description=\"\" data-image-caption=\"\" data-large-file=\"https:\/\/eldiariodesanpedro.com.ar\/sitio\/wp-content\/uploads\/2019\/10\/73145178_10159028313653696_4092022605136003072_n.jpg\" data-src=\"https:\/\/eldiariodesanpedro.com.ar\/sitio\/wp-content\/uploads\/2019\/10\/73145178_10159028313653696_4092022605136003072_n.jpg\" alt=\"\" data-id=\"62024\" data-link=\"https:\/\/eldiariodesanpedro.com.ar\/sitio\/?attachment_id=62024\" class=\"wp-image-62024 lazyload\" data-srcset=\"https:\/\/eldiariodesanpedro.com.ar\/sitio\/wp-content\/uploads\/2019\/10\/73145178_10159028313653696_4092022605136003072_n.jpg 720w, https:\/\/eldiariodesanpedro.com.ar\/sitio\/wp-content\/uploads\/2019\/10\/73145178_10159028313653696_4092022605136003072_n-225x300.jpg 225w\" data-sizes=\"(max-width: 720px) 100vw, 720px\" src=\"data:image\/svg+xml;base64,PHN2ZyB3aWR0aD0iMSIgaGVpZ2h0PSIxIiB4bWxucz0iaHR0cDovL3d3dy53My5vcmcvMjAwMC9zdmciPjwvc3ZnPg==\" style=\"--smush-placeholder-width: 720px; --smush-placeholder-aspect-ratio: 720\/960;\" \/><\/figure><\/li><li class=\"blocks-gallery-item\"><figure><img decoding=\"async\" width=\"720\" height=\"960\" data-attachment-id=\"62025\" data-permalink=\"https:\/\/eldiariodesanpedro.com.ar\/sitio\/accidente-vuelco-en-camino-guzzo\/73264095_10159028313193696_7688014145857257472_n\/\" data-orig-file=\"https:\/\/eldiariodesanpedro.com.ar\/sitio\/wp-content\/uploads\/2019\/10\/73264095_10159028313193696_7688014145857257472_n.jpg\" data-orig-size=\"720,960\" data-comments-opened=\"1\" data-image-meta=\"{&quot;aperture&quot;:&quot;0&quot;,&quot;credit&quot;:&quot;&quot;,&quot;camera&quot;:&quot;&quot;,&quot;caption&quot;:&quot;&quot;,&quot;created_timestamp&quot;:&quot;0&quot;,&quot;copyright&quot;:&quot;&quot;,&quot;focal_length&quot;:&quot;0&quot;,&quot;iso&quot;:&quot;0&quot;,&quot;shutter_speed&quot;:&quot;0&quot;,&quot;title&quot;:&quot;&quot;,&quot;orientation&quot;:&quot;0&quot;}\" data-image-title=\"73264095_10159028313193696_7688014145857257472_n\" data-image-description=\"\" data-image-caption=\"\" data-large-file=\"https:\/\/eldiariodesanpedro.com.ar\/sitio\/wp-content\/uploads\/2019\/10\/73264095_10159028313193696_7688014145857257472_n.jpg\" data-src=\"https:\/\/eldiariodesanpedro.com.ar\/sitio\/wp-content\/uploads\/2019\/10\/73264095_10159028313193696_7688014145857257472_n.jpg\" alt=\"\" data-id=\"62025\" data-link=\"https:\/\/eldiariodesanpedro.com.ar\/sitio\/?attachment_id=62025\" class=\"wp-image-62025 lazyload\" data-srcset=\"https:\/\/eldiariodesanpedro.com.ar\/sitio\/wp-content\/uploads\/2019\/10\/73264095_10159028313193696_7688014145857257472_n.jpg 720w, https:\/\/eldiariodesanpedro.com.ar\/sitio\/wp-content\/uploads\/2019\/10\/73264095_10159028313193696_7688014145857257472_n-225x300.jpg 225w\" data-sizes=\"(max-width: 720px) 100vw, 720px\" src=\"data:image\/svg+xml;base64,PHN2ZyB3aWR0aD0iMSIgaGVpZ2h0PSIxIiB4bWxucz0iaHR0cDovL3d3dy53My5vcmcvMjAwMC9zdmciPjwvc3ZnPg==\" style=\"--smush-placeholder-width: 720px; --smush-placeholder-aspect-ratio: 720\/960;\" \/><\/figure><\/li><\/ul>\n","protected":false},"excerpt":{"rendered":"<p>Un matrimonio de Gobernador Castro volc\u00f3 est\u00e1 ma\u00f1ana en camino de Guzzo. Ambas personas se encuentran en buen estado de salud. El siniestro se produjo cuando un autom\u00f3vil marca Susuki Fun produjo un vuelco a la altura del camino de Guzzo. Por causas que se tratan de establecer, milagrosamente la pareja que circulaba en el [&hellip;]<\/p>\n","protected":false},"author":4,"featured_media":62024,"comment_status":"open","ping_status":"closed","sticky":false,"template":"","format":"standard","meta":{"om_disable_all_campaigns":false,"_jetpack_memberships_contains_paid_content":false,"footnotes":""},"categories":[2,103],"tags":[],"class_list":["post-62022","post","type-post","status-publish","format-standard","has-post-thumbnail","hentry","category-locales","category-policiales-locales"],"aioseo_notices":[],"gutentor_comment":0,"jetpack_featured_media_url":"https:\/\/eldiariodesanpedro.com.ar\/sitio\/wp-content\/uploads\/2019\/10\/73145178_10159028313653696_4092022605136003072_n.jpg","jetpack_shortlink":"https:\/\/wp.me\/p6RhLt-g8m","jetpack_sharing_enabled":true,"_links":{"self":[{"href":"https:\/\/eldiariodesanpedro.com.ar\/sitio\/wp-json\/wp\/v2\/posts\/62022","targetHints":{"allow":["GET"]}}],"collection":[{"href":"https:\/\/eldiariodesanpedro.com.ar\/sitio\/wp-json\/wp\/v2\/posts"}],"about":[{"href":"https:\/\/eldiariodesanpedro.com.ar\/sitio\/wp-json\/wp\/v2\/types\/post"}],"author":[{"embeddable":true,"href":"https:\/\/eldiariodesanpedro.com.ar\/sitio\/wp-json\/wp\/v2\/users\/4"}],"replies":[{"embeddable":true,"href":"https:\/\/eldiariodesanpedro.com.ar\/sitio\/wp-json\/wp\/v2\/comments?post=62022"}],"version-history":[{"count":1,"href":"https:\/\/eldiariodesanpedro.com.ar\/sitio\/wp-json\/wp\/v2\/posts\/62022\/revisions"}],"predecessor-version":[{"id":62026,"href":"https:\/\/eldiariodesanpedro.com.ar\/sitio\/wp-json\/wp\/v2\/posts\/62022\/revisions\/62026"}],"wp:featuredmedia":[{"embeddable":true,"href":"https:\/\/eldiariodesanpedro.com.ar\/sitio\/wp-json\/wp\/v2\/media\/62024"}],"wp:attachment":[{"href":"https:\/\/eldiariodesanpedro.com.ar\/sitio\/wp-json\/wp\/v2\/media?parent=62022"}],"wp:term":[{"taxonomy":"category","embeddable":true,"href":"https:\/\/eldiariodesanpedro.com.ar\/sitio\/wp-json\/wp\/v2\/categories?post=62022"},{"taxonomy":"post_tag","embeddable":true,"href":"https:\/\/eldiariodesanpedro.com.ar\/sitio\/wp-json\/wp\/v2\/tags?post=62022"}],"curies":[{"name":"wp","href":"https:\/\/api.w.org\/{rel}","templated":true}]}}