{"id":62019,"date":"2019-10-15T17:05:56","date_gmt":"2019-10-15T20:05:56","guid":{"rendered":"https:\/\/eldiariodesanpedro.com.ar\/sitio\/?p=62019"},"modified":"2019-10-15T17:06:00","modified_gmt":"2019-10-15T20:06:00","slug":"zarate-delincuentes-robaron-todas-las-herramientas-de-la-escuela-tecnica-n1-las-perdidas-fueron-valuadas-en-150-mil-pesos","status":"publish","type":"post","link":"https:\/\/eldiariodesanpedro.com.ar\/sitio\/zarate-delincuentes-robaron-todas-las-herramientas-de-la-escuela-tecnica-n1-las-perdidas-fueron-valuadas-en-150-mil-pesos\/","title":{"rendered":"Z\u00c1RATE | Delincuentes robaron todas las herramientas de la escuela t\u00e9cnica N\u00b01: Las p\u00e9rdidas fueron valuadas en 150 mil pesos"},"content":{"rendered":"<!-- VideographyWP Plugin Message: Automatic video embedding prevented by plugin options. -->\n\n<p>El Colegio Industrial de Z\u00e1rate fue v\u00edctima de la inseguridad durante la madrugada de ayer, luego de que un grupo de ladrones saquearon todas las herramientas con las que cuentan para el dictado de los talleres y otros proyectos educativos.<\/p>\n\n\n\n<p> Por el momento, se desconoce el horario de ingreso de los malvivientes, al igual que cu\u00e1ntas personas se requirieron para llevar a cabo el robo que golpea duramente a la escuela, puesto que la cantidad de herramientas robadas, equivale a una suma de dinero que asciende a los 150 mil pesos.<br> Desde la escuela informaron que los sujetos lograron ingresar luego de realizar un corte en la estructura de chapa ubicada sobre la pared del taller; se estima que por all\u00ed, tambi\u00e9n lograron sacar el bot\u00edn hacia el exterior.<\/p>\n\n\n\n<p> Entre los elementos sustra\u00eddos, se destacan las herramientas el\u00e9ctricas, entre ellas, cuatro agujereadoras, caladoras, amoladoras, pistolas de calor, a lo que se suman juegos completos de llaves combinadas, pinzas, llaves francesas y destornilladores.<\/p>\n\n\n\n<p> Como consecuencia de este indignante ataque se ven perjudicados en el desarrollo del proyecto del desaf\u00edo Eco-YPF del que la escuela est\u00e1 participando as\u00ed como tambi\u00e9n en el dictado de las clases en los talleres. Por otra parte las autoridades educativas adelantaron que buscar\u00e1n gestionar ante el municipio incremento en la seguridad, la colocaci\u00f3n de c\u00e1maras y la iluminaci\u00f3n en la zona posterior del establecimiento, junto a las v\u00edas, la cual presenta una gran oscuridad.<\/p>\n\n\n\n<p> Fuente: Impacto Local<\/p>\n","protected":false},"excerpt":{"rendered":"<p>El Colegio Industrial de Z\u00e1rate fue v\u00edctima de la inseguridad durante la madrugada de ayer, luego de que un grupo de ladrones saquearon todas las herramientas con las que cuentan para el dictado de los talleres y otros proyectos educativos. Por el momento, se desconoce el horario de ingreso de los malvivientes, al igual que [&hellip;]<\/p>\n","protected":false},"author":4,"featured_media":62020,"comment_status":"open","ping_status":"closed","sticky":false,"template":"","format":"standard","meta":{"om_disable_all_campaigns":false,"_jetpack_memberships_contains_paid_content":false,"footnotes":""},"categories":[621],"tags":[],"class_list":["post-62019","post","type-post","status-publish","format-standard","has-post-thumbnail","hentry","category-regionales"],"aioseo_notices":[],"gutentor_comment":0,"jetpack_featured_media_url":"https:\/\/eldiariodesanpedro.com.ar\/sitio\/wp-content\/uploads\/2019\/10\/robo-escuela-industrial.jpg","jetpack_shortlink":"https:\/\/wp.me\/p6RhLt-g8j","jetpack_sharing_enabled":true,"_links":{"self":[{"href":"https:\/\/eldiariodesanpedro.com.ar\/sitio\/wp-json\/wp\/v2\/posts\/62019","targetHints":{"allow":["GET"]}}],"collection":[{"href":"https:\/\/eldiariodesanpedro.com.ar\/sitio\/wp-json\/wp\/v2\/posts"}],"about":[{"href":"https:\/\/eldiariodesanpedro.com.ar\/sitio\/wp-json\/wp\/v2\/types\/post"}],"author":[{"embeddable":true,"href":"https:\/\/eldiariodesanpedro.com.ar\/sitio\/wp-json\/wp\/v2\/users\/4"}],"replies":[{"embeddable":true,"href":"https:\/\/eldiariodesanpedro.com.ar\/sitio\/wp-json\/wp\/v2\/comments?post=62019"}],"version-history":[{"count":1,"href":"https:\/\/eldiariodesanpedro.com.ar\/sitio\/wp-json\/wp\/v2\/posts\/62019\/revisions"}],"predecessor-version":[{"id":62021,"href":"https:\/\/eldiariodesanpedro.com.ar\/sitio\/wp-json\/wp\/v2\/posts\/62019\/revisions\/62021"}],"wp:featuredmedia":[{"embeddable":true,"href":"https:\/\/eldiariodesanpedro.com.ar\/sitio\/wp-json\/wp\/v2\/media\/62020"}],"wp:attachment":[{"href":"https:\/\/eldiariodesanpedro.com.ar\/sitio\/wp-json\/wp\/v2\/media?parent=62019"}],"wp:term":[{"taxonomy":"category","embeddable":true,"href":"https:\/\/eldiariodesanpedro.com.ar\/sitio\/wp-json\/wp\/v2\/categories?post=62019"},{"taxonomy":"post_tag","embeddable":true,"href":"https:\/\/eldiariodesanpedro.com.ar\/sitio\/wp-json\/wp\/v2\/tags?post=62019"}],"curies":[{"name":"wp","href":"https:\/\/api.w.org\/{rel}","templated":true}]}}