{"id":62016,"date":"2019-10-15T16:57:34","date_gmt":"2019-10-15T19:57:34","guid":{"rendered":"https:\/\/eldiariodesanpedro.com.ar\/sitio\/?p=62016"},"modified":"2019-10-15T16:57:38","modified_gmt":"2019-10-15T19:57:38","slug":"campana-abella-las-malas-politicas-del-estado-destruyeron-a-la-industria-petroquimica","status":"publish","type":"post","link":"https:\/\/eldiariodesanpedro.com.ar\/sitio\/campana-abella-las-malas-politicas-del-estado-destruyeron-a-la-industria-petroquimica\/","title":{"rendered":"CAMPANA | Abella: \u201cLas malas pol\u00edticas del Estado destruyeron a la industria petroqu\u00edmica\u201d"},"content":{"rendered":"<!-- VideographyWP Plugin Message: Automatic video embedding prevented by plugin options. -->\n\n<p>\n\nEn la zona, durante los \u00faltimos a\u00f1os, la industria qu\u00edmica y petroqu\u00edmica sufri\u00f3 el despido de 600 trabajadores; el cierre de las empresas Lanxess, Quipro, Atanor Baradero y Rohm and Hass; la reducci\u00f3n del 50% del personal en Bunge y alrededor del 60% en Carboclor. Cifras que trasladadas a la cotidianeidad denotan un fuerte impacto en la econom\u00eda de numerosas de familias de la regi\u00f3n.<\/p>\n\n\n\n<p>\u201cLa situaci\u00f3n de algunas empresas, como la de Carboclor por ejemplo, afect\u00f3 notablemente a la comunidad de Campana. Sin embargo, el intendente Sebasti\u00e1n Abella no se ocup\u00f3 del tema. No pudimos tener ni una sola reuni\u00f3n, nunca nos recibi\u00f3. \u00c9l respondi\u00f3 y adhiri\u00f3 tambi\u00e9n a esta postura pasiva y de cero intervenci\u00f3n cerr\u00e1ndonos por completo el di\u00e1logo y evitando involucrarse\u201d, subray\u00f3 N\u00e9stor Carrizo \u2013actual Tesorero y Secretario General electo- del Sindicato de la Industria Qu\u00edmica y Petroqu\u00edmica de Z\u00e1rate, Campana y el Litoral<\/p>\n\n\n\n<p>Estos tres \u00faltimos a\u00f1os, el sector debi\u00f3 soportar la embestida de la apertura indiscriminada de las importaciones, un tipo de cambio desfavorable y un 65% de la producci\u00f3n destinado a un mercado interno poco competitivo.<\/p>\n\n\n\n<p>\u201cLa situaci\u00f3n fue muy dif\u00edcil desde un primer momento porque no hubo posibilidades de negociaciones. Sentimos que el gobierno ni el Ministerio de Trabajo quisieron intervenir en las empresas. Parec\u00eda que la intervenci\u00f3n en el mercado laboral estaba prohibida\u201d, detall\u00f3 Carrizo respecto a los despidos.<\/p>\n\n\n\n<p>Quien adem\u00e1s enfatiz\u00f3 que \u201cno hab\u00eda di\u00e1logo, conciliaciones, nada\u201d y que \u201cel Gobierno eligi\u00f3 no intervenir esperando que el mercado se reactivara por s\u00ed solo sin considerar que detr\u00e1s del conflicto hay trabajadores y familias\u201d.<\/p>\n\n\n\n<p>Tambi\u00e9n indic\u00f3 que \u201clamentablemente\u201d fue muy bajo el porcentaje de trabajadores que lograron reubicarse. Solo pudieron hacerlo unos pocos j\u00f3venes que, a partir de su experiencia, fueron reabsorbidos por el sector. Pero los mayores no tuvieron la misma suerte y a\u00fan siguen desempleados.<\/p>\n\n\n\n<p>\u201cA esto, -agreg\u00f3- hay que sumarle que la cifra de desempleo es a\u00fan mayor porque cuando indicamos que se despidieron a m\u00e1s de 600 trabajadores hablamos de quienes integran nuestro convenio, pero hay que tener en cuenta que por cada empresa que cierra hay supervisores, jefes y administrativos que tambi\u00e9n pierden su fuente de trabajo\u201d.<\/p>\n\n\n\n<p>Lejos de ser una situaci\u00f3n que qued\u00f3 atr\u00e1s, Carrizo asegur\u00f3 que el conflicto sigue vigente: \u201cPor ejemplo, negociamos paritarias con las empresas y llegamos a un acuerdo, pero el Ministerio de Trabajo no lo homologa\u201d.<\/p>\n\n\n\n<p>Y destac\u00f3 que \u201clas empresas pagan por buena voluntad\u201d y porque de alguna manera \u201centienden que los trabajadores tampoco son responsables de la actual situaci\u00f3n\u201d.<\/p>\n\n\n\n<p>Seg\u00fan explic\u00f3, Carrizo los recientes resultados de las PASO \u201clas pusieron en un comp\u00e1s de espera\u201d que, por el momento, retienen proyectos productivos y sostienen el cierre de sectores, entre otras cuestiones. \u201cA la espera de una mejora en la situaci\u00f3n econ\u00f3mica\u201d, precis\u00f3.<\/p>\n\n\n\n<p>\u201cEstamos convencidos de que las malas pol\u00edticas del Estado destruyeron a la industria petroqu\u00edmica. Sin embargo, todos apostamos al crecimiento del pa\u00eds. Queremos que la industria de Z\u00e1rate y Campana vuelva a ser lo que era\u201d, cerr\u00f3 Carrizo. <\/p>\n\n\n\n<p>Fuente: Campana Noticias<\/p>\n","protected":false},"excerpt":{"rendered":"<p>En la zona, durante los \u00faltimos a\u00f1os, la industria qu\u00edmica y petroqu\u00edmica sufri\u00f3 el despido de 600 trabajadores; el cierre de las empresas Lanxess, Quipro, Atanor Baradero y Rohm and Hass; la reducci\u00f3n del 50% del personal en Bunge y alrededor del 60% en Carboclor. Cifras que trasladadas a la cotidianeidad denotan un fuerte impacto [&hellip;]<\/p>\n","protected":false},"author":4,"featured_media":62017,"comment_status":"open","ping_status":"closed","sticky":false,"template":"","format":"standard","meta":{"om_disable_all_campaigns":false,"_jetpack_memberships_contains_paid_content":false,"footnotes":""},"categories":[621],"tags":[],"class_list":["post-62016","post","type-post","status-publish","format-standard","has-post-thumbnail","hentry","category-regionales"],"aioseo_notices":[],"gutentor_comment":0,"jetpack_featured_media_url":"https:\/\/eldiariodesanpedro.com.ar\/sitio\/wp-content\/uploads\/2019\/10\/PAGINA-6.jpg","jetpack_shortlink":"https:\/\/wp.me\/p6RhLt-g8g","jetpack_sharing_enabled":true,"_links":{"self":[{"href":"https:\/\/eldiariodesanpedro.com.ar\/sitio\/wp-json\/wp\/v2\/posts\/62016","targetHints":{"allow":["GET"]}}],"collection":[{"href":"https:\/\/eldiariodesanpedro.com.ar\/sitio\/wp-json\/wp\/v2\/posts"}],"about":[{"href":"https:\/\/eldiariodesanpedro.com.ar\/sitio\/wp-json\/wp\/v2\/types\/post"}],"author":[{"embeddable":true,"href":"https:\/\/eldiariodesanpedro.com.ar\/sitio\/wp-json\/wp\/v2\/users\/4"}],"replies":[{"embeddable":true,"href":"https:\/\/eldiariodesanpedro.com.ar\/sitio\/wp-json\/wp\/v2\/comments?post=62016"}],"version-history":[{"count":1,"href":"https:\/\/eldiariodesanpedro.com.ar\/sitio\/wp-json\/wp\/v2\/posts\/62016\/revisions"}],"predecessor-version":[{"id":62018,"href":"https:\/\/eldiariodesanpedro.com.ar\/sitio\/wp-json\/wp\/v2\/posts\/62016\/revisions\/62018"}],"wp:featuredmedia":[{"embeddable":true,"href":"https:\/\/eldiariodesanpedro.com.ar\/sitio\/wp-json\/wp\/v2\/media\/62017"}],"wp:attachment":[{"href":"https:\/\/eldiariodesanpedro.com.ar\/sitio\/wp-json\/wp\/v2\/media?parent=62016"}],"wp:term":[{"taxonomy":"category","embeddable":true,"href":"https:\/\/eldiariodesanpedro.com.ar\/sitio\/wp-json\/wp\/v2\/categories?post=62016"},{"taxonomy":"post_tag","embeddable":true,"href":"https:\/\/eldiariodesanpedro.com.ar\/sitio\/wp-json\/wp\/v2\/tags?post=62016"}],"curies":[{"name":"wp","href":"https:\/\/api.w.org\/{rel}","templated":true}]}}