{"id":62013,"date":"2019-10-15T16:54:06","date_gmt":"2019-10-15T19:54:06","guid":{"rendered":"https:\/\/eldiariodesanpedro.com.ar\/sitio\/?p=62013"},"modified":"2019-10-15T16:54:10","modified_gmt":"2019-10-15T19:54:10","slug":"san-nicolas-canapino-volvio-a-festejar-en-el-autodromo-de-la-ciudad","status":"publish","type":"post","link":"https:\/\/eldiariodesanpedro.com.ar\/sitio\/san-nicolas-canapino-volvio-a-festejar-en-el-autodromo-de-la-ciudad\/","title":{"rendered":"SAN NICOL\u00c1S: Canapino volvi\u00f3 a festejar en el aut\u00f3dromo de la ciudad"},"content":{"rendered":"<!-- VideographyWP Plugin Message: Automatic video embedding prevented by plugin options. -->\n\n<p>El piloto de arrecifes se qued\u00f3 con la victoria en la tercera fecha de la Copa de Oro del Turismo Carretera, demostrando que el circuito de nuestra ciudad le sienta bien (se consagr\u00f3 campe\u00f3n aqu\u00ed el a\u00f1o pasado) y qued\u00f3 a tiro del puntero del campeonato. Lo escoltaron Santiago Mangoni y Facundo Ardusso. Miles de fan\u00e1ticos disfrutaron de la m\u00e1xima categor\u00eda del automovilismo nacional.<\/p>\n\n\n\n<p> Canapino, vigente campe\u00f3n de la categor\u00eda, recorri\u00f3 las 30 vueltas del circuito en 49 minutos, 35 segundos y 909 mil\u00e9simas. Le sac\u00f3 1.655 segundos a su perseguidor, Mangoni, y 7.529s a Ardusso.<\/p>\n\n\n\n<p> Por su parte, Juan Manuel Silva, Juan Mart\u00edn Trucco, Mariano Werner, Emiliano Spataro, Juan Bautista De Benedictis, Jos\u00e9 Manuel Urcera y Emanuel Moriatis completaron los diez primeros puestos de la carrera. En tanto que Valent\u00edn Aguirre, el l\u00edder del campeonato, termin\u00f3 la competencia en la 11\u00aa posici\u00f3n.<\/p>\n\n\n\n<p> Con estos resultados, el campeonato tiene a Aguirre con 117 puntos en la Copa de Oro, seguido por Jos\u00e9 Manuel Urcera con 116.5 y por Canapino con 115.5.<\/p>\n\n\n\n<p> Fuente: Diario El Norte<\/p>\n","protected":false},"excerpt":{"rendered":"<p>El piloto de arrecifes se qued\u00f3 con la victoria en la tercera fecha de la Copa de Oro del Turismo Carretera, demostrando que el circuito de nuestra ciudad le sienta bien (se consagr\u00f3 campe\u00f3n aqu\u00ed el a\u00f1o pasado) y qued\u00f3 a tiro del puntero del campeonato. Lo escoltaron Santiago Mangoni y Facundo Ardusso. Miles de [&hellip;]<\/p>\n","protected":false},"author":4,"featured_media":62014,"comment_status":"open","ping_status":"closed","sticky":false,"template":"","format":"standard","meta":{"om_disable_all_campaigns":false,"_jetpack_memberships_contains_paid_content":false,"footnotes":""},"categories":[621],"tags":[],"class_list":["post-62013","post","type-post","status-publish","format-standard","has-post-thumbnail","hentry","category-regionales"],"aioseo_notices":[],"gutentor_comment":0,"jetpack_featured_media_url":"https:\/\/eldiariodesanpedro.com.ar\/sitio\/wp-content\/uploads\/2019\/10\/0-1-4.jpg","jetpack_shortlink":"https:\/\/wp.me\/p6RhLt-g8d","jetpack_sharing_enabled":true,"_links":{"self":[{"href":"https:\/\/eldiariodesanpedro.com.ar\/sitio\/wp-json\/wp\/v2\/posts\/62013","targetHints":{"allow":["GET"]}}],"collection":[{"href":"https:\/\/eldiariodesanpedro.com.ar\/sitio\/wp-json\/wp\/v2\/posts"}],"about":[{"href":"https:\/\/eldiariodesanpedro.com.ar\/sitio\/wp-json\/wp\/v2\/types\/post"}],"author":[{"embeddable":true,"href":"https:\/\/eldiariodesanpedro.com.ar\/sitio\/wp-json\/wp\/v2\/users\/4"}],"replies":[{"embeddable":true,"href":"https:\/\/eldiariodesanpedro.com.ar\/sitio\/wp-json\/wp\/v2\/comments?post=62013"}],"version-history":[{"count":1,"href":"https:\/\/eldiariodesanpedro.com.ar\/sitio\/wp-json\/wp\/v2\/posts\/62013\/revisions"}],"predecessor-version":[{"id":62015,"href":"https:\/\/eldiariodesanpedro.com.ar\/sitio\/wp-json\/wp\/v2\/posts\/62013\/revisions\/62015"}],"wp:featuredmedia":[{"embeddable":true,"href":"https:\/\/eldiariodesanpedro.com.ar\/sitio\/wp-json\/wp\/v2\/media\/62014"}],"wp:attachment":[{"href":"https:\/\/eldiariodesanpedro.com.ar\/sitio\/wp-json\/wp\/v2\/media?parent=62013"}],"wp:term":[{"taxonomy":"category","embeddable":true,"href":"https:\/\/eldiariodesanpedro.com.ar\/sitio\/wp-json\/wp\/v2\/categories?post=62013"},{"taxonomy":"post_tag","embeddable":true,"href":"https:\/\/eldiariodesanpedro.com.ar\/sitio\/wp-json\/wp\/v2\/tags?post=62013"}],"curies":[{"name":"wp","href":"https:\/\/api.w.org\/{rel}","templated":true}]}}