{"id":62010,"date":"2019-10-15T16:49:27","date_gmt":"2019-10-15T19:49:27","guid":{"rendered":"https:\/\/eldiariodesanpedro.com.ar\/sitio\/?p=62010"},"modified":"2019-10-15T16:49:31","modified_gmt":"2019-10-15T19:49:31","slug":"baradero-posible-caso-de-leptospirosis-trasladan-de-urgencia-a-un-joven","status":"publish","type":"post","link":"https:\/\/eldiariodesanpedro.com.ar\/sitio\/baradero-posible-caso-de-leptospirosis-trasladan-de-urgencia-a-un-joven\/","title":{"rendered":"BARADERO: Posible caso de leptospirosis: Trasladan de urgencia a un joven"},"content":{"rendered":"<!-- VideographyWP Plugin Message: Automatic video embedding prevented by plugin options. -->\n\n<p>Un joven de 30 a\u00f1os internado en el hospital municipal Dr. Lino Pi\u00f1eiro fue trasladado a un centro de salud de la ciudad de Mor\u00f3n con un cuadro de neumopat\u00eda bilateral y existen sospechas de que la causa sea leptospirosis.<br> Debido a la gravedad del cuadro fue aislado e internado en terapia intensiva.<\/p>\n\n\n\n<p> Los estudios realizados fueron enviados a Pergamino donde se espera la confirmaci\u00f3n o no de la sospecha.<\/p>\n\n\n\n<p> Sin perjuicio de lo que los resultados indiquen, el joven, es tratado con los mismos protocolos que se utilizan para la leptospirosis.<\/p>\n\n\n\n<p> La leptospirosis, tambi\u00e9n conocida como enfermedad de Weil o ictericia de Weill, es una enfermedad zoon\u00f3tica bacteriana. Corresponde a una enfermedad febril producida por la Leptospira interrogans, una bacteria del orden Spirochaetales, de la familia Leptospiraceae, que afecta a humanos y un amplio rango de animales, incluyendo a mam\u00edferos, aves, anfibios, y reptiles. Los principales s\u00edntomas en la mayor\u00eda de los casos son fiebre, cefalea, dolores musculares, articulares y \u00f3seos, ictericia, insuficiencia renal, hemorragias y afectaci\u00f3n de las meninges. Es una enfermedad zoon\u00f3tica, manifest\u00e1ndose principalmente en \u00e9pocas de lluvias e inundaciones y de amplia distribuci\u00f3n mundial.<\/p>\n\n\n\n<p>Fuente: Baradero te Informa<\/p>\n","protected":false},"excerpt":{"rendered":"<p>Un joven de 30 a\u00f1os internado en el hospital municipal Dr. Lino Pi\u00f1eiro fue trasladado a un centro de salud de la ciudad de Mor\u00f3n con un cuadro de neumopat\u00eda bilateral y existen sospechas de que la causa sea leptospirosis. Debido a la gravedad del cuadro fue aislado e internado en terapia intensiva. Los estudios [&hellip;]<\/p>\n","protected":false},"author":4,"featured_media":62011,"comment_status":"open","ping_status":"closed","sticky":false,"template":"","format":"standard","meta":{"om_disable_all_campaigns":false,"_jetpack_memberships_contains_paid_content":false,"footnotes":""},"categories":[621],"tags":[],"class_list":["post-62010","post","type-post","status-publish","format-standard","has-post-thumbnail","hentry","category-regionales"],"aioseo_notices":[],"gutentor_comment":0,"jetpack_featured_media_url":"https:\/\/eldiariodesanpedro.com.ar\/sitio\/wp-content\/uploads\/2019\/10\/resize_1548808939.jpg","jetpack_shortlink":"https:\/\/wp.me\/p6RhLt-g8a","jetpack_sharing_enabled":true,"_links":{"self":[{"href":"https:\/\/eldiariodesanpedro.com.ar\/sitio\/wp-json\/wp\/v2\/posts\/62010","targetHints":{"allow":["GET"]}}],"collection":[{"href":"https:\/\/eldiariodesanpedro.com.ar\/sitio\/wp-json\/wp\/v2\/posts"}],"about":[{"href":"https:\/\/eldiariodesanpedro.com.ar\/sitio\/wp-json\/wp\/v2\/types\/post"}],"author":[{"embeddable":true,"href":"https:\/\/eldiariodesanpedro.com.ar\/sitio\/wp-json\/wp\/v2\/users\/4"}],"replies":[{"embeddable":true,"href":"https:\/\/eldiariodesanpedro.com.ar\/sitio\/wp-json\/wp\/v2\/comments?post=62010"}],"version-history":[{"count":1,"href":"https:\/\/eldiariodesanpedro.com.ar\/sitio\/wp-json\/wp\/v2\/posts\/62010\/revisions"}],"predecessor-version":[{"id":62012,"href":"https:\/\/eldiariodesanpedro.com.ar\/sitio\/wp-json\/wp\/v2\/posts\/62010\/revisions\/62012"}],"wp:featuredmedia":[{"embeddable":true,"href":"https:\/\/eldiariodesanpedro.com.ar\/sitio\/wp-json\/wp\/v2\/media\/62011"}],"wp:attachment":[{"href":"https:\/\/eldiariodesanpedro.com.ar\/sitio\/wp-json\/wp\/v2\/media?parent=62010"}],"wp:term":[{"taxonomy":"category","embeddable":true,"href":"https:\/\/eldiariodesanpedro.com.ar\/sitio\/wp-json\/wp\/v2\/categories?post=62010"},{"taxonomy":"post_tag","embeddable":true,"href":"https:\/\/eldiariodesanpedro.com.ar\/sitio\/wp-json\/wp\/v2\/tags?post=62010"}],"curies":[{"name":"wp","href":"https:\/\/api.w.org\/{rel}","templated":true}]}}