{"id":62005,"date":"2019-10-15T16:41:54","date_gmt":"2019-10-15T19:41:54","guid":{"rendered":"https:\/\/eldiariodesanpedro.com.ar\/sitio\/?p=62005"},"modified":"2019-10-15T16:41:58","modified_gmt":"2019-10-15T19:41:58","slug":"san-nicolas-caso-de-la-beba-enterrada-el-juez-transformo-la-aprehension-de-la-madre-en-detencion","status":"publish","type":"post","link":"https:\/\/eldiariodesanpedro.com.ar\/sitio\/san-nicolas-caso-de-la-beba-enterrada-el-juez-transformo-la-aprehension-de-la-madre-en-detencion\/","title":{"rendered":"SAN NICOL\u00c1S | Caso de la beba enterrada: El juez transform\u00f3 la aprehensi\u00f3n de la madre en detenci\u00f3n"},"content":{"rendered":"<!-- VideographyWP Plugin Message: Automatic video embedding prevented by plugin options. -->\n\n<p>Tras el macabro descubrimiento del cad\u00e1ver de una beba enterrada en el patio de una casa, realizado por efectivos policiales, se efectu\u00f3 la autopsia preliminar. La madre estaba en situaci\u00f3n de aprehendida, pero luego de declarar el Juez resolvi\u00f3 transformarla en detenci\u00f3n.<br>\nEn el caso que gener\u00f3 una gran conmoci\u00f3n en nuestra ciudad, cuando fuerzas policiales desenterraron el cuerpo de una beba que tendr\u00eda entre 6 y 8 meses de gestaci\u00f3n en el patio de una vivienda de barrio Suizo, finalmente se realiz\u00f3 la autopsia preliminar que por el avanzado estado de descomposici\u00f3n del cuerpo no permiti\u00f3 determinar la causa de la muerte, lo que impidi\u00f3 por ahora determinar si la criatura naci\u00f3 muerta o falleci\u00f3 luego, siendo \u00e9sta una informaci\u00f3n fundamental para la causa.<br>\nLa madre de la criatura declar\u00f3 posteriormente y qued\u00f3 aprehendida. El fiscal de la causa tiene como hip\u00f3tesis que la chica dio a luz y enterr\u00f3 a la beba con auxilio, por lo que pidi\u00f3 que se convierta la aprehensi\u00f3n en detenci\u00f3n, decisi\u00f3n que ya tom\u00f3 el Juez de Garant\u00edas, algo que EL NORTE pudo confirmar ayer.<\/p>\n\n\n\n<p>Autopsia<br>\nLa autopsia confirm\u00f3 adem\u00e1s que la ni\u00f1a llevaba fallecida entre 13 y 15 d\u00edas. La Polic\u00eda cient\u00edfica envi\u00f3 los tejidos y restos a Anatomopatolog\u00eda de la ciudad de La Plata para su correspondiente an\u00e1lisis. La situaci\u00f3n es delicada porque en el informe preliminar de la autopsia el m\u00e9dico no puede determinar la causa de la muerte por el estado del cuerpo, y probablemente tampoco se pueda determinar m\u00e1s adelante lo que hace que no se puedan obtener certezas fundamentales para la causa. La mujer, de 24 a\u00f1os, declar\u00f3 en la Fiscal\u00eda que en septiembre hab\u00eda abortado, y que la situaci\u00f3n la super\u00f3 y decidi\u00f3 enterrar el cuerpo para no acudir al hospital, debido a que la criatura hab\u00eda nacido muerta y ten\u00eda temor a que le quitaran los otros dos hijos que tiene.<\/p>\n\n\n\n<p>Sorpresa<br>\nEl viernes comenz\u00f3 a circular oficiosamente una informaci\u00f3n cuando a trav\u00e9s de una denuncia que recibi\u00f3 la Polic\u00eda, se comenz\u00f3 a investigar la posibilidad de que el cuerpito de un beb\u00e9 haya sido enterrado en una casa. En sede policial se recogi\u00f3 la confidencia y se la traslad\u00f3 a la Unidad Fiscal de Investigaci\u00f3n N\u00ba 6, en turno, quien solicit\u00f3 de inmediato una orden de allanamiento al juez de Garant\u00edas Rom\u00e1n Parodi, que fue concedida y concretada el viernes por la tarde. Es as\u00ed que el operativo fue ejecutado en una vivienda del barrio Suizo, en la zona norte, por personal de la DDI local junto con la Polic\u00eda Cient\u00edfica y el instructor judicial de la UFI, Dr. Fernando Oc\u00e1riz, que dio como resultado el hallazgo del cuerpito dentro de un bolso.<br>\nEn el transcurso de la tarde, por lo que pudo averiguarse, se solicit\u00f3 un informe m\u00e9dico sobre la situaci\u00f3n de una persona presuntamente involucrada en el caso, sospech\u00e1ndose que era la madre de la beb\u00e9. Todo empez\u00f3 a conocerse a partir de una versi\u00f3n que recibi\u00f3 la Polic\u00eda, que la Fiscal\u00eda de turno atendi\u00f3 y que deriv\u00f3 en el allanamiento positivo.<br>\nFuente: Diario El Norte<\/p>\n","protected":false},"excerpt":{"rendered":"<p>Tras el macabro descubrimiento del cad\u00e1ver de una beba enterrada en el patio de una casa, realizado por efectivos policiales, se efectu\u00f3 la autopsia preliminar. La madre estaba en situaci\u00f3n de aprehendida, pero luego de declarar el Juez resolvi\u00f3 transformarla en detenci\u00f3n. En el caso que gener\u00f3 una gran conmoci\u00f3n en nuestra ciudad, cuando fuerzas [&hellip;]<\/p>\n","protected":false},"author":4,"featured_media":62008,"comment_status":"open","ping_status":"closed","sticky":false,"template":"","format":"standard","meta":{"om_disable_all_campaigns":false,"_jetpack_memberships_contains_paid_content":false,"footnotes":""},"categories":[621],"tags":[],"class_list":["post-62005","post","type-post","status-publish","format-standard","has-post-thumbnail","hentry","category-regionales"],"aioseo_notices":[],"gutentor_comment":0,"jetpack_featured_media_url":"https:\/\/eldiariodesanpedro.com.ar\/sitio\/wp-content\/uploads\/2019\/10\/0-6.jpg","jetpack_shortlink":"https:\/\/wp.me\/p6RhLt-g85","jetpack_sharing_enabled":true,"_links":{"self":[{"href":"https:\/\/eldiariodesanpedro.com.ar\/sitio\/wp-json\/wp\/v2\/posts\/62005","targetHints":{"allow":["GET"]}}],"collection":[{"href":"https:\/\/eldiariodesanpedro.com.ar\/sitio\/wp-json\/wp\/v2\/posts"}],"about":[{"href":"https:\/\/eldiariodesanpedro.com.ar\/sitio\/wp-json\/wp\/v2\/types\/post"}],"author":[{"embeddable":true,"href":"https:\/\/eldiariodesanpedro.com.ar\/sitio\/wp-json\/wp\/v2\/users\/4"}],"replies":[{"embeddable":true,"href":"https:\/\/eldiariodesanpedro.com.ar\/sitio\/wp-json\/wp\/v2\/comments?post=62005"}],"version-history":[{"count":1,"href":"https:\/\/eldiariodesanpedro.com.ar\/sitio\/wp-json\/wp\/v2\/posts\/62005\/revisions"}],"predecessor-version":[{"id":62009,"href":"https:\/\/eldiariodesanpedro.com.ar\/sitio\/wp-json\/wp\/v2\/posts\/62005\/revisions\/62009"}],"wp:featuredmedia":[{"embeddable":true,"href":"https:\/\/eldiariodesanpedro.com.ar\/sitio\/wp-json\/wp\/v2\/media\/62008"}],"wp:attachment":[{"href":"https:\/\/eldiariodesanpedro.com.ar\/sitio\/wp-json\/wp\/v2\/media?parent=62005"}],"wp:term":[{"taxonomy":"category","embeddable":true,"href":"https:\/\/eldiariodesanpedro.com.ar\/sitio\/wp-json\/wp\/v2\/categories?post=62005"},{"taxonomy":"post_tag","embeddable":true,"href":"https:\/\/eldiariodesanpedro.com.ar\/sitio\/wp-json\/wp\/v2\/tags?post=62005"}],"curies":[{"name":"wp","href":"https:\/\/api.w.org\/{rel}","templated":true}]}}