{"id":61982,"date":"2019-10-15T09:21:46","date_gmt":"2019-10-15T12:21:46","guid":{"rendered":"https:\/\/eldiariodesanpedro.com.ar\/sitio\/?p=61982"},"modified":"2019-10-15T09:29:07","modified_gmt":"2019-10-15T12:29:07","slug":"hoy-charla-sobre-manejo-seguro-la-moto-y-vos","status":"publish","type":"post","link":"https:\/\/eldiariodesanpedro.com.ar\/sitio\/hoy-charla-sobre-manejo-seguro-la-moto-y-vos\/","title":{"rendered":"Hoy: Charla sobre manejo seguro \u00abLa moto y vos\u00bb"},"content":{"rendered":"<!-- VideographyWP Plugin Message: Automatic video embedding prevented by plugin options. -->\n\n<p>En dos horarios se estar\u00e1 realizando la charla en el Centro Cultural Abelardo Castillo. A las 9 y 14 horas, organizado por  Red Solidaria San Pedro, con la participaci\u00f3n del moto viajero Fernando Picasso, el Dr Jose Herbas, jefe de accidentologia del Hospital y con el Director de Transito Angel Burgos.<\/p>\n\n\n\n<p>La charla esta  dirigida a un p\u00fablico en general, pero fueron invitados mas los jovenes entre 15 y 20 a\u00f1os de edad.<\/p>\n\n\n\n<p>Tendr\u00e1 como objetivo<\/p>\n\n\n\n<p>1. Promover el manejo responsable de motos.<\/p>\n\n\n\n<p>2. Lograr que los usuarios de motos sepan las ventajas de usar los elementos de protecci\u00f3n adecuados.<\/p>\n\n\n\n<p>3. Capacitar a personas para que tengan acceso en forma segura a un veh\u00edculo para su transporte diario.<\/p>\n\n\n\n<p>4. Lograr que el usuario de moto obtenga nociones b\u00e1sicas sobre c\u00f3mo conducir adecuadamente su veh\u00edculo, a fin de disminuir los siniestros de tr\u00e1nsito.<\/p>\n\n\n\n<p>5. Generar conciencia en los usuarios de motos sobre el beneficio que significa manejar correctamente su moto, respetando las normas de tr\u00e1nsito, y establecer una sana convivencia entre todos los usuarios de la v\u00eda publica.\n\n<\/p>\n\n\n\n<p> La entrada es libre y gratuita. <\/p>\n\n\n\n<figure class=\"wp-block-image\"><img decoding=\"async\" width=\"960\" height=\"698\" data-attachment-id=\"61985\" data-permalink=\"https:\/\/eldiariodesanpedro.com.ar\/sitio\/hoy-charla-sobre-manejo-seguro-la-moto-y-vos\/72167669_1735494413248545_6261633697011728384_n\/\" data-orig-file=\"https:\/\/eldiariodesanpedro.com.ar\/sitio\/wp-content\/uploads\/2019\/10\/72167669_1735494413248545_6261633697011728384_n.jpg\" data-orig-size=\"960,698\" data-comments-opened=\"1\" data-image-meta=\"{&quot;aperture&quot;:&quot;0&quot;,&quot;credit&quot;:&quot;&quot;,&quot;camera&quot;:&quot;&quot;,&quot;caption&quot;:&quot;&quot;,&quot;created_timestamp&quot;:&quot;0&quot;,&quot;copyright&quot;:&quot;&quot;,&quot;focal_length&quot;:&quot;0&quot;,&quot;iso&quot;:&quot;0&quot;,&quot;shutter_speed&quot;:&quot;0&quot;,&quot;title&quot;:&quot;&quot;,&quot;orientation&quot;:&quot;0&quot;}\" data-image-title=\"72167669_1735494413248545_6261633697011728384_n\" data-image-description=\"\" data-image-caption=\"\" data-large-file=\"https:\/\/eldiariodesanpedro.com.ar\/sitio\/wp-content\/uploads\/2019\/10\/72167669_1735494413248545_6261633697011728384_n.jpg\" data-src=\"https:\/\/eldiariodesanpedro.com.ar\/sitio\/wp-content\/uploads\/2019\/10\/72167669_1735494413248545_6261633697011728384_n.jpg\" alt=\"\" class=\"wp-image-61985 lazyload\" data-srcset=\"https:\/\/eldiariodesanpedro.com.ar\/sitio\/wp-content\/uploads\/2019\/10\/72167669_1735494413248545_6261633697011728384_n.jpg 960w, https:\/\/eldiariodesanpedro.com.ar\/sitio\/wp-content\/uploads\/2019\/10\/72167669_1735494413248545_6261633697011728384_n-300x218.jpg 300w, https:\/\/eldiariodesanpedro.com.ar\/sitio\/wp-content\/uploads\/2019\/10\/72167669_1735494413248545_6261633697011728384_n-768x558.jpg 768w\" data-sizes=\"(max-width: 960px) 100vw, 960px\" src=\"data:image\/svg+xml;base64,PHN2ZyB3aWR0aD0iMSIgaGVpZ2h0PSIxIiB4bWxucz0iaHR0cDovL3d3dy53My5vcmcvMjAwMC9zdmciPjwvc3ZnPg==\" style=\"--smush-placeholder-width: 960px; --smush-placeholder-aspect-ratio: 960\/698;\" \/><\/figure>\n","protected":false},"excerpt":{"rendered":"<p>En dos horarios se estar\u00e1 realizando la charla en el Centro Cultural Abelardo Castillo. A las 9 y 14 horas, organizado por Red Solidaria San Pedro, con la participaci\u00f3n del moto viajero Fernando Picasso, el Dr Jose Herbas, jefe de accidentologia del Hospital y con el Director de Transito Angel Burgos. La charla esta dirigida [&hellip;]<\/p>\n","protected":false},"author":4,"featured_media":61983,"comment_status":"open","ping_status":"closed","sticky":false,"template":"","format":"standard","meta":{"om_disable_all_campaigns":false,"_jetpack_memberships_contains_paid_content":false,"footnotes":""},"categories":[101,2],"tags":[],"class_list":["post-61982","post","type-post","status-publish","format-standard","has-post-thumbnail","hentry","category-interes-general-locales","category-locales"],"aioseo_notices":[],"gutentor_comment":0,"jetpack_featured_media_url":"https:\/\/eldiariodesanpedro.com.ar\/sitio\/wp-content\/uploads\/2019\/10\/Escuela_de_conduccion_de_motos_1.jpg","jetpack_shortlink":"https:\/\/wp.me\/p6RhLt-g7I","jetpack_sharing_enabled":true,"_links":{"self":[{"href":"https:\/\/eldiariodesanpedro.com.ar\/sitio\/wp-json\/wp\/v2\/posts\/61982","targetHints":{"allow":["GET"]}}],"collection":[{"href":"https:\/\/eldiariodesanpedro.com.ar\/sitio\/wp-json\/wp\/v2\/posts"}],"about":[{"href":"https:\/\/eldiariodesanpedro.com.ar\/sitio\/wp-json\/wp\/v2\/types\/post"}],"author":[{"embeddable":true,"href":"https:\/\/eldiariodesanpedro.com.ar\/sitio\/wp-json\/wp\/v2\/users\/4"}],"replies":[{"embeddable":true,"href":"https:\/\/eldiariodesanpedro.com.ar\/sitio\/wp-json\/wp\/v2\/comments?post=61982"}],"version-history":[{"count":2,"href":"https:\/\/eldiariodesanpedro.com.ar\/sitio\/wp-json\/wp\/v2\/posts\/61982\/revisions"}],"predecessor-version":[{"id":61986,"href":"https:\/\/eldiariodesanpedro.com.ar\/sitio\/wp-json\/wp\/v2\/posts\/61982\/revisions\/61986"}],"wp:featuredmedia":[{"embeddable":true,"href":"https:\/\/eldiariodesanpedro.com.ar\/sitio\/wp-json\/wp\/v2\/media\/61983"}],"wp:attachment":[{"href":"https:\/\/eldiariodesanpedro.com.ar\/sitio\/wp-json\/wp\/v2\/media?parent=61982"}],"wp:term":[{"taxonomy":"category","embeddable":true,"href":"https:\/\/eldiariodesanpedro.com.ar\/sitio\/wp-json\/wp\/v2\/categories?post=61982"},{"taxonomy":"post_tag","embeddable":true,"href":"https:\/\/eldiariodesanpedro.com.ar\/sitio\/wp-json\/wp\/v2\/tags?post=61982"}],"curies":[{"name":"wp","href":"https:\/\/api.w.org\/{rel}","templated":true}]}}