{"id":61979,"date":"2019-10-15T08:56:53","date_gmt":"2019-10-15T11:56:53","guid":{"rendered":"https:\/\/eldiariodesanpedro.com.ar\/sitio\/?p=61979"},"modified":"2019-10-15T09:57:03","modified_gmt":"2019-10-15T12:57:03","slug":"campana-sanitaria-fluvial-de-la-armada-argentina-en-el-puerto-de-san-pedro","status":"publish","type":"post","link":"https:\/\/eldiariodesanpedro.com.ar\/sitio\/campana-sanitaria-fluvial-de-la-armada-argentina-en-el-puerto-de-san-pedro\/","title":{"rendered":"Campa\u00f1a Sanitaria Fluvial de la Armada Argentina en el Puerto de San Pedro"},"content":{"rendered":"<!-- VideographyWP Plugin Message: Automatic video embedding prevented by plugin options. -->\n\n<p>El Ministerio de Defensa informa que la Armada Argentina inici\u00f3 la Segunda Campa\u00f1a Sanitaria Fluvial. Este martes ya se encuentra en nuestra ciudad como \u00faltimo punto de atenci\u00f3n del recorrido por el litoral. <\/p>\n\n\n\n<p>Las unidades de la Armada Argentina que partieron de la Base Naval Z\u00e1rate arribaron a la localidad, en el marco de una nueva campa\u00f1a socio-sanitaria, coordinada entre los Ministerios de Defensa, Desarrollo Social y Salud, junto a organismos provinciales y municipales e implementada por el Comando Operacional de las Fuerzas Armadas.<\/p>\n\n\n\n<p>El objetivo primordial de la campa\u00f1a es el de brindar atenci\u00f3n y prevenci\u00f3n primaria de car\u00e1cter cl\u00ednico, odontol\u00f3gico, ginecol\u00f3gico, pedi\u00e1trico y oftalmol\u00f3gico a los habitantes de las localidades que por su ubicaci\u00f3n geogr\u00e1fica presentan dificultades de acceder por v\u00eda terrestre a los centros m\u00e9dicos m\u00e1s cercanos.<\/p>\n\n\n\n<p>Adem\u00e1s, se facilitar\u00e1 a los pobladores la obtenci\u00f3n del Documento Nacional de Identidad (RENAPER) y el acceso a tr\u00e1mites de la Administraci\u00f3n Nacional de la Seguridad Social (ANSES). Asimismo, se incluir\u00e1 la prevenci\u00f3n y control de zoonosis.<\/p>\n\n\n\n<p>Se sumara un m\u00f3vil veterinario para realizar castraciones, vacunaci\u00f3n antirr\u00e1bica y desparasitaci\u00f3n. <\/p>\n\n\n\n<p>En esta oportunidad se otorgar\u00e1n 40 turnos diarios para cada servicio y estar\u00e1n presentes desde este martes 15 al jueves 17 de octubre.<\/p>\n\n\n\n<ul class=\"wp-block-gallery columns-3 is-cropped wp-block-gallery-1 is-layout-flex wp-block-gallery-is-layout-flex\"><li class=\"blocks-gallery-item\"><figure><img decoding=\"async\" width=\"960\" height=\"720\" data-attachment-id=\"61994\" data-permalink=\"https:\/\/eldiariodesanpedro.com.ar\/sitio\/campana-sanitaria-fluvial-de-la-armada-argentina-en-el-puerto-de-san-pedro\/72277100_2516863358408324_2645002957237518336_n\/\" data-orig-file=\"https:\/\/eldiariodesanpedro.com.ar\/sitio\/wp-content\/uploads\/2019\/10\/72277100_2516863358408324_2645002957237518336_n.jpg\" data-orig-size=\"960,720\" data-comments-opened=\"1\" data-image-meta=\"{&quot;aperture&quot;:&quot;0&quot;,&quot;credit&quot;:&quot;&quot;,&quot;camera&quot;:&quot;&quot;,&quot;caption&quot;:&quot;&quot;,&quot;created_timestamp&quot;:&quot;0&quot;,&quot;copyright&quot;:&quot;&quot;,&quot;focal_length&quot;:&quot;0&quot;,&quot;iso&quot;:&quot;0&quot;,&quot;shutter_speed&quot;:&quot;0&quot;,&quot;title&quot;:&quot;&quot;,&quot;orientation&quot;:&quot;0&quot;}\" data-image-title=\"72277100_2516863358408324_2645002957237518336_n\" data-image-description=\"\" data-image-caption=\"\" data-large-file=\"https:\/\/eldiariodesanpedro.com.ar\/sitio\/wp-content\/uploads\/2019\/10\/72277100_2516863358408324_2645002957237518336_n.jpg\" data-src=\"https:\/\/eldiariodesanpedro.com.ar\/sitio\/wp-content\/uploads\/2019\/10\/72277100_2516863358408324_2645002957237518336_n.jpg\" alt=\"\" data-id=\"61994\" data-link=\"https:\/\/eldiariodesanpedro.com.ar\/sitio\/campana-sanitaria-fluvial-de-la-armada-argentina-en-el-puerto-de-san-pedro\/72277100_2516863358408324_2645002957237518336_n\/\" class=\"wp-image-61994 lazyload\" data-srcset=\"https:\/\/eldiariodesanpedro.com.ar\/sitio\/wp-content\/uploads\/2019\/10\/72277100_2516863358408324_2645002957237518336_n.jpg 960w, https:\/\/eldiariodesanpedro.com.ar\/sitio\/wp-content\/uploads\/2019\/10\/72277100_2516863358408324_2645002957237518336_n-300x225.jpg 300w, https:\/\/eldiariodesanpedro.com.ar\/sitio\/wp-content\/uploads\/2019\/10\/72277100_2516863358408324_2645002957237518336_n-768x576.jpg 768w\" data-sizes=\"(max-width: 960px) 100vw, 960px\" src=\"data:image\/svg+xml;base64,PHN2ZyB3aWR0aD0iMSIgaGVpZ2h0PSIxIiB4bWxucz0iaHR0cDovL3d3dy53My5vcmcvMjAwMC9zdmciPjwvc3ZnPg==\" style=\"--smush-placeholder-width: 960px; --smush-placeholder-aspect-ratio: 960\/720;\" \/><\/figure><\/li><li class=\"blocks-gallery-item\"><figure><img decoding=\"async\" width=\"960\" height=\"720\" data-attachment-id=\"61995\" data-permalink=\"https:\/\/eldiariodesanpedro.com.ar\/sitio\/campana-sanitaria-fluvial-de-la-armada-argentina-en-el-puerto-de-san-pedro\/72368497_2516863495074977_5312523470230257664_n\/\" data-orig-file=\"https:\/\/eldiariodesanpedro.com.ar\/sitio\/wp-content\/uploads\/2019\/10\/72368497_2516863495074977_5312523470230257664_n.jpg\" data-orig-size=\"960,720\" data-comments-opened=\"1\" data-image-meta=\"{&quot;aperture&quot;:&quot;0&quot;,&quot;credit&quot;:&quot;&quot;,&quot;camera&quot;:&quot;&quot;,&quot;caption&quot;:&quot;&quot;,&quot;created_timestamp&quot;:&quot;0&quot;,&quot;copyright&quot;:&quot;&quot;,&quot;focal_length&quot;:&quot;0&quot;,&quot;iso&quot;:&quot;0&quot;,&quot;shutter_speed&quot;:&quot;0&quot;,&quot;title&quot;:&quot;&quot;,&quot;orientation&quot;:&quot;0&quot;}\" data-image-title=\"72368497_2516863495074977_5312523470230257664_n\" data-image-description=\"\" data-image-caption=\"\" data-large-file=\"https:\/\/eldiariodesanpedro.com.ar\/sitio\/wp-content\/uploads\/2019\/10\/72368497_2516863495074977_5312523470230257664_n.jpg\" data-src=\"https:\/\/eldiariodesanpedro.com.ar\/sitio\/wp-content\/uploads\/2019\/10\/72368497_2516863495074977_5312523470230257664_n.jpg\" alt=\"\" data-id=\"61995\" data-link=\"https:\/\/eldiariodesanpedro.com.ar\/sitio\/campana-sanitaria-fluvial-de-la-armada-argentina-en-el-puerto-de-san-pedro\/72368497_2516863495074977_5312523470230257664_n\/\" class=\"wp-image-61995 lazyload\" data-srcset=\"https:\/\/eldiariodesanpedro.com.ar\/sitio\/wp-content\/uploads\/2019\/10\/72368497_2516863495074977_5312523470230257664_n.jpg 960w, https:\/\/eldiariodesanpedro.com.ar\/sitio\/wp-content\/uploads\/2019\/10\/72368497_2516863495074977_5312523470230257664_n-300x225.jpg 300w, https:\/\/eldiariodesanpedro.com.ar\/sitio\/wp-content\/uploads\/2019\/10\/72368497_2516863495074977_5312523470230257664_n-768x576.jpg 768w\" data-sizes=\"(max-width: 960px) 100vw, 960px\" src=\"data:image\/svg+xml;base64,PHN2ZyB3aWR0aD0iMSIgaGVpZ2h0PSIxIiB4bWxucz0iaHR0cDovL3d3dy53My5vcmcvMjAwMC9zdmciPjwvc3ZnPg==\" style=\"--smush-placeholder-width: 960px; --smush-placeholder-aspect-ratio: 960\/720;\" \/><\/figure><\/li><li class=\"blocks-gallery-item\"><figure><img decoding=\"async\" width=\"960\" height=\"720\" data-attachment-id=\"61996\" data-permalink=\"https:\/\/eldiariodesanpedro.com.ar\/sitio\/campana-sanitaria-fluvial-de-la-armada-argentina-en-el-puerto-de-san-pedro\/72568129_2516863598408300_2619306236625027072_n\/\" data-orig-file=\"https:\/\/eldiariodesanpedro.com.ar\/sitio\/wp-content\/uploads\/2019\/10\/72568129_2516863598408300_2619306236625027072_n.jpg\" data-orig-size=\"960,720\" data-comments-opened=\"1\" data-image-meta=\"{&quot;aperture&quot;:&quot;0&quot;,&quot;credit&quot;:&quot;&quot;,&quot;camera&quot;:&quot;&quot;,&quot;caption&quot;:&quot;&quot;,&quot;created_timestamp&quot;:&quot;0&quot;,&quot;copyright&quot;:&quot;&quot;,&quot;focal_length&quot;:&quot;0&quot;,&quot;iso&quot;:&quot;0&quot;,&quot;shutter_speed&quot;:&quot;0&quot;,&quot;title&quot;:&quot;&quot;,&quot;orientation&quot;:&quot;0&quot;}\" data-image-title=\"72568129_2516863598408300_2619306236625027072_n\" data-image-description=\"\" data-image-caption=\"\" data-large-file=\"https:\/\/eldiariodesanpedro.com.ar\/sitio\/wp-content\/uploads\/2019\/10\/72568129_2516863598408300_2619306236625027072_n.jpg\" data-src=\"https:\/\/eldiariodesanpedro.com.ar\/sitio\/wp-content\/uploads\/2019\/10\/72568129_2516863598408300_2619306236625027072_n.jpg\" alt=\"\" data-id=\"61996\" data-link=\"https:\/\/eldiariodesanpedro.com.ar\/sitio\/campana-sanitaria-fluvial-de-la-armada-argentina-en-el-puerto-de-san-pedro\/72568129_2516863598408300_2619306236625027072_n\/\" class=\"wp-image-61996 lazyload\" data-srcset=\"https:\/\/eldiariodesanpedro.com.ar\/sitio\/wp-content\/uploads\/2019\/10\/72568129_2516863598408300_2619306236625027072_n.jpg 960w, https:\/\/eldiariodesanpedro.com.ar\/sitio\/wp-content\/uploads\/2019\/10\/72568129_2516863598408300_2619306236625027072_n-300x225.jpg 300w, https:\/\/eldiariodesanpedro.com.ar\/sitio\/wp-content\/uploads\/2019\/10\/72568129_2516863598408300_2619306236625027072_n-768x576.jpg 768w\" data-sizes=\"(max-width: 960px) 100vw, 960px\" src=\"data:image\/svg+xml;base64,PHN2ZyB3aWR0aD0iMSIgaGVpZ2h0PSIxIiB4bWxucz0iaHR0cDovL3d3dy53My5vcmcvMjAwMC9zdmciPjwvc3ZnPg==\" style=\"--smush-placeholder-width: 960px; --smush-placeholder-aspect-ratio: 960\/720;\" \/><\/figure><\/li><li class=\"blocks-gallery-item\"><figure><img decoding=\"async\" width=\"720\" height=\"960\" data-attachment-id=\"61997\" data-permalink=\"https:\/\/eldiariodesanpedro.com.ar\/sitio\/campana-sanitaria-fluvial-de-la-armada-argentina-en-el-puerto-de-san-pedro\/72568743_2516863235075003_6203147259031322624_n\/\" data-orig-file=\"https:\/\/eldiariodesanpedro.com.ar\/sitio\/wp-content\/uploads\/2019\/10\/72568743_2516863235075003_6203147259031322624_n.jpg\" data-orig-size=\"720,960\" data-comments-opened=\"1\" data-image-meta=\"{&quot;aperture&quot;:&quot;0&quot;,&quot;credit&quot;:&quot;&quot;,&quot;camera&quot;:&quot;&quot;,&quot;caption&quot;:&quot;&quot;,&quot;created_timestamp&quot;:&quot;0&quot;,&quot;copyright&quot;:&quot;&quot;,&quot;focal_length&quot;:&quot;0&quot;,&quot;iso&quot;:&quot;0&quot;,&quot;shutter_speed&quot;:&quot;0&quot;,&quot;title&quot;:&quot;&quot;,&quot;orientation&quot;:&quot;0&quot;}\" data-image-title=\"72568743_2516863235075003_6203147259031322624_n\" data-image-description=\"\" data-image-caption=\"\" data-large-file=\"https:\/\/eldiariodesanpedro.com.ar\/sitio\/wp-content\/uploads\/2019\/10\/72568743_2516863235075003_6203147259031322624_n.jpg\" data-src=\"https:\/\/eldiariodesanpedro.com.ar\/sitio\/wp-content\/uploads\/2019\/10\/72568743_2516863235075003_6203147259031322624_n.jpg\" alt=\"\" data-id=\"61997\" data-link=\"https:\/\/eldiariodesanpedro.com.ar\/sitio\/campana-sanitaria-fluvial-de-la-armada-argentina-en-el-puerto-de-san-pedro\/72568743_2516863235075003_6203147259031322624_n\/\" class=\"wp-image-61997 lazyload\" data-srcset=\"https:\/\/eldiariodesanpedro.com.ar\/sitio\/wp-content\/uploads\/2019\/10\/72568743_2516863235075003_6203147259031322624_n.jpg 720w, https:\/\/eldiariodesanpedro.com.ar\/sitio\/wp-content\/uploads\/2019\/10\/72568743_2516863235075003_6203147259031322624_n-225x300.jpg 225w\" data-sizes=\"(max-width: 720px) 100vw, 720px\" src=\"data:image\/svg+xml;base64,PHN2ZyB3aWR0aD0iMSIgaGVpZ2h0PSIxIiB4bWxucz0iaHR0cDovL3d3dy53My5vcmcvMjAwMC9zdmciPjwvc3ZnPg==\" style=\"--smush-placeholder-width: 720px; --smush-placeholder-aspect-ratio: 720\/960;\" \/><\/figure><\/li><li class=\"blocks-gallery-item\"><figure><img decoding=\"async\" width=\"960\" height=\"720\" data-attachment-id=\"61998\" data-permalink=\"https:\/\/eldiariodesanpedro.com.ar\/sitio\/campana-sanitaria-fluvial-de-la-armada-argentina-en-el-puerto-de-san-pedro\/72703615_2516863478408312_9220030084147052544_n\/\" data-orig-file=\"https:\/\/eldiariodesanpedro.com.ar\/sitio\/wp-content\/uploads\/2019\/10\/72703615_2516863478408312_9220030084147052544_n.jpg\" data-orig-size=\"960,720\" data-comments-opened=\"1\" data-image-meta=\"{&quot;aperture&quot;:&quot;0&quot;,&quot;credit&quot;:&quot;&quot;,&quot;camera&quot;:&quot;&quot;,&quot;caption&quot;:&quot;&quot;,&quot;created_timestamp&quot;:&quot;0&quot;,&quot;copyright&quot;:&quot;&quot;,&quot;focal_length&quot;:&quot;0&quot;,&quot;iso&quot;:&quot;0&quot;,&quot;shutter_speed&quot;:&quot;0&quot;,&quot;title&quot;:&quot;&quot;,&quot;orientation&quot;:&quot;0&quot;}\" data-image-title=\"72703615_2516863478408312_9220030084147052544_n\" data-image-description=\"\" data-image-caption=\"\" data-large-file=\"https:\/\/eldiariodesanpedro.com.ar\/sitio\/wp-content\/uploads\/2019\/10\/72703615_2516863478408312_9220030084147052544_n.jpg\" data-src=\"https:\/\/eldiariodesanpedro.com.ar\/sitio\/wp-content\/uploads\/2019\/10\/72703615_2516863478408312_9220030084147052544_n.jpg\" alt=\"\" data-id=\"61998\" data-link=\"https:\/\/eldiariodesanpedro.com.ar\/sitio\/campana-sanitaria-fluvial-de-la-armada-argentina-en-el-puerto-de-san-pedro\/72703615_2516863478408312_9220030084147052544_n\/\" class=\"wp-image-61998 lazyload\" data-srcset=\"https:\/\/eldiariodesanpedro.com.ar\/sitio\/wp-content\/uploads\/2019\/10\/72703615_2516863478408312_9220030084147052544_n.jpg 960w, https:\/\/eldiariodesanpedro.com.ar\/sitio\/wp-content\/uploads\/2019\/10\/72703615_2516863478408312_9220030084147052544_n-300x225.jpg 300w, https:\/\/eldiariodesanpedro.com.ar\/sitio\/wp-content\/uploads\/2019\/10\/72703615_2516863478408312_9220030084147052544_n-768x576.jpg 768w\" data-sizes=\"(max-width: 960px) 100vw, 960px\" src=\"data:image\/svg+xml;base64,PHN2ZyB3aWR0aD0iMSIgaGVpZ2h0PSIxIiB4bWxucz0iaHR0cDovL3d3dy53My5vcmcvMjAwMC9zdmciPjwvc3ZnPg==\" style=\"--smush-placeholder-width: 960px; --smush-placeholder-aspect-ratio: 960\/720;\" \/><\/figure><\/li><li class=\"blocks-gallery-item\"><figure><img decoding=\"async\" width=\"960\" height=\"720\" data-attachment-id=\"61999\" data-permalink=\"https:\/\/eldiariodesanpedro.com.ar\/sitio\/campana-sanitaria-fluvial-de-la-armada-argentina-en-el-puerto-de-san-pedro\/72837822_2516863501741643_8955637485157744640_n\/\" data-orig-file=\"https:\/\/eldiariodesanpedro.com.ar\/sitio\/wp-content\/uploads\/2019\/10\/72837822_2516863501741643_8955637485157744640_n.jpg\" data-orig-size=\"960,720\" data-comments-opened=\"1\" data-image-meta=\"{&quot;aperture&quot;:&quot;0&quot;,&quot;credit&quot;:&quot;&quot;,&quot;camera&quot;:&quot;&quot;,&quot;caption&quot;:&quot;&quot;,&quot;created_timestamp&quot;:&quot;0&quot;,&quot;copyright&quot;:&quot;&quot;,&quot;focal_length&quot;:&quot;0&quot;,&quot;iso&quot;:&quot;0&quot;,&quot;shutter_speed&quot;:&quot;0&quot;,&quot;title&quot;:&quot;&quot;,&quot;orientation&quot;:&quot;0&quot;}\" data-image-title=\"72837822_2516863501741643_8955637485157744640_n\" data-image-description=\"\" data-image-caption=\"\" data-large-file=\"https:\/\/eldiariodesanpedro.com.ar\/sitio\/wp-content\/uploads\/2019\/10\/72837822_2516863501741643_8955637485157744640_n.jpg\" data-src=\"https:\/\/eldiariodesanpedro.com.ar\/sitio\/wp-content\/uploads\/2019\/10\/72837822_2516863501741643_8955637485157744640_n.jpg\" alt=\"\" data-id=\"61999\" data-link=\"https:\/\/eldiariodesanpedro.com.ar\/sitio\/campana-sanitaria-fluvial-de-la-armada-argentina-en-el-puerto-de-san-pedro\/72837822_2516863501741643_8955637485157744640_n\/\" class=\"wp-image-61999 lazyload\" data-srcset=\"https:\/\/eldiariodesanpedro.com.ar\/sitio\/wp-content\/uploads\/2019\/10\/72837822_2516863501741643_8955637485157744640_n.jpg 960w, https:\/\/eldiariodesanpedro.com.ar\/sitio\/wp-content\/uploads\/2019\/10\/72837822_2516863501741643_8955637485157744640_n-300x225.jpg 300w, https:\/\/eldiariodesanpedro.com.ar\/sitio\/wp-content\/uploads\/2019\/10\/72837822_2516863501741643_8955637485157744640_n-768x576.jpg 768w\" data-sizes=\"(max-width: 960px) 100vw, 960px\" src=\"data:image\/svg+xml;base64,PHN2ZyB3aWR0aD0iMSIgaGVpZ2h0PSIxIiB4bWxucz0iaHR0cDovL3d3dy53My5vcmcvMjAwMC9zdmciPjwvc3ZnPg==\" style=\"--smush-placeholder-width: 960px; --smush-placeholder-aspect-ratio: 960\/720;\" \/><\/figure><\/li><li class=\"blocks-gallery-item\"><figure><img decoding=\"async\" width=\"960\" height=\"720\" data-attachment-id=\"62000\" data-permalink=\"https:\/\/eldiariodesanpedro.com.ar\/sitio\/campana-sanitaria-fluvial-de-la-armada-argentina-en-el-puerto-de-san-pedro\/72853195_2516863275074999_3539459519018958848_n\/\" data-orig-file=\"https:\/\/eldiariodesanpedro.com.ar\/sitio\/wp-content\/uploads\/2019\/10\/72853195_2516863275074999_3539459519018958848_n.jpg\" data-orig-size=\"960,720\" data-comments-opened=\"1\" data-image-meta=\"{&quot;aperture&quot;:&quot;0&quot;,&quot;credit&quot;:&quot;&quot;,&quot;camera&quot;:&quot;&quot;,&quot;caption&quot;:&quot;&quot;,&quot;created_timestamp&quot;:&quot;0&quot;,&quot;copyright&quot;:&quot;&quot;,&quot;focal_length&quot;:&quot;0&quot;,&quot;iso&quot;:&quot;0&quot;,&quot;shutter_speed&quot;:&quot;0&quot;,&quot;title&quot;:&quot;&quot;,&quot;orientation&quot;:&quot;0&quot;}\" data-image-title=\"72853195_2516863275074999_3539459519018958848_n\" data-image-description=\"\" data-image-caption=\"\" data-large-file=\"https:\/\/eldiariodesanpedro.com.ar\/sitio\/wp-content\/uploads\/2019\/10\/72853195_2516863275074999_3539459519018958848_n.jpg\" data-src=\"https:\/\/eldiariodesanpedro.com.ar\/sitio\/wp-content\/uploads\/2019\/10\/72853195_2516863275074999_3539459519018958848_n.jpg\" alt=\"\" data-id=\"62000\" data-link=\"https:\/\/eldiariodesanpedro.com.ar\/sitio\/campana-sanitaria-fluvial-de-la-armada-argentina-en-el-puerto-de-san-pedro\/72853195_2516863275074999_3539459519018958848_n\/\" class=\"wp-image-62000 lazyload\" data-srcset=\"https:\/\/eldiariodesanpedro.com.ar\/sitio\/wp-content\/uploads\/2019\/10\/72853195_2516863275074999_3539459519018958848_n.jpg 960w, https:\/\/eldiariodesanpedro.com.ar\/sitio\/wp-content\/uploads\/2019\/10\/72853195_2516863275074999_3539459519018958848_n-300x225.jpg 300w, https:\/\/eldiariodesanpedro.com.ar\/sitio\/wp-content\/uploads\/2019\/10\/72853195_2516863275074999_3539459519018958848_n-768x576.jpg 768w\" data-sizes=\"(max-width: 960px) 100vw, 960px\" src=\"data:image\/svg+xml;base64,PHN2ZyB3aWR0aD0iMSIgaGVpZ2h0PSIxIiB4bWxucz0iaHR0cDovL3d3dy53My5vcmcvMjAwMC9zdmciPjwvc3ZnPg==\" style=\"--smush-placeholder-width: 960px; --smush-placeholder-aspect-ratio: 960\/720;\" \/><\/figure><\/li><li class=\"blocks-gallery-item\"><figure><img decoding=\"async\" width=\"960\" height=\"720\" data-attachment-id=\"62001\" data-permalink=\"https:\/\/eldiariodesanpedro.com.ar\/sitio\/campana-sanitaria-fluvial-de-la-armada-argentina-en-el-puerto-de-san-pedro\/73047754_2516863375074989_2925065065801449472_n\/\" data-orig-file=\"https:\/\/eldiariodesanpedro.com.ar\/sitio\/wp-content\/uploads\/2019\/10\/73047754_2516863375074989_2925065065801449472_n.jpg\" data-orig-size=\"960,720\" data-comments-opened=\"1\" data-image-meta=\"{&quot;aperture&quot;:&quot;0&quot;,&quot;credit&quot;:&quot;&quot;,&quot;camera&quot;:&quot;&quot;,&quot;caption&quot;:&quot;&quot;,&quot;created_timestamp&quot;:&quot;0&quot;,&quot;copyright&quot;:&quot;&quot;,&quot;focal_length&quot;:&quot;0&quot;,&quot;iso&quot;:&quot;0&quot;,&quot;shutter_speed&quot;:&quot;0&quot;,&quot;title&quot;:&quot;&quot;,&quot;orientation&quot;:&quot;0&quot;}\" data-image-title=\"73047754_2516863375074989_2925065065801449472_n\" data-image-description=\"\" data-image-caption=\"\" data-large-file=\"https:\/\/eldiariodesanpedro.com.ar\/sitio\/wp-content\/uploads\/2019\/10\/73047754_2516863375074989_2925065065801449472_n.jpg\" data-src=\"https:\/\/eldiariodesanpedro.com.ar\/sitio\/wp-content\/uploads\/2019\/10\/73047754_2516863375074989_2925065065801449472_n.jpg\" alt=\"\" data-id=\"62001\" data-link=\"https:\/\/eldiariodesanpedro.com.ar\/sitio\/campana-sanitaria-fluvial-de-la-armada-argentina-en-el-puerto-de-san-pedro\/73047754_2516863375074989_2925065065801449472_n\/\" class=\"wp-image-62001 lazyload\" data-srcset=\"https:\/\/eldiariodesanpedro.com.ar\/sitio\/wp-content\/uploads\/2019\/10\/73047754_2516863375074989_2925065065801449472_n.jpg 960w, https:\/\/eldiariodesanpedro.com.ar\/sitio\/wp-content\/uploads\/2019\/10\/73047754_2516863375074989_2925065065801449472_n-300x225.jpg 300w, https:\/\/eldiariodesanpedro.com.ar\/sitio\/wp-content\/uploads\/2019\/10\/73047754_2516863375074989_2925065065801449472_n-768x576.jpg 768w\" data-sizes=\"(max-width: 960px) 100vw, 960px\" src=\"data:image\/svg+xml;base64,PHN2ZyB3aWR0aD0iMSIgaGVpZ2h0PSIxIiB4bWxucz0iaHR0cDovL3d3dy53My5vcmcvMjAwMC9zdmciPjwvc3ZnPg==\" style=\"--smush-placeholder-width: 960px; --smush-placeholder-aspect-ratio: 960\/720;\" \/><\/figure><\/li><li class=\"blocks-gallery-item\"><figure><img decoding=\"async\" width=\"960\" height=\"720\" data-attachment-id=\"62002\" data-permalink=\"https:\/\/eldiariodesanpedro.com.ar\/sitio\/campana-sanitaria-fluvial-de-la-armada-argentina-en-el-puerto-de-san-pedro\/73409194_2516863385074988_3782521480760262656_n\/\" data-orig-file=\"https:\/\/eldiariodesanpedro.com.ar\/sitio\/wp-content\/uploads\/2019\/10\/73409194_2516863385074988_3782521480760262656_n.jpg\" data-orig-size=\"960,720\" data-comments-opened=\"1\" data-image-meta=\"{&quot;aperture&quot;:&quot;0&quot;,&quot;credit&quot;:&quot;&quot;,&quot;camera&quot;:&quot;&quot;,&quot;caption&quot;:&quot;&quot;,&quot;created_timestamp&quot;:&quot;0&quot;,&quot;copyright&quot;:&quot;&quot;,&quot;focal_length&quot;:&quot;0&quot;,&quot;iso&quot;:&quot;0&quot;,&quot;shutter_speed&quot;:&quot;0&quot;,&quot;title&quot;:&quot;&quot;,&quot;orientation&quot;:&quot;0&quot;}\" data-image-title=\"73409194_2516863385074988_3782521480760262656_n\" data-image-description=\"\" data-image-caption=\"\" data-large-file=\"https:\/\/eldiariodesanpedro.com.ar\/sitio\/wp-content\/uploads\/2019\/10\/73409194_2516863385074988_3782521480760262656_n.jpg\" data-src=\"https:\/\/eldiariodesanpedro.com.ar\/sitio\/wp-content\/uploads\/2019\/10\/73409194_2516863385074988_3782521480760262656_n.jpg\" alt=\"\" data-id=\"62002\" data-link=\"https:\/\/eldiariodesanpedro.com.ar\/sitio\/campana-sanitaria-fluvial-de-la-armada-argentina-en-el-puerto-de-san-pedro\/73409194_2516863385074988_3782521480760262656_n\/\" class=\"wp-image-62002 lazyload\" data-srcset=\"https:\/\/eldiariodesanpedro.com.ar\/sitio\/wp-content\/uploads\/2019\/10\/73409194_2516863385074988_3782521480760262656_n.jpg 960w, https:\/\/eldiariodesanpedro.com.ar\/sitio\/wp-content\/uploads\/2019\/10\/73409194_2516863385074988_3782521480760262656_n-300x225.jpg 300w, https:\/\/eldiariodesanpedro.com.ar\/sitio\/wp-content\/uploads\/2019\/10\/73409194_2516863385074988_3782521480760262656_n-768x576.jpg 768w\" data-sizes=\"(max-width: 960px) 100vw, 960px\" src=\"data:image\/svg+xml;base64,PHN2ZyB3aWR0aD0iMSIgaGVpZ2h0PSIxIiB4bWxucz0iaHR0cDovL3d3dy53My5vcmcvMjAwMC9zdmciPjwvc3ZnPg==\" style=\"--smush-placeholder-width: 960px; --smush-placeholder-aspect-ratio: 960\/720;\" \/><\/figure><\/li><li class=\"blocks-gallery-item\"><figure><img decoding=\"async\" width=\"960\" height=\"720\" data-attachment-id=\"62003\" data-permalink=\"https:\/\/eldiariodesanpedro.com.ar\/sitio\/campana-sanitaria-fluvial-de-la-armada-argentina-en-el-puerto-de-san-pedro\/73504814_2516863248408335_9034288262016925696_n\/\" data-orig-file=\"https:\/\/eldiariodesanpedro.com.ar\/sitio\/wp-content\/uploads\/2019\/10\/73504814_2516863248408335_9034288262016925696_n.jpg\" data-orig-size=\"960,720\" data-comments-opened=\"1\" data-image-meta=\"{&quot;aperture&quot;:&quot;0&quot;,&quot;credit&quot;:&quot;&quot;,&quot;camera&quot;:&quot;&quot;,&quot;caption&quot;:&quot;&quot;,&quot;created_timestamp&quot;:&quot;0&quot;,&quot;copyright&quot;:&quot;&quot;,&quot;focal_length&quot;:&quot;0&quot;,&quot;iso&quot;:&quot;0&quot;,&quot;shutter_speed&quot;:&quot;0&quot;,&quot;title&quot;:&quot;&quot;,&quot;orientation&quot;:&quot;0&quot;}\" data-image-title=\"73504814_2516863248408335_9034288262016925696_n\" data-image-description=\"\" data-image-caption=\"\" data-large-file=\"https:\/\/eldiariodesanpedro.com.ar\/sitio\/wp-content\/uploads\/2019\/10\/73504814_2516863248408335_9034288262016925696_n.jpg\" data-src=\"https:\/\/eldiariodesanpedro.com.ar\/sitio\/wp-content\/uploads\/2019\/10\/73504814_2516863248408335_9034288262016925696_n.jpg\" alt=\"\" data-id=\"62003\" data-link=\"https:\/\/eldiariodesanpedro.com.ar\/sitio\/campana-sanitaria-fluvial-de-la-armada-argentina-en-el-puerto-de-san-pedro\/73504814_2516863248408335_9034288262016925696_n\/\" class=\"wp-image-62003 lazyload\" data-srcset=\"https:\/\/eldiariodesanpedro.com.ar\/sitio\/wp-content\/uploads\/2019\/10\/73504814_2516863248408335_9034288262016925696_n.jpg 960w, https:\/\/eldiariodesanpedro.com.ar\/sitio\/wp-content\/uploads\/2019\/10\/73504814_2516863248408335_9034288262016925696_n-300x225.jpg 300w, https:\/\/eldiariodesanpedro.com.ar\/sitio\/wp-content\/uploads\/2019\/10\/73504814_2516863248408335_9034288262016925696_n-768x576.jpg 768w\" data-sizes=\"(max-width: 960px) 100vw, 960px\" src=\"data:image\/svg+xml;base64,PHN2ZyB3aWR0aD0iMSIgaGVpZ2h0PSIxIiB4bWxucz0iaHR0cDovL3d3dy53My5vcmcvMjAwMC9zdmciPjwvc3ZnPg==\" style=\"--smush-placeholder-width: 960px; --smush-placeholder-aspect-ratio: 960\/720;\" \/><\/figure><\/li><\/ul>\n\n\n\n<p>En base a la importancia que adquiri\u00f3 la realizaci\u00f3n de estas actividades en los \u00faltimos 16 a\u00f1os, el Ministerio de Defensa a trav\u00e9s del \u00c1rea de Coordinaci\u00f3n Militar de Asistencia en Emergencias del Estado Mayor Conjunto, implementa con las \u00e1reas responsables de otros ministerios, la realizaci\u00f3n de campa\u00f1as sanitarias anuales con la intenci\u00f3n de dar continuidad a las tareas asistenciales realizadas a\u00f1os atr\u00e1s y fortalecer, mediante el apoyo a la comunidad, la presencia del Estado Nacional en localidades ribere\u00f1as del noreste argentino sobre los r\u00edos Paran\u00e1 y Paraguay.<\/p>\n\n\n\n<p>La Armada Argentina, a trav\u00e9s del Comando del \u00c1rea Naval Fluvial, asume la responsabilidad de dar cumplimiento a la campa\u00f1a empleando para ello el buque multiprop\u00f3sito ARA \u201cCiudad de Rosario\u201d, perteneciente a la Escuadrilla de R\u00edos, el patrullero ARA \u201cKing\u201d y la lancha patrullera ARA \u201cPunta Mogotes\u201d, unidades aptas para navegar los r\u00edos interiores del pa\u00eds, y personal y medios del Batall\u00f3n de Infanter\u00eda de Marina N\u00ba 3.<\/p>\n\n\n\n<p>El buque multiprop\u00f3sito lleva a bordo contenedores denominados Unidades Sanitarias M\u00f3viles y cuenta adem\u00e1s con la asistencia de profesionales m\u00e9dicos y personal de enfermer\u00eda de la Armada, a los que se sumar\u00e1n profesionales de la salud, de asistencia social y de equipos t\u00e9cnicos del Ej\u00e9rcito Argentino y de los ministerios intervinientes.<\/p>\n\n\n\n<p>La actividad consiste en llevar a cabo el relevamiento sanitario, la atenci\u00f3n a los habitantes y su vacunaci\u00f3n. Adem\u00e1s, se prev\u00e9n tareas de acci\u00f3n social que incluyen la entrega de medicamentos, anteojos, documentos nacionales de identidad y ropa, a trav\u00e9s de los programas destinados a tal fin en cada ministerio.<\/p>\n\n\n\n<p>Luego de m\u00e1s de treinta d\u00edas de actividad, la Campa\u00f1a finalizar\u00e1 el 6 de diciembre con el arribo de los buques al Puerto de Buenos Aires.<br><\/p>\n","protected":false},"excerpt":{"rendered":"<p>El Ministerio de Defensa informa que la Armada Argentina inici\u00f3 la Segunda Campa\u00f1a Sanitaria Fluvial. Este martes ya se encuentra en nuestra ciudad como \u00faltimo punto de atenci\u00f3n del recorrido por el litoral. Las unidades de la Armada Argentina que partieron de la Base Naval Z\u00e1rate arribaron a la localidad, en el marco de una [&hellip;]<\/p>\n","protected":false},"author":4,"featured_media":61980,"comment_status":"open","ping_status":"closed","sticky":false,"template":"","format":"standard","meta":{"om_disable_all_campaigns":false,"_jetpack_memberships_contains_paid_content":false,"footnotes":""},"categories":[101,2],"tags":[],"class_list":["post-61979","post","type-post","status-publish","format-standard","has-post-thumbnail","hentry","category-interes-general-locales","category-locales"],"aioseo_notices":[],"gutentor_comment":0,"jetpack_featured_media_url":"https:\/\/eldiariodesanpedro.com.ar\/sitio\/wp-content\/uploads\/2019\/10\/1-5.jpg","jetpack_shortlink":"https:\/\/wp.me\/p6RhLt-g7F","jetpack_sharing_enabled":true,"_links":{"self":[{"href":"https:\/\/eldiariodesanpedro.com.ar\/sitio\/wp-json\/wp\/v2\/posts\/61979","targetHints":{"allow":["GET"]}}],"collection":[{"href":"https:\/\/eldiariodesanpedro.com.ar\/sitio\/wp-json\/wp\/v2\/posts"}],"about":[{"href":"https:\/\/eldiariodesanpedro.com.ar\/sitio\/wp-json\/wp\/v2\/types\/post"}],"author":[{"embeddable":true,"href":"https:\/\/eldiariodesanpedro.com.ar\/sitio\/wp-json\/wp\/v2\/users\/4"}],"replies":[{"embeddable":true,"href":"https:\/\/eldiariodesanpedro.com.ar\/sitio\/wp-json\/wp\/v2\/comments?post=61979"}],"version-history":[{"count":2,"href":"https:\/\/eldiariodesanpedro.com.ar\/sitio\/wp-json\/wp\/v2\/posts\/61979\/revisions"}],"predecessor-version":[{"id":62004,"href":"https:\/\/eldiariodesanpedro.com.ar\/sitio\/wp-json\/wp\/v2\/posts\/61979\/revisions\/62004"}],"wp:featuredmedia":[{"embeddable":true,"href":"https:\/\/eldiariodesanpedro.com.ar\/sitio\/wp-json\/wp\/v2\/media\/61980"}],"wp:attachment":[{"href":"https:\/\/eldiariodesanpedro.com.ar\/sitio\/wp-json\/wp\/v2\/media?parent=61979"}],"wp:term":[{"taxonomy":"category","embeddable":true,"href":"https:\/\/eldiariodesanpedro.com.ar\/sitio\/wp-json\/wp\/v2\/categories?post=61979"},{"taxonomy":"post_tag","embeddable":true,"href":"https:\/\/eldiariodesanpedro.com.ar\/sitio\/wp-json\/wp\/v2\/tags?post=61979"}],"curies":[{"name":"wp","href":"https:\/\/api.w.org\/{rel}","templated":true}]}}