{"id":61969,"date":"2019-10-14T15:01:39","date_gmt":"2019-10-14T18:01:39","guid":{"rendered":"https:\/\/eldiariodesanpedro.com.ar\/sitio\/?p=61969"},"modified":"2019-10-14T15:01:43","modified_gmt":"2019-10-14T18:01:43","slug":"fiesta-de-las-colectividades-primera-jornada-exitosa-hoy-siguen-las-actividades","status":"publish","type":"post","link":"https:\/\/eldiariodesanpedro.com.ar\/sitio\/fiesta-de-las-colectividades-primera-jornada-exitosa-hoy-siguen-las-actividades\/","title":{"rendered":"Fiesta de las Colectividades: Primera jornada exitosa, hoy siguen las actividades"},"content":{"rendered":"<!-- VideographyWP Plugin Message: Automatic video embedding prevented by plugin options. -->\n\n<p>Sampedrinos y turistas disfrutaron de una hermosa jornada este domingo de la fiesta. Con un gran cierre musical de La Delio Valdez, hoy lunes las actividades ya comenzaron.<\/p>\n\n\n\n<p>Luego de una importante convocatoria de p\u00fablico, la primera jornada fue todo un \u00e9xito.<\/p>\n\n\n\n<p>Luego de reprogramaciones y con dudas del mal tiempo se logr\u00f3 culminar la primera jornada este domingo con todos los stnd de comidas , ofreciendo la gastronom\u00eda t\u00edpica de cada colectividad.<\/p>\n\n\n\n<p>La novedad de este a\u00f1o fue Jap\u00f3n, quienes se integraron por primera a la fiesta con muy buena aceptaci\u00f3n del p\u00fablico.<\/p>\n\n\n\n<figure class=\"wp-block-image\"><img decoding=\"async\" width=\"720\" height=\"340\" data-attachment-id=\"61970\" data-permalink=\"https:\/\/eldiariodesanpedro.com.ar\/sitio\/fiesta-de-las-colectividades-primera-jornada-exitosa-hoy-siguen-las-actividades\/fb_img_1571074282498\/\" data-orig-file=\"https:\/\/eldiariodesanpedro.com.ar\/sitio\/wp-content\/uploads\/2019\/10\/FB_IMG_1571074282498.jpg\" data-orig-size=\"720,340\" data-comments-opened=\"1\" data-image-meta=\"{&quot;aperture&quot;:&quot;0&quot;,&quot;credit&quot;:&quot;&quot;,&quot;camera&quot;:&quot;&quot;,&quot;caption&quot;:&quot;&quot;,&quot;created_timestamp&quot;:&quot;0&quot;,&quot;copyright&quot;:&quot;&quot;,&quot;focal_length&quot;:&quot;0&quot;,&quot;iso&quot;:&quot;0&quot;,&quot;shutter_speed&quot;:&quot;0&quot;,&quot;title&quot;:&quot;&quot;,&quot;orientation&quot;:&quot;0&quot;}\" data-image-title=\"FB_IMG_1571074282498\" data-image-description=\"\" data-image-caption=\"\" data-large-file=\"https:\/\/eldiariodesanpedro.com.ar\/sitio\/wp-content\/uploads\/2019\/10\/FB_IMG_1571074282498.jpg\" data-src=\"https:\/\/eldiariodesanpedro.com.ar\/sitio\/wp-content\/uploads\/2019\/10\/FB_IMG_1571074282498.jpg\" alt=\"\" class=\"wp-image-61970 lazyload\" data-srcset=\"https:\/\/eldiariodesanpedro.com.ar\/sitio\/wp-content\/uploads\/2019\/10\/FB_IMG_1571074282498.jpg 720w, https:\/\/eldiariodesanpedro.com.ar\/sitio\/wp-content\/uploads\/2019\/10\/FB_IMG_1571074282498-300x142.jpg 300w\" data-sizes=\"(max-width: 720px) 100vw, 720px\" src=\"data:image\/svg+xml;base64,PHN2ZyB3aWR0aD0iMSIgaGVpZ2h0PSIxIiB4bWxucz0iaHR0cDovL3d3dy53My5vcmcvMjAwMC9zdmciPjwvc3ZnPg==\" style=\"--smush-placeholder-width: 720px; --smush-placeholder-aspect-ratio: 720\/340;\" \/><\/figure>\n\n\n\n<p>La noche tuvo el cierre con la banda esperada La Delio Valdez quien hoy en d\u00eda es una de las bandas referentes de la cumbia con orquesta. Tiene que ver con revalorizar lo latinoamericano y lo folkl\u00f3rico. En la d\u00e9cada del \u201940, el colombiano Lucho Berm\u00fadez se hab\u00eda ocupado de trasladar la cumbia m\u00e1s rudimentaria (tambores y gaitas) a un ensamble de orquesta, con secciones de viento y percusi\u00f3n. Fue ese mismo formato el que La Delio rescat\u00f3 en 2009 y expandi\u00f3 por todo el pa\u00eds. Con\u00a0quince m\u00fasicos en escena, actualizaron el sonido de la cumbia con\u00a0toques psicod\u00e9licos, elementos del rock, el jazz, el folklore andino y otros ritmos tropicales, como la salsa.<\/p>\n\n\n\n<p>Despu\u00e9s de versionar cl\u00e1sicos de la cumbia colombiana o de exponentes locales como Gilda, en su cuarto disco,\u00a0<em>Sonido Subtropical<\/em>, apostaron a las composiciones propias.\u00a0<\/p>\n\n\n\n<p>Jornada del lunes&nbsp;<\/p>\n\n\n\n<p>Si el clima lo permite las actividades se desarrollar\u00e1n hoy del siguiente modo:<\/p>\n\n\n\n<p>-15:30 Coraz\u00f3n de mi Pueblo<\/p>\n\n\n\n<p>-16:00 Ballet \u201cLos de Salta\u201d<\/p>\n\n\n\n<p>-17:20 Petittons y Fent Polseguera<\/p>\n\n\n\n<p>-17:45 Amor y Pasi\u00f3n por el Tango<\/p>\n\n\n\n<p>-18:20 Saufar Lubnan<\/p>\n\n\n\n<p>-18.30 Charla Sobre \u201cLeonardo Steppuhn, el primer rosicultor sampedrino, a cargo del Museo Hist\u00f3rico Regional \u201cFray Jos\u00e9 Mar\u00eda Bottaro\u201d.<\/p>\n\n\n\n<ul class=\"wp-block-gallery columns-3 is-cropped wp-block-gallery-1 is-layout-flex wp-block-gallery-is-layout-flex\"><li class=\"blocks-gallery-item\"><figure><img decoding=\"async\" width=\"720\" height=\"341\" data-attachment-id=\"61971\" data-permalink=\"https:\/\/eldiariodesanpedro.com.ar\/sitio\/fiesta-de-las-colectividades-primera-jornada-exitosa-hoy-siguen-las-actividades\/fb_img_1571074258654\/\" data-orig-file=\"https:\/\/eldiariodesanpedro.com.ar\/sitio\/wp-content\/uploads\/2019\/10\/FB_IMG_1571074258654.jpg\" data-orig-size=\"720,341\" data-comments-opened=\"1\" data-image-meta=\"{&quot;aperture&quot;:&quot;0&quot;,&quot;credit&quot;:&quot;&quot;,&quot;camera&quot;:&quot;&quot;,&quot;caption&quot;:&quot;&quot;,&quot;created_timestamp&quot;:&quot;0&quot;,&quot;copyright&quot;:&quot;&quot;,&quot;focal_length&quot;:&quot;0&quot;,&quot;iso&quot;:&quot;0&quot;,&quot;shutter_speed&quot;:&quot;0&quot;,&quot;title&quot;:&quot;&quot;,&quot;orientation&quot;:&quot;0&quot;}\" data-image-title=\"FB_IMG_1571074258654\" data-image-description=\"\" data-image-caption=\"\" data-large-file=\"https:\/\/eldiariodesanpedro.com.ar\/sitio\/wp-content\/uploads\/2019\/10\/FB_IMG_1571074258654.jpg\" data-src=\"https:\/\/eldiariodesanpedro.com.ar\/sitio\/wp-content\/uploads\/2019\/10\/FB_IMG_1571074258654.jpg\" alt=\"\" data-id=\"61971\" data-link=\"https:\/\/eldiariodesanpedro.com.ar\/sitio\/?attachment_id=61971\" class=\"wp-image-61971 lazyload\" data-srcset=\"https:\/\/eldiariodesanpedro.com.ar\/sitio\/wp-content\/uploads\/2019\/10\/FB_IMG_1571074258654.jpg 720w, https:\/\/eldiariodesanpedro.com.ar\/sitio\/wp-content\/uploads\/2019\/10\/FB_IMG_1571074258654-300x142.jpg 300w\" data-sizes=\"(max-width: 720px) 100vw, 720px\" src=\"data:image\/svg+xml;base64,PHN2ZyB3aWR0aD0iMSIgaGVpZ2h0PSIxIiB4bWxucz0iaHR0cDovL3d3dy53My5vcmcvMjAwMC9zdmciPjwvc3ZnPg==\" style=\"--smush-placeholder-width: 720px; --smush-placeholder-aspect-ratio: 720\/341;\" \/><\/figure><\/li><li class=\"blocks-gallery-item\"><figure><img decoding=\"async\" width=\"720\" height=\"341\" data-attachment-id=\"61972\" data-permalink=\"https:\/\/eldiariodesanpedro.com.ar\/sitio\/fiesta-de-las-colectividades-primera-jornada-exitosa-hoy-siguen-las-actividades\/fb_img_1571074266473\/\" data-orig-file=\"https:\/\/eldiariodesanpedro.com.ar\/sitio\/wp-content\/uploads\/2019\/10\/FB_IMG_1571074266473.jpg\" data-orig-size=\"720,341\" data-comments-opened=\"1\" data-image-meta=\"{&quot;aperture&quot;:&quot;0&quot;,&quot;credit&quot;:&quot;&quot;,&quot;camera&quot;:&quot;&quot;,&quot;caption&quot;:&quot;&quot;,&quot;created_timestamp&quot;:&quot;0&quot;,&quot;copyright&quot;:&quot;&quot;,&quot;focal_length&quot;:&quot;0&quot;,&quot;iso&quot;:&quot;0&quot;,&quot;shutter_speed&quot;:&quot;0&quot;,&quot;title&quot;:&quot;&quot;,&quot;orientation&quot;:&quot;0&quot;}\" data-image-title=\"FB_IMG_1571074266473\" data-image-description=\"\" data-image-caption=\"\" data-large-file=\"https:\/\/eldiariodesanpedro.com.ar\/sitio\/wp-content\/uploads\/2019\/10\/FB_IMG_1571074266473.jpg\" data-src=\"https:\/\/eldiariodesanpedro.com.ar\/sitio\/wp-content\/uploads\/2019\/10\/FB_IMG_1571074266473.jpg\" alt=\"\" data-id=\"61972\" data-link=\"https:\/\/eldiariodesanpedro.com.ar\/sitio\/?attachment_id=61972\" class=\"wp-image-61972 lazyload\" data-srcset=\"https:\/\/eldiariodesanpedro.com.ar\/sitio\/wp-content\/uploads\/2019\/10\/FB_IMG_1571074266473.jpg 720w, https:\/\/eldiariodesanpedro.com.ar\/sitio\/wp-content\/uploads\/2019\/10\/FB_IMG_1571074266473-300x142.jpg 300w\" data-sizes=\"(max-width: 720px) 100vw, 720px\" src=\"data:image\/svg+xml;base64,PHN2ZyB3aWR0aD0iMSIgaGVpZ2h0PSIxIiB4bWxucz0iaHR0cDovL3d3dy53My5vcmcvMjAwMC9zdmciPjwvc3ZnPg==\" style=\"--smush-placeholder-width: 720px; --smush-placeholder-aspect-ratio: 720\/341;\" \/><\/figure><\/li><li class=\"blocks-gallery-item\"><figure><img decoding=\"async\" width=\"720\" height=\"720\" data-attachment-id=\"61973\" data-permalink=\"https:\/\/eldiariodesanpedro.com.ar\/sitio\/fiesta-de-las-colectividades-primera-jornada-exitosa-hoy-siguen-las-actividades\/fb_img_1571074245581\/\" data-orig-file=\"https:\/\/eldiariodesanpedro.com.ar\/sitio\/wp-content\/uploads\/2019\/10\/FB_IMG_1571074245581.jpg\" data-orig-size=\"720,720\" data-comments-opened=\"1\" data-image-meta=\"{&quot;aperture&quot;:&quot;0&quot;,&quot;credit&quot;:&quot;&quot;,&quot;camera&quot;:&quot;&quot;,&quot;caption&quot;:&quot;&quot;,&quot;created_timestamp&quot;:&quot;0&quot;,&quot;copyright&quot;:&quot;&quot;,&quot;focal_length&quot;:&quot;0&quot;,&quot;iso&quot;:&quot;0&quot;,&quot;shutter_speed&quot;:&quot;0&quot;,&quot;title&quot;:&quot;&quot;,&quot;orientation&quot;:&quot;0&quot;}\" data-image-title=\"FB_IMG_1571074245581\" data-image-description=\"\" data-image-caption=\"\" data-large-file=\"https:\/\/eldiariodesanpedro.com.ar\/sitio\/wp-content\/uploads\/2019\/10\/FB_IMG_1571074245581.jpg\" data-src=\"https:\/\/eldiariodesanpedro.com.ar\/sitio\/wp-content\/uploads\/2019\/10\/FB_IMG_1571074245581.jpg\" alt=\"\" data-id=\"61973\" data-link=\"https:\/\/eldiariodesanpedro.com.ar\/sitio\/?attachment_id=61973\" class=\"wp-image-61973 lazyload\" data-srcset=\"https:\/\/eldiariodesanpedro.com.ar\/sitio\/wp-content\/uploads\/2019\/10\/FB_IMG_1571074245581.jpg 720w, https:\/\/eldiariodesanpedro.com.ar\/sitio\/wp-content\/uploads\/2019\/10\/FB_IMG_1571074245581-150x150.jpg 150w, https:\/\/eldiariodesanpedro.com.ar\/sitio\/wp-content\/uploads\/2019\/10\/FB_IMG_1571074245581-300x300.jpg 300w\" data-sizes=\"(max-width: 720px) 100vw, 720px\" src=\"data:image\/svg+xml;base64,PHN2ZyB3aWR0aD0iMSIgaGVpZ2h0PSIxIiB4bWxucz0iaHR0cDovL3d3dy53My5vcmcvMjAwMC9zdmciPjwvc3ZnPg==\" style=\"--smush-placeholder-width: 720px; --smush-placeholder-aspect-ratio: 720\/720;\" \/><\/figure><\/li><li class=\"blocks-gallery-item\"><figure><img decoding=\"async\" width=\"720\" height=\"720\" data-attachment-id=\"61974\" data-permalink=\"https:\/\/eldiariodesanpedro.com.ar\/sitio\/fiesta-de-las-colectividades-primera-jornada-exitosa-hoy-siguen-las-actividades\/fb_img_1571074251790\/\" data-orig-file=\"https:\/\/eldiariodesanpedro.com.ar\/sitio\/wp-content\/uploads\/2019\/10\/FB_IMG_1571074251790.jpg\" data-orig-size=\"720,720\" data-comments-opened=\"1\" data-image-meta=\"{&quot;aperture&quot;:&quot;0&quot;,&quot;credit&quot;:&quot;&quot;,&quot;camera&quot;:&quot;&quot;,&quot;caption&quot;:&quot;&quot;,&quot;created_timestamp&quot;:&quot;0&quot;,&quot;copyright&quot;:&quot;&quot;,&quot;focal_length&quot;:&quot;0&quot;,&quot;iso&quot;:&quot;0&quot;,&quot;shutter_speed&quot;:&quot;0&quot;,&quot;title&quot;:&quot;&quot;,&quot;orientation&quot;:&quot;0&quot;}\" data-image-title=\"FB_IMG_1571074251790\" data-image-description=\"\" data-image-caption=\"\" data-large-file=\"https:\/\/eldiariodesanpedro.com.ar\/sitio\/wp-content\/uploads\/2019\/10\/FB_IMG_1571074251790.jpg\" data-src=\"https:\/\/eldiariodesanpedro.com.ar\/sitio\/wp-content\/uploads\/2019\/10\/FB_IMG_1571074251790.jpg\" alt=\"\" data-id=\"61974\" data-link=\"https:\/\/eldiariodesanpedro.com.ar\/sitio\/?attachment_id=61974\" class=\"wp-image-61974 lazyload\" data-srcset=\"https:\/\/eldiariodesanpedro.com.ar\/sitio\/wp-content\/uploads\/2019\/10\/FB_IMG_1571074251790.jpg 720w, https:\/\/eldiariodesanpedro.com.ar\/sitio\/wp-content\/uploads\/2019\/10\/FB_IMG_1571074251790-150x150.jpg 150w, https:\/\/eldiariodesanpedro.com.ar\/sitio\/wp-content\/uploads\/2019\/10\/FB_IMG_1571074251790-300x300.jpg 300w\" data-sizes=\"(max-width: 720px) 100vw, 720px\" src=\"data:image\/svg+xml;base64,PHN2ZyB3aWR0aD0iMSIgaGVpZ2h0PSIxIiB4bWxucz0iaHR0cDovL3d3dy53My5vcmcvMjAwMC9zdmciPjwvc3ZnPg==\" style=\"--smush-placeholder-width: 720px; --smush-placeholder-aspect-ratio: 720\/720;\" \/><\/figure><\/li><li class=\"blocks-gallery-item\"><figure><img decoding=\"async\" width=\"720\" height=\"720\" data-attachment-id=\"61975\" data-permalink=\"https:\/\/eldiariodesanpedro.com.ar\/sitio\/fiesta-de-las-colectividades-primera-jornada-exitosa-hoy-siguen-las-actividades\/fb_img_1571074255165\/\" data-orig-file=\"https:\/\/eldiariodesanpedro.com.ar\/sitio\/wp-content\/uploads\/2019\/10\/FB_IMG_1571074255165.jpg\" data-orig-size=\"720,720\" data-comments-opened=\"1\" data-image-meta=\"{&quot;aperture&quot;:&quot;0&quot;,&quot;credit&quot;:&quot;&quot;,&quot;camera&quot;:&quot;&quot;,&quot;caption&quot;:&quot;&quot;,&quot;created_timestamp&quot;:&quot;0&quot;,&quot;copyright&quot;:&quot;&quot;,&quot;focal_length&quot;:&quot;0&quot;,&quot;iso&quot;:&quot;0&quot;,&quot;shutter_speed&quot;:&quot;0&quot;,&quot;title&quot;:&quot;&quot;,&quot;orientation&quot;:&quot;0&quot;}\" data-image-title=\"FB_IMG_1571074255165\" data-image-description=\"\" data-image-caption=\"\" data-large-file=\"https:\/\/eldiariodesanpedro.com.ar\/sitio\/wp-content\/uploads\/2019\/10\/FB_IMG_1571074255165.jpg\" data-src=\"https:\/\/eldiariodesanpedro.com.ar\/sitio\/wp-content\/uploads\/2019\/10\/FB_IMG_1571074255165.jpg\" alt=\"\" data-id=\"61975\" data-link=\"https:\/\/eldiariodesanpedro.com.ar\/sitio\/?attachment_id=61975\" class=\"wp-image-61975 lazyload\" data-srcset=\"https:\/\/eldiariodesanpedro.com.ar\/sitio\/wp-content\/uploads\/2019\/10\/FB_IMG_1571074255165.jpg 720w, https:\/\/eldiariodesanpedro.com.ar\/sitio\/wp-content\/uploads\/2019\/10\/FB_IMG_1571074255165-150x150.jpg 150w, https:\/\/eldiariodesanpedro.com.ar\/sitio\/wp-content\/uploads\/2019\/10\/FB_IMG_1571074255165-300x300.jpg 300w\" data-sizes=\"(max-width: 720px) 100vw, 720px\" src=\"data:image\/svg+xml;base64,PHN2ZyB3aWR0aD0iMSIgaGVpZ2h0PSIxIiB4bWxucz0iaHR0cDovL3d3dy53My5vcmcvMjAwMC9zdmciPjwvc3ZnPg==\" style=\"--smush-placeholder-width: 720px; --smush-placeholder-aspect-ratio: 720\/720;\" \/><\/figure><\/li><\/ul>\n","protected":false},"excerpt":{"rendered":"<p>Sampedrinos y turistas disfrutaron de una hermosa jornada este domingo de la fiesta. Con un gran cierre musical de La Delio Valdez, hoy lunes las actividades ya comenzaron. Luego de una importante convocatoria de p\u00fablico, la primera jornada fue todo un \u00e9xito. Luego de reprogramaciones y con dudas del mal tiempo se logr\u00f3 culminar la [&hellip;]<\/p>\n","protected":false},"author":4,"featured_media":61973,"comment_status":"open","ping_status":"closed","sticky":false,"template":"","format":"standard","meta":{"om_disable_all_campaigns":false,"_jetpack_memberships_contains_paid_content":false,"footnotes":""},"categories":[50,101,2],"tags":[],"class_list":["post-61969","post","type-post","status-publish","format-standard","has-post-thumbnail","hentry","category-destacadas","category-interes-general-locales","category-locales"],"aioseo_notices":[],"gutentor_comment":0,"jetpack_featured_media_url":"https:\/\/eldiariodesanpedro.com.ar\/sitio\/wp-content\/uploads\/2019\/10\/FB_IMG_1571074245581.jpg","jetpack_shortlink":"https:\/\/wp.me\/p6RhLt-g7v","jetpack_sharing_enabled":true,"_links":{"self":[{"href":"https:\/\/eldiariodesanpedro.com.ar\/sitio\/wp-json\/wp\/v2\/posts\/61969","targetHints":{"allow":["GET"]}}],"collection":[{"href":"https:\/\/eldiariodesanpedro.com.ar\/sitio\/wp-json\/wp\/v2\/posts"}],"about":[{"href":"https:\/\/eldiariodesanpedro.com.ar\/sitio\/wp-json\/wp\/v2\/types\/post"}],"author":[{"embeddable":true,"href":"https:\/\/eldiariodesanpedro.com.ar\/sitio\/wp-json\/wp\/v2\/users\/4"}],"replies":[{"embeddable":true,"href":"https:\/\/eldiariodesanpedro.com.ar\/sitio\/wp-json\/wp\/v2\/comments?post=61969"}],"version-history":[{"count":1,"href":"https:\/\/eldiariodesanpedro.com.ar\/sitio\/wp-json\/wp\/v2\/posts\/61969\/revisions"}],"predecessor-version":[{"id":61976,"href":"https:\/\/eldiariodesanpedro.com.ar\/sitio\/wp-json\/wp\/v2\/posts\/61969\/revisions\/61976"}],"wp:featuredmedia":[{"embeddable":true,"href":"https:\/\/eldiariodesanpedro.com.ar\/sitio\/wp-json\/wp\/v2\/media\/61973"}],"wp:attachment":[{"href":"https:\/\/eldiariodesanpedro.com.ar\/sitio\/wp-json\/wp\/v2\/media?parent=61969"}],"wp:term":[{"taxonomy":"category","embeddable":true,"href":"https:\/\/eldiariodesanpedro.com.ar\/sitio\/wp-json\/wp\/v2\/categories?post=61969"},{"taxonomy":"post_tag","embeddable":true,"href":"https:\/\/eldiariodesanpedro.com.ar\/sitio\/wp-json\/wp\/v2\/tags?post=61969"}],"curies":[{"name":"wp","href":"https:\/\/api.w.org\/{rel}","templated":true}]}}