{"id":61966,"date":"2019-10-14T14:20:39","date_gmt":"2019-10-14T17:20:39","guid":{"rendered":"https:\/\/eldiariodesanpedro.com.ar\/sitio\/?p=61966"},"modified":"2019-10-14T14:20:43","modified_gmt":"2019-10-14T17:20:43","slug":"actividades-bomberiles-2019-nicolas-cava-subcampeon-nacional-en-rosario","status":"publish","type":"post","link":"https:\/\/eldiariodesanpedro.com.ar\/sitio\/actividades-bomberiles-2019-nicolas-cava-subcampeon-nacional-en-rosario\/","title":{"rendered":"Actividades Bomberiles 2019: Nicol\u00e1s Cava subcampe\u00f3n nacional en Rosario"},"content":{"rendered":"<!-- VideographyWP Plugin Message: Automatic video embedding prevented by plugin options. -->\n\n<p>El bombero sampedrino estuvo cerca de una nueva consagraci\u00f3n pero una lesi\u00f3n lo dej\u00f3 sin chances. Fue excelente el desempe\u00f1o de toda la delegaci\u00f3n que viaj\u00f3 a participar del certamen. \u00a0<\/p>\n\n\n\n<figure class=\"wp-block-image\"><a href=\"https:\/\/www.sanpedroinforma.com.ar\/nota\/122831#\"><img decoding=\"async\" data-src=\"https:\/\/www.sanpedroinforma.com.ar\/assets\/image\/18504\/actividades-bomberiles-2019-nicolas-cava-subcampeon-nacional-en-rosario-3.jpg?x=312\" alt=\"Actividades Bomberiles 2019: Nicol\u00e1s Cava subcampe\u00f3n nacional en Rosario- 3\" src=\"data:image\/svg+xml;base64,PHN2ZyB3aWR0aD0iMSIgaGVpZ2h0PSIxIiB4bWxucz0iaHR0cDovL3d3dy53My5vcmcvMjAwMC9zdmciPjwvc3ZnPg==\" class=\"lazyload\" \/><\/a><figcaption>Actividades Bomberiles 2019: Nicol\u00e1s Cava subcampe\u00f3n nacional en Rosario- 3<\/figcaption><\/figure>\n\n\n\n<figure class=\"wp-block-image\"><a href=\"https:\/\/www.sanpedroinforma.com.ar\/nota\/122831#\"><img decoding=\"async\" data-src=\"https:\/\/www.sanpedroinforma.com.ar\/assets\/image\/18503\/actividades-bomberiles-2019-nicolas-cava-subcampeon-nacional-en-rosario-2.jpg?x=312\" alt=\"Actividades Bomberiles 2019: Nicol\u00e1s Cava subcampe\u00f3n nacional en Rosario- 2\" src=\"data:image\/svg+xml;base64,PHN2ZyB3aWR0aD0iMSIgaGVpZ2h0PSIxIiB4bWxucz0iaHR0cDovL3d3dy53My5vcmcvMjAwMC9zdmciPjwvc3ZnPg==\" class=\"lazyload\" \/><\/a><figcaption>Actividades Bomberiles 2019: Nicol\u00e1s Cava subcampe\u00f3n nacional en Rosario- 2<\/figcaption><\/figure>\n\n\n\n<figure class=\"wp-block-image\"><a href=\"https:\/\/www.sanpedroinforma.com.ar\/nota\/122831#\"><img decoding=\"async\" data-src=\"https:\/\/www.sanpedroinforma.com.ar\/assets\/image\/18502\/actividades-bomberiles-2019-nicolas-cava-subcampeon-nacional-en-rosario-1.jpg?x=312\" alt=\"Actividades Bomberiles 2019: Nicol\u00e1s Cava subcampe\u00f3n nacional en Rosario- 1\" src=\"data:image\/svg+xml;base64,PHN2ZyB3aWR0aD0iMSIgaGVpZ2h0PSIxIiB4bWxucz0iaHR0cDovL3d3dy53My5vcmcvMjAwMC9zdmciPjwvc3ZnPg==\" class=\"lazyload\" \/><\/a><figcaption>Actividades Bomberiles 2019: Nicol\u00e1s Cava subcampe\u00f3n nacional en Rosario- 1<\/figcaption><\/figure>\n\n\n\n<p>Culminaron el domingo las VIII competencias bomberiles desarrolladas en la ciudad de Rosario. Nicol\u00e1s Cava, representante de los Bomberos Voluntarios de San Pedro, lleg\u00f3 a la final del torneo, obteniendo el subcampeonato nacional.<\/p>\n\n\n\n<p>Cabe agregar que el sampedrino sufri\u00f3 una lesi\u00f3n en su rodilla derecha que le impidi\u00f3 terminar la final cuando ten\u00eda serias perspectivas de obtener el t\u00edtulo. Tambi\u00e9n llegaron a las semifinales los equipos grupales masculinos y mixtos de Bomberos San Pedro integrados por: Cristian De Palma, Luis Torrens, Jonathan Giovanettoni, Nicol\u00e1s Cava, Silvio Torrens, Natalia Lappi y Carla Alvarez.<ins><\/ins><\/p>\n\n\n\n<p>Durante el desarrollo del certamen sobresali\u00f3 tambi\u00e9n la actuaci\u00f3n de en individual femenino de Yesica Novaro quien le gan\u00f3 en pista a la campeona Argentina y Sudamericana quedando eliminada al ser penalizada por haber cometido una infracci\u00f3n lo cual no opaca su desempe\u00f1o.<\/p>\n\n\n\n<p>En las mismas actividades tambi\u00e9n compitieron Rom\u00e1n Montenegro, Carlos Vallejos, \u00c1ngel Alsogaray, Walter Alves y Lujan Machado del Destacamento 2 de Gobernador Castro.<\/p>\n\n\n\n<p>Una vez m\u00e1s los representantes sampedrinos quedaron entre los primeros lugares de la clasificaci\u00f3n habiendo participado 300 efectivos de todo el pa\u00eds<\/p>\n\n\n\n<p>Fuente : San Pedro Informa<\/p>\n","protected":false},"excerpt":{"rendered":"<p>El bombero sampedrino estuvo cerca de una nueva consagraci\u00f3n pero una lesi\u00f3n lo dej\u00f3 sin chances. Fue excelente el desempe\u00f1o de toda la delegaci\u00f3n que viaj\u00f3 a participar del certamen. \u00a0 Culminaron el domingo las VIII competencias bomberiles desarrolladas en la ciudad de Rosario. Nicol\u00e1s Cava, representante de los Bomberos Voluntarios de San Pedro, lleg\u00f3 [&hellip;]<\/p>\n","protected":false},"author":4,"featured_media":61967,"comment_status":"open","ping_status":"closed","sticky":false,"template":"","format":"standard","meta":{"om_disable_all_campaigns":false,"_jetpack_memberships_contains_paid_content":false,"footnotes":""},"categories":[50,101,2],"tags":[],"class_list":["post-61966","post","type-post","status-publish","format-standard","has-post-thumbnail","hentry","category-destacadas","category-interes-general-locales","category-locales"],"aioseo_notices":[],"gutentor_comment":0,"jetpack_featured_media_url":"https:\/\/eldiariodesanpedro.com.ar\/sitio\/wp-content\/uploads\/2019\/10\/IMG-20191013-WA0059.jpg","jetpack_shortlink":"https:\/\/wp.me\/p6RhLt-g7s","jetpack_sharing_enabled":true,"_links":{"self":[{"href":"https:\/\/eldiariodesanpedro.com.ar\/sitio\/wp-json\/wp\/v2\/posts\/61966","targetHints":{"allow":["GET"]}}],"collection":[{"href":"https:\/\/eldiariodesanpedro.com.ar\/sitio\/wp-json\/wp\/v2\/posts"}],"about":[{"href":"https:\/\/eldiariodesanpedro.com.ar\/sitio\/wp-json\/wp\/v2\/types\/post"}],"author":[{"embeddable":true,"href":"https:\/\/eldiariodesanpedro.com.ar\/sitio\/wp-json\/wp\/v2\/users\/4"}],"replies":[{"embeddable":true,"href":"https:\/\/eldiariodesanpedro.com.ar\/sitio\/wp-json\/wp\/v2\/comments?post=61966"}],"version-history":[{"count":1,"href":"https:\/\/eldiariodesanpedro.com.ar\/sitio\/wp-json\/wp\/v2\/posts\/61966\/revisions"}],"predecessor-version":[{"id":61968,"href":"https:\/\/eldiariodesanpedro.com.ar\/sitio\/wp-json\/wp\/v2\/posts\/61966\/revisions\/61968"}],"wp:featuredmedia":[{"embeddable":true,"href":"https:\/\/eldiariodesanpedro.com.ar\/sitio\/wp-json\/wp\/v2\/media\/61967"}],"wp:attachment":[{"href":"https:\/\/eldiariodesanpedro.com.ar\/sitio\/wp-json\/wp\/v2\/media?parent=61966"}],"wp:term":[{"taxonomy":"category","embeddable":true,"href":"https:\/\/eldiariodesanpedro.com.ar\/sitio\/wp-json\/wp\/v2\/categories?post=61966"},{"taxonomy":"post_tag","embeddable":true,"href":"https:\/\/eldiariodesanpedro.com.ar\/sitio\/wp-json\/wp\/v2\/tags?post=61966"}],"curies":[{"name":"wp","href":"https:\/\/api.w.org\/{rel}","templated":true}]}}