{"id":61957,"date":"2019-10-14T14:01:42","date_gmt":"2019-10-14T17:01:42","guid":{"rendered":"https:\/\/eldiariodesanpedro.com.ar\/sitio\/?p=61957"},"modified":"2019-10-14T14:01:46","modified_gmt":"2019-10-14T17:01:46","slug":"san-nicolas-lo-condenaron-a-6-anos-y-medio-de-prision-por-robo","status":"publish","type":"post","link":"https:\/\/eldiariodesanpedro.com.ar\/sitio\/san-nicolas-lo-condenaron-a-6-anos-y-medio-de-prision-por-robo\/","title":{"rendered":"SAN NICOLAS: Lo condenaron a 6 a\u00f1os y medio de prisi\u00f3n por robo"},"content":{"rendered":"<!-- VideographyWP Plugin Message: Automatic video embedding prevented by plugin options. -->\n\n<p>El Sr. Juez del Tribunal en lo Criminal Nro. 1, Dr. Cristian Eduardo Ramos, resolvi\u00f3 condenar a Lautaro Enzo Ariel L\u00f3pez, como autor penalmente responsable del delito de robo calificado por el uso de arma blanca, en los t\u00e9rminos del art\u00edculo 166 inciso 2do. p\u00e1rrafo 1ro. del C\u00f3digo Penal, a la pena seis a\u00f1os y seis meses de prisi\u00f3n.<\/p>\n\n\n\n<p>El 7 de octubre de 2017, aproximadamente a las 2:00 horas, Lautaro Enzo Ariel L\u00f3pez junto a otra persona ajena a la presente resoluci\u00f3n, en inmediaciones de la intersecci\u00f3n de las calles D\u00e1maso Valdez y 9 de julio de San Nicol\u00e1s, interceptaron a Diego, quien circulaba a bordo de una motocicleta marca Guerrero modelo CG-150 Quenn y mediante intimidaci\u00f3n con un cuchillo, provocando que caiga del rodado, se apoderaron ileg\u00edtimamente del motovech\u00edculo, d\u00e1ndose luego a la fuga.<\/p>\n","protected":false},"excerpt":{"rendered":"<p>El Sr. Juez del Tribunal en lo Criminal Nro. 1, Dr. Cristian Eduardo Ramos, resolvi\u00f3 condenar a Lautaro Enzo Ariel L\u00f3pez, como autor penalmente responsable del delito de robo calificado por el uso de arma blanca, en los t\u00e9rminos del art\u00edculo 166 inciso 2do. p\u00e1rrafo 1ro. del C\u00f3digo Penal, a la pena seis a\u00f1os y [&hellip;]<\/p>\n","protected":false},"author":4,"featured_media":61958,"comment_status":"open","ping_status":"closed","sticky":false,"template":"","format":"standard","meta":{"om_disable_all_campaigns":false,"_jetpack_memberships_contains_paid_content":false,"footnotes":""},"categories":[621],"tags":[],"class_list":["post-61957","post","type-post","status-publish","format-standard","has-post-thumbnail","hentry","category-regionales"],"aioseo_notices":[],"gutentor_comment":0,"jetpack_featured_media_url":"https:\/\/eldiariodesanpedro.com.ar\/sitio\/wp-content\/uploads\/2019\/10\/Screenshot_20191014-1400102.png","jetpack_shortlink":"https:\/\/wp.me\/p6RhLt-g7j","jetpack_sharing_enabled":true,"_links":{"self":[{"href":"https:\/\/eldiariodesanpedro.com.ar\/sitio\/wp-json\/wp\/v2\/posts\/61957","targetHints":{"allow":["GET"]}}],"collection":[{"href":"https:\/\/eldiariodesanpedro.com.ar\/sitio\/wp-json\/wp\/v2\/posts"}],"about":[{"href":"https:\/\/eldiariodesanpedro.com.ar\/sitio\/wp-json\/wp\/v2\/types\/post"}],"author":[{"embeddable":true,"href":"https:\/\/eldiariodesanpedro.com.ar\/sitio\/wp-json\/wp\/v2\/users\/4"}],"replies":[{"embeddable":true,"href":"https:\/\/eldiariodesanpedro.com.ar\/sitio\/wp-json\/wp\/v2\/comments?post=61957"}],"version-history":[{"count":1,"href":"https:\/\/eldiariodesanpedro.com.ar\/sitio\/wp-json\/wp\/v2\/posts\/61957\/revisions"}],"predecessor-version":[{"id":61959,"href":"https:\/\/eldiariodesanpedro.com.ar\/sitio\/wp-json\/wp\/v2\/posts\/61957\/revisions\/61959"}],"wp:featuredmedia":[{"embeddable":true,"href":"https:\/\/eldiariodesanpedro.com.ar\/sitio\/wp-json\/wp\/v2\/media\/61958"}],"wp:attachment":[{"href":"https:\/\/eldiariodesanpedro.com.ar\/sitio\/wp-json\/wp\/v2\/media?parent=61957"}],"wp:term":[{"taxonomy":"category","embeddable":true,"href":"https:\/\/eldiariodesanpedro.com.ar\/sitio\/wp-json\/wp\/v2\/categories?post=61957"},{"taxonomy":"post_tag","embeddable":true,"href":"https:\/\/eldiariodesanpedro.com.ar\/sitio\/wp-json\/wp\/v2\/tags?post=61957"}],"curies":[{"name":"wp","href":"https:\/\/api.w.org\/{rel}","templated":true}]}}