{"id":61948,"date":"2019-10-14T13:25:22","date_gmt":"2019-10-14T16:25:22","guid":{"rendered":"https:\/\/eldiariodesanpedro.com.ar\/sitio\/?p=61948"},"modified":"2019-10-14T13:25:26","modified_gmt":"2019-10-14T16:25:26","slug":"san-miguel-un-grupo-de-ladrones-acribillo-a-un-policia-en-un-asalto-a-un-supermercado","status":"publish","type":"post","link":"https:\/\/eldiariodesanpedro.com.ar\/sitio\/san-miguel-un-grupo-de-ladrones-acribillo-a-un-policia-en-un-asalto-a-un-supermercado\/","title":{"rendered":"San Miguel: un grupo de ladrones acribill\u00f3 a un polic\u00eda en un asalto a un supermercado"},"content":{"rendered":"<!-- VideographyWP Plugin Message: Automatic video embedding prevented by plugin options. -->\n\n<p>La v\u00edctima fue Lucas Gim\u00e9nez, un agente que, justo, hab\u00eda ido a comprar cerca de las cinco de la tarde<\/p>\n\n\n\n<p>Un grupo de ladrones armados entr\u00f3 a robar un supermercado en el partido de&nbsp;San Miguel.&nbsp;All\u00ed asesinaron a un polic\u00eda que estaba de civil y que intent\u00f3 impedir el robo en el local.<\/p>\n\n\n\n<p>La v\u00edctima fue&nbsp;Lucas Gim\u00e9nez que hab\u00eda ido a comprar cerca de las cinco de la tarde. De franco, el oficial fue a hacer las compras diarias al negocio cuando observ\u00f3 la violenta situaci\u00f3n en el local, intent\u00f3 intervenir y qued\u00f3 en medio del robo.<\/p>\n\n\n\n<p>En su acci\u00f3n, el polic\u00eda recibi\u00f3 varios disparos en todo el cuerpo. Uno de ellos fue en la pierna, mientras que otro fue en el abdomen y result\u00f3 letal.<\/p>\n\n\n\n<p>El polic\u00eda fue trasladado al Hospital Larcade, pero no sobrevivi\u00f3 ya que falleci\u00f3 a los pocos minutos de llegar. Los ladrones fueron registrados por las c\u00e1maras de seguridad y son buscados intensamente<\/p>\n\n\n\n<p>Fuente : Diario Popular<\/p>\n","protected":false},"excerpt":{"rendered":"<p>La v\u00edctima fue Lucas Gim\u00e9nez, un agente que, justo, hab\u00eda ido a comprar cerca de las cinco de la tarde Un grupo de ladrones armados entr\u00f3 a robar un supermercado en el partido de&nbsp;San Miguel.&nbsp;All\u00ed asesinaron a un polic\u00eda que estaba de civil y que intent\u00f3 impedir el robo en el local. La v\u00edctima fue&nbsp;Lucas [&hellip;]<\/p>\n","protected":false},"author":4,"featured_media":61950,"comment_status":"open","ping_status":"closed","sticky":false,"template":"","format":"standard","meta":{"om_disable_all_campaigns":false,"_jetpack_memberships_contains_paid_content":false,"footnotes":""},"categories":[621],"tags":[],"class_list":["post-61948","post","type-post","status-publish","format-standard","has-post-thumbnail","hentry","category-regionales"],"aioseo_notices":[],"gutentor_comment":0,"jetpack_featured_media_url":"https:\/\/eldiariodesanpedro.com.ar\/sitio\/wp-content\/uploads\/2019\/10\/Screenshot_20191014-1319422.png","jetpack_shortlink":"https:\/\/wp.me\/p6RhLt-g7a","jetpack_sharing_enabled":true,"_links":{"self":[{"href":"https:\/\/eldiariodesanpedro.com.ar\/sitio\/wp-json\/wp\/v2\/posts\/61948","targetHints":{"allow":["GET"]}}],"collection":[{"href":"https:\/\/eldiariodesanpedro.com.ar\/sitio\/wp-json\/wp\/v2\/posts"}],"about":[{"href":"https:\/\/eldiariodesanpedro.com.ar\/sitio\/wp-json\/wp\/v2\/types\/post"}],"author":[{"embeddable":true,"href":"https:\/\/eldiariodesanpedro.com.ar\/sitio\/wp-json\/wp\/v2\/users\/4"}],"replies":[{"embeddable":true,"href":"https:\/\/eldiariodesanpedro.com.ar\/sitio\/wp-json\/wp\/v2\/comments?post=61948"}],"version-history":[{"count":1,"href":"https:\/\/eldiariodesanpedro.com.ar\/sitio\/wp-json\/wp\/v2\/posts\/61948\/revisions"}],"predecessor-version":[{"id":61951,"href":"https:\/\/eldiariodesanpedro.com.ar\/sitio\/wp-json\/wp\/v2\/posts\/61948\/revisions\/61951"}],"wp:featuredmedia":[{"embeddable":true,"href":"https:\/\/eldiariodesanpedro.com.ar\/sitio\/wp-json\/wp\/v2\/media\/61950"}],"wp:attachment":[{"href":"https:\/\/eldiariodesanpedro.com.ar\/sitio\/wp-json\/wp\/v2\/media?parent=61948"}],"wp:term":[{"taxonomy":"category","embeddable":true,"href":"https:\/\/eldiariodesanpedro.com.ar\/sitio\/wp-json\/wp\/v2\/categories?post=61948"},{"taxonomy":"post_tag","embeddable":true,"href":"https:\/\/eldiariodesanpedro.com.ar\/sitio\/wp-json\/wp\/v2\/tags?post=61948"}],"curies":[{"name":"wp","href":"https:\/\/api.w.org\/{rel}","templated":true}]}}