{"id":61939,"date":"2019-10-14T13:12:00","date_gmt":"2019-10-14T16:12:00","guid":{"rendered":"https:\/\/eldiariodesanpedro.com.ar\/sitio\/?p=61939"},"modified":"2019-10-14T13:12:06","modified_gmt":"2019-10-14T16:12:06","slug":"homenaje-a-lorenzo-garcia-y-a-los-deportistas-sampedrinos","status":"publish","type":"post","link":"https:\/\/eldiariodesanpedro.com.ar\/sitio\/homenaje-a-lorenzo-garcia-y-a-los-deportistas-sampedrinos\/","title":{"rendered":"Homenaje a Lorenzo Garc\u00eda y a los deportistas sampedrinos"},"content":{"rendered":"<!-- VideographyWP Plugin Message: Automatic video embedding prevented by plugin options. -->\n\n<p>En una jornada inolvidable para muchas familias sampedrinas y para todos los que han sido y son parte del deporte local, el C\u00edrculo de Periodistas Deportivos concret\u00f3 la iniciativa plasmada en una ordenanza reciente y celebr\u00f3 por primera vez, el D\u00eda del Deportista Sampedrino.<\/p>\n\n\n\n<p><br>La iniciativa de los periodistas deportivos locales compartida con el HCD y con el gobierno municipal determin\u00f3 que a partir de este a\u00f1o, cada 13 de Octubre sea el d\u00eda de homenaje a los deportistas y tomaron como referencia las medallas de Oro y Bronce que Dante Cittadini en Nacra y Valent\u00edn Rossi en Canotaje, consiguieron en 2018 en los Juegos de la Juventud.<br>Alrededor de 30 deportistas de todos los tiempos fueron convocados para este reconocimiento entregado al pie de las barrancas en la que ahora ser\u00e1 la Plazoleta del Deportista Sampedrino y en donde qued\u00f3 presentada una obra del artista Jorge Coki L\u00f3pez que reproduce la imagen del inolvidable boxeador Lorenzo Garc\u00eda.<\/p>\n\n\n\n<p><br>Con una nutrida concurrencia, se aplaudieron historias de muchos presentes y otros recordados embajadores sampedrinos. El Director de Deportes de la Municipalidad Ramiro S\u00e1nchez Negrete valoriz\u00f3 el deporte como fuente de valores para las nuevas generaciones y el Intendente Cecilio Salazar, muy emocionado, expres\u00f3 lo que muchos seguramente sintieron durante toda la ceremonia al recordar decenas de historias vividas alrededor del deporte sampedrino a trav\u00e9s de las \u00faltimas d\u00e9cadas.<\/p>\n\n\n\n<p><br>El periodista H\u00e9ctor Albano, amplio conocedor de Lorenzo y de su carrera, hizo un perfil sobre la historia del boxeador y en el final se descubri\u00f3 la imagen de Garc\u00eda con la entrega de un reconocimiento a sus familiares presentes. La ceremonia fue conducida por el Vicepresidente del C\u00edrculo, el periodista Mart\u00edn P\u00e9rez.<\/p>\n\n\n\n<ul class=\"wp-block-gallery columns-3 is-cropped wp-block-gallery-1 is-layout-flex wp-block-gallery-is-layout-flex\"><li class=\"blocks-gallery-item\"><figure><img decoding=\"async\" width=\"5520\" height=\"3680\" data-attachment-id=\"61940\" data-permalink=\"https:\/\/eldiariodesanpedro.com.ar\/sitio\/homenaje-a-lorenzo-garcia-y-a-los-deportistas-sampedrinos\/bi4a6693\/\" data-orig-file=\"https:\/\/eldiariodesanpedro.com.ar\/sitio\/wp-content\/uploads\/2019\/10\/BI4A6693.jpg\" data-orig-size=\"5520,3680\" data-comments-opened=\"1\" data-image-meta=\"{&quot;aperture&quot;:&quot;5.6&quot;,&quot;credit&quot;:&quot;&quot;,&quot;camera&quot;:&quot;Canon EOS 5D Mark III&quot;,&quot;caption&quot;:&quot;&quot;,&quot;created_timestamp&quot;:&quot;1578680359&quot;,&quot;copyright&quot;:&quot;&quot;,&quot;focal_length&quot;:&quot;24&quot;,&quot;iso&quot;:&quot;100&quot;,&quot;shutter_speed&quot;:&quot;0.016666666666667&quot;,&quot;title&quot;:&quot;&quot;,&quot;orientation&quot;:&quot;0&quot;}\" data-image-title=\"BI4A6693\" data-image-description=\"\" data-image-caption=\"\" data-large-file=\"https:\/\/eldiariodesanpedro.com.ar\/sitio\/wp-content\/uploads\/2019\/10\/BI4A6693-1024x683.jpg\" data-src=\"https:\/\/i0.wp.com\/eldiariodesanpedro.com.ar\/sitio\/wp-content\/uploads\/2019\/10\/BI4A6693.jpg?fit=660%2C440\" alt=\"\" data-id=\"61940\" data-link=\"https:\/\/eldiariodesanpedro.com.ar\/sitio\/?attachment_id=61940\" class=\"wp-image-61940 lazyload\" data-srcset=\"https:\/\/eldiariodesanpedro.com.ar\/sitio\/wp-content\/uploads\/2019\/10\/BI4A6693.jpg 5520w, https:\/\/eldiariodesanpedro.com.ar\/sitio\/wp-content\/uploads\/2019\/10\/BI4A6693-300x200.jpg 300w, https:\/\/eldiariodesanpedro.com.ar\/sitio\/wp-content\/uploads\/2019\/10\/BI4A6693-768x512.jpg 768w, https:\/\/eldiariodesanpedro.com.ar\/sitio\/wp-content\/uploads\/2019\/10\/BI4A6693-1024x683.jpg 1024w\" data-sizes=\"(max-width: 5520px) 100vw, 5520px\" src=\"data:image\/svg+xml;base64,PHN2ZyB3aWR0aD0iMSIgaGVpZ2h0PSIxIiB4bWxucz0iaHR0cDovL3d3dy53My5vcmcvMjAwMC9zdmciPjwvc3ZnPg==\" style=\"--smush-placeholder-width: 5520px; --smush-placeholder-aspect-ratio: 5520\/3680;\" \/><\/figure><\/li><li class=\"blocks-gallery-item\"><figure><img decoding=\"async\" width=\"5616\" height=\"3367\" data-attachment-id=\"61941\" data-permalink=\"https:\/\/eldiariodesanpedro.com.ar\/sitio\/homenaje-a-lorenzo-garcia-y-a-los-deportistas-sampedrinos\/bi4a6673\/\" data-orig-file=\"https:\/\/eldiariodesanpedro.com.ar\/sitio\/wp-content\/uploads\/2019\/10\/BI4A6673.jpg\" data-orig-size=\"5616,3367\" data-comments-opened=\"1\" data-image-meta=\"{&quot;aperture&quot;:&quot;6.3&quot;,&quot;credit&quot;:&quot;&quot;,&quot;camera&quot;:&quot;Canon EOS 5D Mark III&quot;,&quot;caption&quot;:&quot;&quot;,&quot;created_timestamp&quot;:&quot;1578679712&quot;,&quot;copyright&quot;:&quot;&quot;,&quot;focal_length&quot;:&quot;24&quot;,&quot;iso&quot;:&quot;100&quot;,&quot;shutter_speed&quot;:&quot;0.01&quot;,&quot;title&quot;:&quot;&quot;,&quot;orientation&quot;:&quot;0&quot;}\" data-image-title=\"BI4A6673\" data-image-description=\"\" data-image-caption=\"\" data-large-file=\"https:\/\/eldiariodesanpedro.com.ar\/sitio\/wp-content\/uploads\/2019\/10\/BI4A6673-1024x614.jpg\" data-src=\"https:\/\/i0.wp.com\/eldiariodesanpedro.com.ar\/sitio\/wp-content\/uploads\/2019\/10\/BI4A6673.jpg?fit=660%2C396\" alt=\"\" data-id=\"61941\" data-link=\"https:\/\/eldiariodesanpedro.com.ar\/sitio\/?attachment_id=61941\" class=\"wp-image-61941 lazyload\" data-srcset=\"https:\/\/eldiariodesanpedro.com.ar\/sitio\/wp-content\/uploads\/2019\/10\/BI4A6673.jpg 5616w, https:\/\/eldiariodesanpedro.com.ar\/sitio\/wp-content\/uploads\/2019\/10\/BI4A6673-300x180.jpg 300w, https:\/\/eldiariodesanpedro.com.ar\/sitio\/wp-content\/uploads\/2019\/10\/BI4A6673-768x460.jpg 768w, https:\/\/eldiariodesanpedro.com.ar\/sitio\/wp-content\/uploads\/2019\/10\/BI4A6673-1024x614.jpg 1024w\" data-sizes=\"(max-width: 5616px) 100vw, 5616px\" src=\"data:image\/svg+xml;base64,PHN2ZyB3aWR0aD0iMSIgaGVpZ2h0PSIxIiB4bWxucz0iaHR0cDovL3d3dy53My5vcmcvMjAwMC9zdmciPjwvc3ZnPg==\" style=\"--smush-placeholder-width: 5616px; --smush-placeholder-aspect-ratio: 5616\/3367;\" \/><\/figure><\/li><li class=\"blocks-gallery-item\"><figure><img decoding=\"async\" width=\"5261\" height=\"3024\" data-attachment-id=\"61942\" data-permalink=\"https:\/\/eldiariodesanpedro.com.ar\/sitio\/homenaje-a-lorenzo-garcia-y-a-los-deportistas-sampedrinos\/bi4a6643\/\" data-orig-file=\"https:\/\/eldiariodesanpedro.com.ar\/sitio\/wp-content\/uploads\/2019\/10\/BI4A6643.jpg\" data-orig-size=\"5261,3024\" data-comments-opened=\"1\" data-image-meta=\"{&quot;aperture&quot;:&quot;11&quot;,&quot;credit&quot;:&quot;&quot;,&quot;camera&quot;:&quot;Canon EOS 5D Mark III&quot;,&quot;caption&quot;:&quot;&quot;,&quot;created_timestamp&quot;:&quot;1578678536&quot;,&quot;copyright&quot;:&quot;&quot;,&quot;focal_length&quot;:&quot;35&quot;,&quot;iso&quot;:&quot;400&quot;,&quot;shutter_speed&quot;:&quot;0.005&quot;,&quot;title&quot;:&quot;&quot;,&quot;orientation&quot;:&quot;0&quot;}\" data-image-title=\"BI4A6643\" data-image-description=\"\" data-image-caption=\"\" data-large-file=\"https:\/\/eldiariodesanpedro.com.ar\/sitio\/wp-content\/uploads\/2019\/10\/BI4A6643-1024x589.jpg\" data-src=\"https:\/\/i1.wp.com\/eldiariodesanpedro.com.ar\/sitio\/wp-content\/uploads\/2019\/10\/BI4A6643.jpg?fit=660%2C380\" alt=\"\" data-id=\"61942\" data-link=\"https:\/\/eldiariodesanpedro.com.ar\/sitio\/?attachment_id=61942\" class=\"wp-image-61942 lazyload\" data-srcset=\"https:\/\/eldiariodesanpedro.com.ar\/sitio\/wp-content\/uploads\/2019\/10\/BI4A6643.jpg 5261w, https:\/\/eldiariodesanpedro.com.ar\/sitio\/wp-content\/uploads\/2019\/10\/BI4A6643-300x172.jpg 300w, https:\/\/eldiariodesanpedro.com.ar\/sitio\/wp-content\/uploads\/2019\/10\/BI4A6643-768x441.jpg 768w, https:\/\/eldiariodesanpedro.com.ar\/sitio\/wp-content\/uploads\/2019\/10\/BI4A6643-1024x589.jpg 1024w\" data-sizes=\"(max-width: 5261px) 100vw, 5261px\" src=\"data:image\/svg+xml;base64,PHN2ZyB3aWR0aD0iMSIgaGVpZ2h0PSIxIiB4bWxucz0iaHR0cDovL3d3dy53My5vcmcvMjAwMC9zdmciPjwvc3ZnPg==\" style=\"--smush-placeholder-width: 5261px; --smush-placeholder-aspect-ratio: 5261\/3024;\" \/><\/figure><\/li><li class=\"blocks-gallery-item\"><figure><img decoding=\"async\" width=\"4511\" height=\"3398\" data-attachment-id=\"61943\" data-permalink=\"https:\/\/eldiariodesanpedro.com.ar\/sitio\/homenaje-a-lorenzo-garcia-y-a-los-deportistas-sampedrinos\/bi4a6638\/\" data-orig-file=\"https:\/\/eldiariodesanpedro.com.ar\/sitio\/wp-content\/uploads\/2019\/10\/BI4A6638.jpg\" data-orig-size=\"4511,3398\" data-comments-opened=\"1\" data-image-meta=\"{&quot;aperture&quot;:&quot;7.1&quot;,&quot;credit&quot;:&quot;&quot;,&quot;camera&quot;:&quot;Canon EOS 5D Mark III&quot;,&quot;caption&quot;:&quot;&quot;,&quot;created_timestamp&quot;:&quot;1578678377&quot;,&quot;copyright&quot;:&quot;&quot;,&quot;focal_length&quot;:&quot;82&quot;,&quot;iso&quot;:&quot;400&quot;,&quot;shutter_speed&quot;:&quot;0.005&quot;,&quot;title&quot;:&quot;&quot;,&quot;orientation&quot;:&quot;0&quot;}\" data-image-title=\"BI4A6638\" data-image-description=\"\" data-image-caption=\"\" data-large-file=\"https:\/\/eldiariodesanpedro.com.ar\/sitio\/wp-content\/uploads\/2019\/10\/BI4A6638-1024x771.jpg\" data-src=\"https:\/\/i2.wp.com\/eldiariodesanpedro.com.ar\/sitio\/wp-content\/uploads\/2019\/10\/BI4A6638.jpg?fit=660%2C497\" alt=\"\" data-id=\"61943\" data-link=\"https:\/\/eldiariodesanpedro.com.ar\/sitio\/?attachment_id=61943\" class=\"wp-image-61943 lazyload\" data-srcset=\"https:\/\/eldiariodesanpedro.com.ar\/sitio\/wp-content\/uploads\/2019\/10\/BI4A6638.jpg 4511w, https:\/\/eldiariodesanpedro.com.ar\/sitio\/wp-content\/uploads\/2019\/10\/BI4A6638-300x226.jpg 300w, https:\/\/eldiariodesanpedro.com.ar\/sitio\/wp-content\/uploads\/2019\/10\/BI4A6638-768x579.jpg 768w, https:\/\/eldiariodesanpedro.com.ar\/sitio\/wp-content\/uploads\/2019\/10\/BI4A6638-1024x771.jpg 1024w\" data-sizes=\"(max-width: 4511px) 100vw, 4511px\" src=\"data:image\/svg+xml;base64,PHN2ZyB3aWR0aD0iMSIgaGVpZ2h0PSIxIiB4bWxucz0iaHR0cDovL3d3dy53My5vcmcvMjAwMC9zdmciPjwvc3ZnPg==\" style=\"--smush-placeholder-width: 4511px; --smush-placeholder-aspect-ratio: 4511\/3398;\" \/><\/figure><\/li><li class=\"blocks-gallery-item\"><figure><img decoding=\"async\" width=\"4706\" height=\"2898\" data-attachment-id=\"61944\" data-permalink=\"https:\/\/eldiariodesanpedro.com.ar\/sitio\/homenaje-a-lorenzo-garcia-y-a-los-deportistas-sampedrinos\/bi4a6541\/\" data-orig-file=\"https:\/\/eldiariodesanpedro.com.ar\/sitio\/wp-content\/uploads\/2019\/10\/BI4A6541.jpg\" data-orig-size=\"4706,2898\" data-comments-opened=\"1\" data-image-meta=\"{&quot;aperture&quot;:&quot;14&quot;,&quot;credit&quot;:&quot;&quot;,&quot;camera&quot;:&quot;Canon EOS 5D Mark III&quot;,&quot;caption&quot;:&quot;&quot;,&quot;created_timestamp&quot;:&quot;1578676584&quot;,&quot;copyright&quot;:&quot;&quot;,&quot;focal_length&quot;:&quot;28&quot;,&quot;iso&quot;:&quot;400&quot;,&quot;shutter_speed&quot;:&quot;0.005&quot;,&quot;title&quot;:&quot;&quot;,&quot;orientation&quot;:&quot;0&quot;}\" data-image-title=\"BI4A6541\" data-image-description=\"\" data-image-caption=\"\" data-large-file=\"https:\/\/eldiariodesanpedro.com.ar\/sitio\/wp-content\/uploads\/2019\/10\/BI4A6541-1024x631.jpg\" data-src=\"https:\/\/i2.wp.com\/eldiariodesanpedro.com.ar\/sitio\/wp-content\/uploads\/2019\/10\/BI4A6541.jpg?fit=660%2C407\" alt=\"\" data-id=\"61944\" data-link=\"https:\/\/eldiariodesanpedro.com.ar\/sitio\/?attachment_id=61944\" class=\"wp-image-61944 lazyload\" data-srcset=\"https:\/\/eldiariodesanpedro.com.ar\/sitio\/wp-content\/uploads\/2019\/10\/BI4A6541.jpg 4706w, https:\/\/eldiariodesanpedro.com.ar\/sitio\/wp-content\/uploads\/2019\/10\/BI4A6541-300x185.jpg 300w, https:\/\/eldiariodesanpedro.com.ar\/sitio\/wp-content\/uploads\/2019\/10\/BI4A6541-768x473.jpg 768w, https:\/\/eldiariodesanpedro.com.ar\/sitio\/wp-content\/uploads\/2019\/10\/BI4A6541-1024x631.jpg 1024w\" data-sizes=\"(max-width: 4706px) 100vw, 4706px\" src=\"data:image\/svg+xml;base64,PHN2ZyB3aWR0aD0iMSIgaGVpZ2h0PSIxIiB4bWxucz0iaHR0cDovL3d3dy53My5vcmcvMjAwMC9zdmciPjwvc3ZnPg==\" style=\"--smush-placeholder-width: 4706px; --smush-placeholder-aspect-ratio: 4706\/2898;\" \/><\/figure><\/li><li class=\"blocks-gallery-item\"><figure><img decoding=\"async\" width=\"5760\" height=\"3840\" data-attachment-id=\"61945\" data-permalink=\"https:\/\/eldiariodesanpedro.com.ar\/sitio\/homenaje-a-lorenzo-garcia-y-a-los-deportistas-sampedrinos\/bi4a6523\/\" data-orig-file=\"https:\/\/eldiariodesanpedro.com.ar\/sitio\/wp-content\/uploads\/2019\/10\/BI4A6523.jpg\" data-orig-size=\"5760,3840\" data-comments-opened=\"1\" data-image-meta=\"{&quot;aperture&quot;:&quot;11&quot;,&quot;credit&quot;:&quot;&quot;,&quot;camera&quot;:&quot;Canon EOS 5D Mark III&quot;,&quot;caption&quot;:&quot;&quot;,&quot;created_timestamp&quot;:&quot;1578676229&quot;,&quot;copyright&quot;:&quot;&quot;,&quot;focal_length&quot;:&quot;24&quot;,&quot;iso&quot;:&quot;400&quot;,&quot;shutter_speed&quot;:&quot;0.005&quot;,&quot;title&quot;:&quot;&quot;,&quot;orientation&quot;:&quot;0&quot;}\" data-image-title=\"BI4A6523\" data-image-description=\"\" data-image-caption=\"\" data-large-file=\"https:\/\/eldiariodesanpedro.com.ar\/sitio\/wp-content\/uploads\/2019\/10\/BI4A6523-1024x683.jpg\" data-src=\"https:\/\/i0.wp.com\/eldiariodesanpedro.com.ar\/sitio\/wp-content\/uploads\/2019\/10\/BI4A6523.jpg?fit=660%2C440\" alt=\"\" data-id=\"61945\" data-link=\"https:\/\/eldiariodesanpedro.com.ar\/sitio\/?attachment_id=61945\" class=\"wp-image-61945 lazyload\" data-srcset=\"https:\/\/eldiariodesanpedro.com.ar\/sitio\/wp-content\/uploads\/2019\/10\/BI4A6523.jpg 5760w, https:\/\/eldiariodesanpedro.com.ar\/sitio\/wp-content\/uploads\/2019\/10\/BI4A6523-300x200.jpg 300w, https:\/\/eldiariodesanpedro.com.ar\/sitio\/wp-content\/uploads\/2019\/10\/BI4A6523-768x512.jpg 768w, https:\/\/eldiariodesanpedro.com.ar\/sitio\/wp-content\/uploads\/2019\/10\/BI4A6523-1024x683.jpg 1024w\" data-sizes=\"(max-width: 5760px) 100vw, 5760px\" src=\"data:image\/svg+xml;base64,PHN2ZyB3aWR0aD0iMSIgaGVpZ2h0PSIxIiB4bWxucz0iaHR0cDovL3d3dy53My5vcmcvMjAwMC9zdmciPjwvc3ZnPg==\" style=\"--smush-placeholder-width: 5760px; --smush-placeholder-aspect-ratio: 5760\/3840;\" \/><\/figure><\/li><li class=\"blocks-gallery-item\"><figure><img decoding=\"async\" width=\"2993\" height=\"3884\" data-attachment-id=\"61946\" data-permalink=\"https:\/\/eldiariodesanpedro.com.ar\/sitio\/homenaje-a-lorenzo-garcia-y-a-los-deportistas-sampedrinos\/1-4-4\/\" data-orig-file=\"https:\/\/eldiariodesanpedro.com.ar\/sitio\/wp-content\/uploads\/2019\/10\/1-4.jpg\" data-orig-size=\"2993,3884\" data-comments-opened=\"1\" data-image-meta=\"{&quot;aperture&quot;:&quot;7.1&quot;,&quot;credit&quot;:&quot;&quot;,&quot;camera&quot;:&quot;Canon EOS 5D Mark III&quot;,&quot;caption&quot;:&quot;&quot;,&quot;created_timestamp&quot;:&quot;1578681168&quot;,&quot;copyright&quot;:&quot;&quot;,&quot;focal_length&quot;:&quot;35&quot;,&quot;iso&quot;:&quot;400&quot;,&quot;shutter_speed&quot;:&quot;0.005&quot;,&quot;title&quot;:&quot;&quot;,&quot;orientation&quot;:&quot;0&quot;}\" data-image-title=\"1-4\" data-image-description=\"\" data-image-caption=\"\" data-large-file=\"https:\/\/eldiariodesanpedro.com.ar\/sitio\/wp-content\/uploads\/2019\/10\/1-4-789x1024.jpg\" data-src=\"https:\/\/i1.wp.com\/eldiariodesanpedro.com.ar\/sitio\/wp-content\/uploads\/2019\/10\/1-4.jpg?fit=660%2C857\" alt=\"\" data-id=\"61946\" data-link=\"https:\/\/eldiariodesanpedro.com.ar\/sitio\/?attachment_id=61946\" class=\"wp-image-61946 lazyload\" data-srcset=\"https:\/\/eldiariodesanpedro.com.ar\/sitio\/wp-content\/uploads\/2019\/10\/1-4.jpg 2993w, https:\/\/eldiariodesanpedro.com.ar\/sitio\/wp-content\/uploads\/2019\/10\/1-4-231x300.jpg 231w, https:\/\/eldiariodesanpedro.com.ar\/sitio\/wp-content\/uploads\/2019\/10\/1-4-768x997.jpg 768w, https:\/\/eldiariodesanpedro.com.ar\/sitio\/wp-content\/uploads\/2019\/10\/1-4-789x1024.jpg 789w\" data-sizes=\"(max-width: 2993px) 100vw, 2993px\" src=\"data:image\/svg+xml;base64,PHN2ZyB3aWR0aD0iMSIgaGVpZ2h0PSIxIiB4bWxucz0iaHR0cDovL3d3dy53My5vcmcvMjAwMC9zdmciPjwvc3ZnPg==\" style=\"--smush-placeholder-width: 2993px; --smush-placeholder-aspect-ratio: 2993\/3884;\" \/><\/figure><\/li><\/ul>\n","protected":false},"excerpt":{"rendered":"<p>En una jornada inolvidable para muchas familias sampedrinas y para todos los que han sido y son parte del deporte local, el C\u00edrculo de Periodistas Deportivos concret\u00f3 la iniciativa plasmada en una ordenanza reciente y celebr\u00f3 por primera vez, el D\u00eda del Deportista Sampedrino. La iniciativa de los periodistas deportivos locales compartida con el HCD [&hellip;]<\/p>\n","protected":false},"author":4,"featured_media":61941,"comment_status":"open","ping_status":"closed","sticky":false,"template":"","format":"standard","meta":{"om_disable_all_campaigns":false,"_jetpack_memberships_contains_paid_content":false,"footnotes":""},"categories":[50,101,2],"tags":[],"class_list":["post-61939","post","type-post","status-publish","format-standard","has-post-thumbnail","hentry","category-destacadas","category-interes-general-locales","category-locales"],"aioseo_notices":[],"gutentor_comment":0,"jetpack_featured_media_url":"https:\/\/eldiariodesanpedro.com.ar\/sitio\/wp-content\/uploads\/2019\/10\/BI4A6673.jpg","jetpack_shortlink":"https:\/\/wp.me\/p6RhLt-g71","jetpack_sharing_enabled":true,"_links":{"self":[{"href":"https:\/\/eldiariodesanpedro.com.ar\/sitio\/wp-json\/wp\/v2\/posts\/61939","targetHints":{"allow":["GET"]}}],"collection":[{"href":"https:\/\/eldiariodesanpedro.com.ar\/sitio\/wp-json\/wp\/v2\/posts"}],"about":[{"href":"https:\/\/eldiariodesanpedro.com.ar\/sitio\/wp-json\/wp\/v2\/types\/post"}],"author":[{"embeddable":true,"href":"https:\/\/eldiariodesanpedro.com.ar\/sitio\/wp-json\/wp\/v2\/users\/4"}],"replies":[{"embeddable":true,"href":"https:\/\/eldiariodesanpedro.com.ar\/sitio\/wp-json\/wp\/v2\/comments?post=61939"}],"version-history":[{"count":1,"href":"https:\/\/eldiariodesanpedro.com.ar\/sitio\/wp-json\/wp\/v2\/posts\/61939\/revisions"}],"predecessor-version":[{"id":61947,"href":"https:\/\/eldiariodesanpedro.com.ar\/sitio\/wp-json\/wp\/v2\/posts\/61939\/revisions\/61947"}],"wp:featuredmedia":[{"embeddable":true,"href":"https:\/\/eldiariodesanpedro.com.ar\/sitio\/wp-json\/wp\/v2\/media\/61941"}],"wp:attachment":[{"href":"https:\/\/eldiariodesanpedro.com.ar\/sitio\/wp-json\/wp\/v2\/media?parent=61939"}],"wp:term":[{"taxonomy":"category","embeddable":true,"href":"https:\/\/eldiariodesanpedro.com.ar\/sitio\/wp-json\/wp\/v2\/categories?post=61939"},{"taxonomy":"post_tag","embeddable":true,"href":"https:\/\/eldiariodesanpedro.com.ar\/sitio\/wp-json\/wp\/v2\/tags?post=61939"}],"curies":[{"name":"wp","href":"https:\/\/api.w.org\/{rel}","templated":true}]}}