{"id":61937,"date":"2019-10-13T17:46:45","date_gmt":"2019-10-13T20:46:45","guid":{"rendered":"https:\/\/eldiariodesanpedro.com.ar\/sitio\/?p=61937"},"modified":"2019-10-13T17:46:51","modified_gmt":"2019-10-13T20:46:51","slug":"dos-hombres-y-una-mujer-detenidos-por-un-caso-de-abuso-sexual-agravado-a-dos-menores","status":"publish","type":"post","link":"https:\/\/eldiariodesanpedro.com.ar\/sitio\/dos-hombres-y-una-mujer-detenidos-por-un-caso-de-abuso-sexual-agravado-a-dos-menores\/","title":{"rendered":"Dos hombres y una mujer detenidos por un caso de abuso sexual agravado a dos menores"},"content":{"rendered":"<!-- VideographyWP Plugin Message: Automatic video embedding prevented by plugin options. -->\n\n<p>Sucedi\u00f3 en la localidad vecina de Gobernador Castro, tras una denuncia con dos v\u00edctimas menores de abuso sexual con acceso carnal agravado por convivencia.<\/p>\n\n\n\n<p>En el marco de una causa  iniciada en la Comisaria de la Mujer y Flia de  San Pedro con fecha reciente del d\u00eda 11 de octubre del corriente a\u00f1o d\u00f3nde dos menores de edad estaban siendo abusadas sexualmente, se confirma la autor\u00eda y se procede a tres detenciones.<\/p>\n\n\n\n<p> Con  cumplimiento y  orden librada por el  Jdo Gtias 1 Dptal., personal de comisaria en conjunto con personal de comisaria de la Mujer proceden a diligencia de allanamiento en un domicilio de calle San Luis S\/N de Gdor Castro y  procediendo a la detenci\u00f3n de dos masculinos y una femenina, todos mayores de edad, con el pedido de detenci\u00f3n.<\/p>\n\n\n\n<p>Los detenidos se encontraban a cargo de las menores quienes fueron denunciados por otro familiar luego de escuchar el aberrante relato de las victimas.<\/p>\n\n\n\n<p>Luego de la denuncia penal el abuso fue comprobado con acceso carnal luego de los ex\u00e1menes practicados en el hospital interviniendo la fiscal\u00eda local N\u20225 del Dr Manso.<\/p>\n\n\n\n<p>Tambi\u00e9n se activo el sistema de protecci\u00f3n a las v\u00edctimas y la asistencia por parte de la secretar\u00eda de la ni\u00f1ez .<\/p>\n","protected":false},"excerpt":{"rendered":"<p>Sucedi\u00f3 en la localidad vecina de Gobernador Castro, tras una denuncia con dos v\u00edctimas menores de abuso sexual con acceso carnal agravado por convivencia. En el marco de una causa iniciada en la Comisaria de la Mujer y Flia de San Pedro con fecha reciente del d\u00eda 11 de octubre del corriente a\u00f1o d\u00f3nde dos [&hellip;]<\/p>\n","protected":false},"author":4,"featured_media":60471,"comment_status":"open","ping_status":"closed","sticky":false,"template":"","format":"standard","meta":{"om_disable_all_campaigns":false,"_jetpack_memberships_contains_paid_content":false,"footnotes":""},"categories":[50,2,103],"tags":[],"class_list":["post-61937","post","type-post","status-publish","format-standard","has-post-thumbnail","hentry","category-destacadas","category-locales","category-policiales-locales"],"aioseo_notices":[],"gutentor_comment":0,"jetpack_featured_media_url":"https:\/\/eldiariodesanpedro.com.ar\/sitio\/wp-content\/uploads\/2019\/09\/SUJETOS-DETENIDOS.jpg","jetpack_shortlink":"https:\/\/wp.me\/p6RhLt-g6Z","jetpack_sharing_enabled":true,"_links":{"self":[{"href":"https:\/\/eldiariodesanpedro.com.ar\/sitio\/wp-json\/wp\/v2\/posts\/61937","targetHints":{"allow":["GET"]}}],"collection":[{"href":"https:\/\/eldiariodesanpedro.com.ar\/sitio\/wp-json\/wp\/v2\/posts"}],"about":[{"href":"https:\/\/eldiariodesanpedro.com.ar\/sitio\/wp-json\/wp\/v2\/types\/post"}],"author":[{"embeddable":true,"href":"https:\/\/eldiariodesanpedro.com.ar\/sitio\/wp-json\/wp\/v2\/users\/4"}],"replies":[{"embeddable":true,"href":"https:\/\/eldiariodesanpedro.com.ar\/sitio\/wp-json\/wp\/v2\/comments?post=61937"}],"version-history":[{"count":1,"href":"https:\/\/eldiariodesanpedro.com.ar\/sitio\/wp-json\/wp\/v2\/posts\/61937\/revisions"}],"predecessor-version":[{"id":61938,"href":"https:\/\/eldiariodesanpedro.com.ar\/sitio\/wp-json\/wp\/v2\/posts\/61937\/revisions\/61938"}],"wp:featuredmedia":[{"embeddable":true,"href":"https:\/\/eldiariodesanpedro.com.ar\/sitio\/wp-json\/wp\/v2\/media\/60471"}],"wp:attachment":[{"href":"https:\/\/eldiariodesanpedro.com.ar\/sitio\/wp-json\/wp\/v2\/media?parent=61937"}],"wp:term":[{"taxonomy":"category","embeddable":true,"href":"https:\/\/eldiariodesanpedro.com.ar\/sitio\/wp-json\/wp\/v2\/categories?post=61937"},{"taxonomy":"post_tag","embeddable":true,"href":"https:\/\/eldiariodesanpedro.com.ar\/sitio\/wp-json\/wp\/v2\/tags?post=61937"}],"curies":[{"name":"wp","href":"https:\/\/api.w.org\/{rel}","templated":true}]}}