{"id":61935,"date":"2019-10-13T17:09:55","date_gmt":"2019-10-13T20:09:55","guid":{"rendered":"https:\/\/eldiariodesanpedro.com.ar\/sitio\/?p=61935"},"modified":"2019-10-13T17:09:59","modified_gmt":"2019-10-13T20:09:59","slug":"delincuentes-dejan-inconsciente-a-una-mujer-tras-golpearla-y-robarle-en-su-casa","status":"publish","type":"post","link":"https:\/\/eldiariodesanpedro.com.ar\/sitio\/delincuentes-dejan-inconsciente-a-una-mujer-tras-golpearla-y-robarle-en-su-casa\/","title":{"rendered":"Delincuentes dejan inconsciente a una mujer tras golpearla y robarle en su casa"},"content":{"rendered":"<!-- VideographyWP Plugin Message: Automatic video embedding prevented by plugin options. -->\n\n<p>El violento hecho ocurri\u00f3 en una vivienda de calle Sargento Selada al 200, all\u00ed una femenina de  56 a\u00f1os de edad, fue sorprendida por delincuentes quienes la golpearon dej\u00e1ndola inconsciente en el piso  y se fugaron con varios elementos sustraidos.<\/p>\n\n\n\n<p>Fue de madrugada, los malvivientes violentaron una puerta de la casa.<\/p>\n\n\n\n<p>Seg\u00fan el relato oficial  en el domicilio se encontraba una pareja, la cual el hombre de 66, descansaba y  la mujer  como se hab\u00eda desvelado se encontraba jugando a la computadora, cuando por sorpresa sujetos ignorados le pegan una patada a la puerta y cuando la v\u00edctima  los ve la golpean en la cabeza y la desmayan cayendo de la silla  al suelo.<\/p>\n\n\n\n<p>Dejando inconsciente a la mujer los agresores r\u00e1pidamente se dan a la fuga fuga con la computadora, dos bicicletas, un bolso con documentaci\u00f3n y dinero en efectivo. <\/p>\n\n\n\n<p>Cuando el mirador despierta los sujetos ya no estaban.<\/p>\n\n\n\n<p>La v\u00edctima fue trasladada por la ambulancia del SAME y  asistida en el nosocomio local, ingresando a la guardia de emergencias inconsciente todavia., Adem\u00e1s los m\u00e9dicos confirmaron que tiene un fuerte golpe en la cadera producto del golpe al caer.<\/p>\n\n\n\n<p>La familia intenta recuperar  toda la documentaci\u00f3n con carnet de discapacidad que ten\u00eda el bolso.<\/p>\n\n\n\n<p>Una joven , resultando de la familia , esta ma\u00f1ana posteo su descargo en la red social Facebook expresando su dolor y bronca por el hecho delictivo:  \u00abNo se puede vivir tranquilo, no podes dormir tranquilo, no sos due\u00f1o de disfrutar un sabado como la gente, son todos unos hijos de puta\u2026 Le robaron a mi abuelo y a su mujer y los golpearon\u2026 Le robaron una compu, dos bici, plata, el bolso, documentaci\u00f3n!!!!! Una bici rosa y una gris\u2026 una compu gris tmb\u2026 NADIE HACE NADA\u2026 SIGUEN SUELTOS, SIGUEN LASTIMANDO GENTE, SIGUEN MALTRATANDO A ANSIANOS\u00bb.<\/p>\n","protected":false},"excerpt":{"rendered":"<p>El violento hecho ocurri\u00f3 en una vivienda de calle Sargento Selada al 200, all\u00ed una femenina de 56 a\u00f1os de edad, fue sorprendida por delincuentes quienes la golpearon dej\u00e1ndola inconsciente en el piso y se fugaron con varios elementos sustraidos. Fue de madrugada, los malvivientes violentaron una puerta de la casa. Seg\u00fan el relato oficial [&hellip;]<\/p>\n","protected":false},"author":4,"featured_media":61916,"comment_status":"open","ping_status":"closed","sticky":false,"template":"","format":"standard","meta":{"om_disable_all_campaigns":false,"_jetpack_memberships_contains_paid_content":false,"footnotes":""},"categories":[50,2,103],"tags":[],"class_list":["post-61935","post","type-post","status-publish","format-standard","has-post-thumbnail","hentry","category-destacadas","category-locales","category-policiales-locales"],"aioseo_notices":[],"gutentor_comment":0,"jetpack_featured_media_url":"https:\/\/eldiariodesanpedro.com.ar\/sitio\/wp-content\/uploads\/2019\/10\/0-5.jpg","jetpack_shortlink":"https:\/\/wp.me\/p6RhLt-g6X","jetpack_sharing_enabled":true,"_links":{"self":[{"href":"https:\/\/eldiariodesanpedro.com.ar\/sitio\/wp-json\/wp\/v2\/posts\/61935","targetHints":{"allow":["GET"]}}],"collection":[{"href":"https:\/\/eldiariodesanpedro.com.ar\/sitio\/wp-json\/wp\/v2\/posts"}],"about":[{"href":"https:\/\/eldiariodesanpedro.com.ar\/sitio\/wp-json\/wp\/v2\/types\/post"}],"author":[{"embeddable":true,"href":"https:\/\/eldiariodesanpedro.com.ar\/sitio\/wp-json\/wp\/v2\/users\/4"}],"replies":[{"embeddable":true,"href":"https:\/\/eldiariodesanpedro.com.ar\/sitio\/wp-json\/wp\/v2\/comments?post=61935"}],"version-history":[{"count":1,"href":"https:\/\/eldiariodesanpedro.com.ar\/sitio\/wp-json\/wp\/v2\/posts\/61935\/revisions"}],"predecessor-version":[{"id":61936,"href":"https:\/\/eldiariodesanpedro.com.ar\/sitio\/wp-json\/wp\/v2\/posts\/61935\/revisions\/61936"}],"wp:featuredmedia":[{"embeddable":true,"href":"https:\/\/eldiariodesanpedro.com.ar\/sitio\/wp-json\/wp\/v2\/media\/61916"}],"wp:attachment":[{"href":"https:\/\/eldiariodesanpedro.com.ar\/sitio\/wp-json\/wp\/v2\/media?parent=61935"}],"wp:term":[{"taxonomy":"category","embeddable":true,"href":"https:\/\/eldiariodesanpedro.com.ar\/sitio\/wp-json\/wp\/v2\/categories?post=61935"},{"taxonomy":"post_tag","embeddable":true,"href":"https:\/\/eldiariodesanpedro.com.ar\/sitio\/wp-json\/wp\/v2\/tags?post=61935"}],"curies":[{"name":"wp","href":"https:\/\/api.w.org\/{rel}","templated":true}]}}