{"id":61931,"date":"2019-10-13T16:29:35","date_gmt":"2019-10-13T19:29:35","guid":{"rendered":"https:\/\/eldiariodesanpedro.com.ar\/sitio\/?p=61931"},"modified":"2019-10-13T16:29:39","modified_gmt":"2019-10-13T19:29:39","slug":"se-realiza-la-primera-jornada-de-la-fiesta-de-las-colectividades","status":"publish","type":"post","link":"https:\/\/eldiariodesanpedro.com.ar\/sitio\/se-realiza-la-primera-jornada-de-la-fiesta-de-las-colectividades\/","title":{"rendered":"Se realiza la primera jornada de la Fiesta de las Colectividades"},"content":{"rendered":"<!-- VideographyWP Plugin Message: Automatic video embedding prevented by plugin options. -->\n\n<p>San Pedro\u00a0una vez m\u00e1s y con el agradado del tiempo vuelve a tener una de las fiestas m\u00e1s lindas en la ciudad.<\/p>\n\n\n\n<p> La\u00a0Fiesta y Encuentro de las Colectividades se est\u00e1 realizando sobre calle Mitre, frente al Palacio Municipal,\u00a0con un recorrido por la  plaza donde tambi\u00e9n participan con stand artesanos.<\/p>\n\n\n\n<p>Este despliegue multicolor reune pa\u00edses como Venezuela, Jap\u00f3n, Argentina, Alemania,  naciones provenientes de Europa, Am\u00e9rica y Asia donde las presentes nos deleitar\u00e1n con su cultura.<\/p>\n\n\n\n<p>Esta vez disfrutaremos este domingo y lunes 14 , adem\u00e1s del patio de comidas se espera un gran show de cierre con la banda de m\u00fasica La Delio Valdez.<\/p>\n\n\n\n<p> Habr\u00e1 varias opciones para pasar un buen momento en familia y conocer todo lo que se produce en el evento.<\/p>\n","protected":false},"excerpt":{"rendered":"<p>San Pedro\u00a0una vez m\u00e1s y con el agradado del tiempo vuelve a tener una de las fiestas m\u00e1s lindas en la ciudad. La\u00a0Fiesta y Encuentro de las Colectividades se est\u00e1 realizando sobre calle Mitre, frente al Palacio Municipal,\u00a0con un recorrido por la plaza donde tambi\u00e9n participan con stand artesanos. Este despliegue multicolor reune pa\u00edses como [&hellip;]<\/p>\n","protected":false},"author":4,"featured_media":61933,"comment_status":"open","ping_status":"closed","sticky":false,"template":"","format":"standard","meta":{"om_disable_all_campaigns":false,"_jetpack_memberships_contains_paid_content":false,"footnotes":""},"categories":[50,101,2],"tags":[],"class_list":["post-61931","post","type-post","status-publish","format-standard","has-post-thumbnail","hentry","category-destacadas","category-interes-general-locales","category-locales"],"aioseo_notices":[],"gutentor_comment":0,"jetpack_featured_media_url":"https:\/\/eldiariodesanpedro.com.ar\/sitio\/wp-content\/uploads\/2019\/10\/FB_IMG_1570994089678.jpg","jetpack_shortlink":"https:\/\/wp.me\/p6RhLt-g6T","jetpack_sharing_enabled":true,"_links":{"self":[{"href":"https:\/\/eldiariodesanpedro.com.ar\/sitio\/wp-json\/wp\/v2\/posts\/61931","targetHints":{"allow":["GET"]}}],"collection":[{"href":"https:\/\/eldiariodesanpedro.com.ar\/sitio\/wp-json\/wp\/v2\/posts"}],"about":[{"href":"https:\/\/eldiariodesanpedro.com.ar\/sitio\/wp-json\/wp\/v2\/types\/post"}],"author":[{"embeddable":true,"href":"https:\/\/eldiariodesanpedro.com.ar\/sitio\/wp-json\/wp\/v2\/users\/4"}],"replies":[{"embeddable":true,"href":"https:\/\/eldiariodesanpedro.com.ar\/sitio\/wp-json\/wp\/v2\/comments?post=61931"}],"version-history":[{"count":1,"href":"https:\/\/eldiariodesanpedro.com.ar\/sitio\/wp-json\/wp\/v2\/posts\/61931\/revisions"}],"predecessor-version":[{"id":61934,"href":"https:\/\/eldiariodesanpedro.com.ar\/sitio\/wp-json\/wp\/v2\/posts\/61931\/revisions\/61934"}],"wp:featuredmedia":[{"embeddable":true,"href":"https:\/\/eldiariodesanpedro.com.ar\/sitio\/wp-json\/wp\/v2\/media\/61933"}],"wp:attachment":[{"href":"https:\/\/eldiariodesanpedro.com.ar\/sitio\/wp-json\/wp\/v2\/media?parent=61931"}],"wp:term":[{"taxonomy":"category","embeddable":true,"href":"https:\/\/eldiariodesanpedro.com.ar\/sitio\/wp-json\/wp\/v2\/categories?post=61931"},{"taxonomy":"post_tag","embeddable":true,"href":"https:\/\/eldiariodesanpedro.com.ar\/sitio\/wp-json\/wp\/v2\/tags?post=61931"}],"curies":[{"name":"wp","href":"https:\/\/api.w.org\/{rel}","templated":true}]}}