{"id":61928,"date":"2019-10-12T11:55:05","date_gmt":"2019-10-12T14:55:05","guid":{"rendered":"https:\/\/eldiariodesanpedro.com.ar\/sitio\/?p=61928"},"modified":"2019-10-12T11:55:09","modified_gmt":"2019-10-12T14:55:09","slug":"proponen-la-creacion-de-hospital-publico-veterinario-en-campana","status":"publish","type":"post","link":"https:\/\/eldiariodesanpedro.com.ar\/sitio\/proponen-la-creacion-de-hospital-publico-veterinario-en-campana\/","title":{"rendered":"Proponen la creaci\u00f3n de Hospital P\u00fablico Veterinario en Campana"},"content":{"rendered":"<!-- VideographyWP Plugin Message: Automatic video embedding prevented by plugin options. -->\n\n<p> En candidato a Intendente del Frente de Todos y actual concejal, Ruben Romano, dio a conocer el proyecto de ordenanza para crear un Hospital Veterinario P\u00fablico m\u00f3vil a fin de brindar atenci\u00f3n veterinaria primaria y de alta complejidad de manera gratuita.<\/p>\n\n\n\n<p>\u00abLa Declaraci\u00f3n Universal de los Derechos de los Animales reconoce su derecho a la atenci\u00f3n y a los cuidados. En este esp\u00edritu, entendemos que los animales merecen recibir una atenci\u00f3n plena que les garantice una vida sana y feliz junto a las familias de la que son parte\u00bb&nbsp;explic\u00f3.<\/p>\n\n\n\n<p>El proyecto prev\u00e9 que los Hospitales Veterinarios cuenten con \u00e1reas de cirug\u00eda, laboratorio y rayos, al tiempo que promueve la tenencia responsable, el fomento de la adopci\u00f3n y la esterilizaci\u00f3n.<\/p>\n\n\n\n<p>En ese marco, Romano adelant\u00f3 que se promover\u00e1 la firma de convenios con organizaciones sin fines de lucro, asociaciones y fundaciones vinculadas a la tem\u00e1tica.<\/p>\n\n\n\n<p>Por \u00faltimo, el reconocido cirujano se\u00f1al\u00f3 la necesidad de impulsar pol\u00edticas de salud p\u00fablica en materia animal, tanto para la consulta en la urgencia como para evitar la propagaci\u00f3n de enfermedades zoon\u00f3ticas, de trasmisi\u00f3n natural entre personas y animales.<\/p>\n\n\n\n<p>FUENTE: Enlace Critico<\/p>\n\n\n\n<p><br><\/p>\n\n\n\n<p><br><\/p>\n","protected":false},"excerpt":{"rendered":"<p>En candidato a Intendente del Frente de Todos y actual concejal, Ruben Romano, dio a conocer el proyecto de ordenanza para crear un Hospital Veterinario P\u00fablico m\u00f3vil a fin de brindar atenci\u00f3n veterinaria primaria y de alta complejidad de manera gratuita. \u00abLa Declaraci\u00f3n Universal de los Derechos de los Animales reconoce su derecho a la [&hellip;]<\/p>\n","protected":false},"author":4,"featured_media":61929,"comment_status":"open","ping_status":"closed","sticky":false,"template":"","format":"standard","meta":{"om_disable_all_campaigns":false,"_jetpack_memberships_contains_paid_content":false,"footnotes":""},"categories":[621],"tags":[],"class_list":["post-61928","post","type-post","status-publish","format-standard","has-post-thumbnail","hentry","category-regionales"],"aioseo_notices":[],"gutentor_comment":0,"jetpack_featured_media_url":"https:\/\/eldiariodesanpedro.com.ar\/sitio\/wp-content\/uploads\/2019\/10\/romano_mascotas_658x400.jpg","jetpack_shortlink":"https:\/\/wp.me\/p6RhLt-g6Q","jetpack_sharing_enabled":true,"_links":{"self":[{"href":"https:\/\/eldiariodesanpedro.com.ar\/sitio\/wp-json\/wp\/v2\/posts\/61928","targetHints":{"allow":["GET"]}}],"collection":[{"href":"https:\/\/eldiariodesanpedro.com.ar\/sitio\/wp-json\/wp\/v2\/posts"}],"about":[{"href":"https:\/\/eldiariodesanpedro.com.ar\/sitio\/wp-json\/wp\/v2\/types\/post"}],"author":[{"embeddable":true,"href":"https:\/\/eldiariodesanpedro.com.ar\/sitio\/wp-json\/wp\/v2\/users\/4"}],"replies":[{"embeddable":true,"href":"https:\/\/eldiariodesanpedro.com.ar\/sitio\/wp-json\/wp\/v2\/comments?post=61928"}],"version-history":[{"count":1,"href":"https:\/\/eldiariodesanpedro.com.ar\/sitio\/wp-json\/wp\/v2\/posts\/61928\/revisions"}],"predecessor-version":[{"id":61930,"href":"https:\/\/eldiariodesanpedro.com.ar\/sitio\/wp-json\/wp\/v2\/posts\/61928\/revisions\/61930"}],"wp:featuredmedia":[{"embeddable":true,"href":"https:\/\/eldiariodesanpedro.com.ar\/sitio\/wp-json\/wp\/v2\/media\/61929"}],"wp:attachment":[{"href":"https:\/\/eldiariodesanpedro.com.ar\/sitio\/wp-json\/wp\/v2\/media?parent=61928"}],"wp:term":[{"taxonomy":"category","embeddable":true,"href":"https:\/\/eldiariodesanpedro.com.ar\/sitio\/wp-json\/wp\/v2\/categories?post=61928"},{"taxonomy":"post_tag","embeddable":true,"href":"https:\/\/eldiariodesanpedro.com.ar\/sitio\/wp-json\/wp\/v2\/tags?post=61928"}],"curies":[{"name":"wp","href":"https:\/\/api.w.org\/{rel}","templated":true}]}}