{"id":61926,"date":"2019-10-12T11:46:34","date_gmt":"2019-10-12T14:46:34","guid":{"rendered":"https:\/\/eldiariodesanpedro.com.ar\/sitio\/?p=61926"},"modified":"2019-10-12T11:46:39","modified_gmt":"2019-10-12T14:46:39","slug":"aprehendido-por-resistencia-a-la-autoridad-2","status":"publish","type":"post","link":"https:\/\/eldiariodesanpedro.com.ar\/sitio\/aprehendido-por-resistencia-a-la-autoridad-2\/","title":{"rendered":"Aprehendido por resistencia a la autoridad."},"content":{"rendered":"<!-- VideographyWP Plugin Message: Automatic video embedding prevented by plugin options. -->\n\n<p>Este viernes, personal del Destacamento Gobernador Castro\u00a0 procedi\u00f3 a la aprehensi\u00f3n de un hombre mayor de edad quien se encontraba en estado de ebriedad y alterando el orden publico.<\/p>\n\n\n\n<p>El episodio ocurri\u00f3 en inmediaciones de calle Mitre de la localidad vecina, cuando los efectivos son alertados  mediante llamado de 911 en emergencia de confrontaci\u00f3n\u00a0\u00a0entre masculinos.<\/p>\n\n\n\n<p>Al arribo se procede a la aprehensi\u00f3n de un ciudadano mayor de edad,\u00a0\u00a0el cual se hallaba\u00a0\u00a0en estado de ebriedad ocasionado disturbios.<\/p>\n\n\n\n<p>Ante las directivas de los uniformados se torna agresivo amagando con botella de vidrio, intentando agredir y resisti\u00e9ndose a ser trasladado a la dependencia local. <\/p>\n\n\n\n<p>Intervenci\u00f3n U.F.I N\u00ba05<br><\/p>\n","protected":false},"excerpt":{"rendered":"<p>Este viernes, personal del Destacamento Gobernador Castro\u00a0 procedi\u00f3 a la aprehensi\u00f3n de un hombre mayor de edad quien se encontraba en estado de ebriedad y alterando el orden publico. El episodio ocurri\u00f3 en inmediaciones de calle Mitre de la localidad vecina, cuando los efectivos son alertados mediante llamado de 911 en emergencia de confrontaci\u00f3n\u00a0\u00a0entre masculinos. [&hellip;]<\/p>\n","protected":false},"author":4,"featured_media":56462,"comment_status":"open","ping_status":"closed","sticky":false,"template":"","format":"standard","meta":{"om_disable_all_campaigns":false,"_jetpack_memberships_contains_paid_content":false,"footnotes":""},"categories":[2,103],"tags":[],"class_list":["post-61926","post","type-post","status-publish","format-standard","has-post-thumbnail","hentry","category-locales","category-policiales-locales"],"aioseo_notices":[],"gutentor_comment":0,"jetpack_featured_media_url":"https:\/\/eldiariodesanpedro.com.ar\/sitio\/wp-content\/uploads\/2019\/07\/nuevos-patrulleros-policia-02_5.jpg","jetpack_shortlink":"https:\/\/wp.me\/p6RhLt-g6O","jetpack_sharing_enabled":true,"_links":{"self":[{"href":"https:\/\/eldiariodesanpedro.com.ar\/sitio\/wp-json\/wp\/v2\/posts\/61926","targetHints":{"allow":["GET"]}}],"collection":[{"href":"https:\/\/eldiariodesanpedro.com.ar\/sitio\/wp-json\/wp\/v2\/posts"}],"about":[{"href":"https:\/\/eldiariodesanpedro.com.ar\/sitio\/wp-json\/wp\/v2\/types\/post"}],"author":[{"embeddable":true,"href":"https:\/\/eldiariodesanpedro.com.ar\/sitio\/wp-json\/wp\/v2\/users\/4"}],"replies":[{"embeddable":true,"href":"https:\/\/eldiariodesanpedro.com.ar\/sitio\/wp-json\/wp\/v2\/comments?post=61926"}],"version-history":[{"count":1,"href":"https:\/\/eldiariodesanpedro.com.ar\/sitio\/wp-json\/wp\/v2\/posts\/61926\/revisions"}],"predecessor-version":[{"id":61927,"href":"https:\/\/eldiariodesanpedro.com.ar\/sitio\/wp-json\/wp\/v2\/posts\/61926\/revisions\/61927"}],"wp:featuredmedia":[{"embeddable":true,"href":"https:\/\/eldiariodesanpedro.com.ar\/sitio\/wp-json\/wp\/v2\/media\/56462"}],"wp:attachment":[{"href":"https:\/\/eldiariodesanpedro.com.ar\/sitio\/wp-json\/wp\/v2\/media?parent=61926"}],"wp:term":[{"taxonomy":"category","embeddable":true,"href":"https:\/\/eldiariodesanpedro.com.ar\/sitio\/wp-json\/wp\/v2\/categories?post=61926"},{"taxonomy":"post_tag","embeddable":true,"href":"https:\/\/eldiariodesanpedro.com.ar\/sitio\/wp-json\/wp\/v2\/tags?post=61926"}],"curies":[{"name":"wp","href":"https:\/\/api.w.org\/{rel}","templated":true}]}}