{"id":61921,"date":"2019-10-12T11:15:29","date_gmt":"2019-10-12T14:15:29","guid":{"rendered":"https:\/\/eldiariodesanpedro.com.ar\/sitio\/?p=61921"},"modified":"2019-10-12T11:15:33","modified_gmt":"2019-10-12T14:15:33","slug":"aprehendidos-por-tenencia-de-marihuana-y-cocaina","status":"publish","type":"post","link":"https:\/\/eldiariodesanpedro.com.ar\/sitio\/aprehendidos-por-tenencia-de-marihuana-y-cocaina\/","title":{"rendered":"Aprehendidos por tenencia de marihuana y coca\u00edna"},"content":{"rendered":"<!-- VideographyWP Plugin Message: Automatic video embedding prevented by plugin options. -->\n\n<p>Continuando con operativos de saturacion habituales en nuestra ciudad se procedi\u00f3 a la aprehensi\u00f3n de tres personas con baguyos de marihuana en su poder y tenencia de coca\u00edna.<\/p>\n\n\n\n<p>Los hechos se produjeron este viernes, primeramente personal policial procedi\u00f3 en calle Las Provincias al 1100 a la aprehensi\u00f3n de un masculino mayor de edad, quien luego de registrarse en el sistema inform\u00e1tico tenia en su poder un envoltorio con 1 g de coca\u00edna.<\/p>\n\n\n\n<p>Tambi\u00e9n en Combate de Obligado al 900, se le secuestro a otro masculino envoltorio  con contenido de marihuana.<\/p>\n\n\n\n<p>Por ultimo en calle Manuel Iglesias al 1500, se aprehende a un menor de edad con envoltorio de marihuana en su poder.<\/p>\n\n\n\n<p>Los hechos por infracci\u00f3n a la Ley 23737, intervino la Fiscalia N\u00ba5, con respecto al menor la Fiscalia N\u00ba2 del Joven.<\/p>\n","protected":false},"excerpt":{"rendered":"<p>Continuando con operativos de saturacion habituales en nuestra ciudad se procedi\u00f3 a la aprehensi\u00f3n de tres personas con baguyos de marihuana en su poder y tenencia de coca\u00edna. Los hechos se produjeron este viernes, primeramente personal policial procedi\u00f3 en calle Las Provincias al 1100 a la aprehensi\u00f3n de un masculino mayor de edad, quien luego [&hellip;]<\/p>\n","protected":false},"author":4,"featured_media":53199,"comment_status":"open","ping_status":"closed","sticky":false,"template":"","format":"standard","meta":{"om_disable_all_campaigns":false,"_jetpack_memberships_contains_paid_content":false,"footnotes":""},"categories":[2,103],"tags":[],"class_list":["post-61921","post","type-post","status-publish","format-standard","has-post-thumbnail","hentry","category-locales","category-policiales-locales"],"aioseo_notices":[],"gutentor_comment":0,"jetpack_featured_media_url":"https:\/\/eldiariodesanpedro.com.ar\/sitio\/wp-content\/uploads\/2019\/05\/aprehendido-1.jpg","jetpack_shortlink":"https:\/\/wp.me\/p6RhLt-g6J","jetpack_sharing_enabled":true,"_links":{"self":[{"href":"https:\/\/eldiariodesanpedro.com.ar\/sitio\/wp-json\/wp\/v2\/posts\/61921","targetHints":{"allow":["GET"]}}],"collection":[{"href":"https:\/\/eldiariodesanpedro.com.ar\/sitio\/wp-json\/wp\/v2\/posts"}],"about":[{"href":"https:\/\/eldiariodesanpedro.com.ar\/sitio\/wp-json\/wp\/v2\/types\/post"}],"author":[{"embeddable":true,"href":"https:\/\/eldiariodesanpedro.com.ar\/sitio\/wp-json\/wp\/v2\/users\/4"}],"replies":[{"embeddable":true,"href":"https:\/\/eldiariodesanpedro.com.ar\/sitio\/wp-json\/wp\/v2\/comments?post=61921"}],"version-history":[{"count":1,"href":"https:\/\/eldiariodesanpedro.com.ar\/sitio\/wp-json\/wp\/v2\/posts\/61921\/revisions"}],"predecessor-version":[{"id":61922,"href":"https:\/\/eldiariodesanpedro.com.ar\/sitio\/wp-json\/wp\/v2\/posts\/61921\/revisions\/61922"}],"wp:featuredmedia":[{"embeddable":true,"href":"https:\/\/eldiariodesanpedro.com.ar\/sitio\/wp-json\/wp\/v2\/media\/53199"}],"wp:attachment":[{"href":"https:\/\/eldiariodesanpedro.com.ar\/sitio\/wp-json\/wp\/v2\/media?parent=61921"}],"wp:term":[{"taxonomy":"category","embeddable":true,"href":"https:\/\/eldiariodesanpedro.com.ar\/sitio\/wp-json\/wp\/v2\/categories?post=61921"},{"taxonomy":"post_tag","embeddable":true,"href":"https:\/\/eldiariodesanpedro.com.ar\/sitio\/wp-json\/wp\/v2\/tags?post=61921"}],"curies":[{"name":"wp","href":"https:\/\/api.w.org\/{rel}","templated":true}]}}