{"id":61915,"date":"2019-10-12T10:42:05","date_gmt":"2019-10-12T13:42:05","guid":{"rendered":"https:\/\/eldiariodesanpedro.com.ar\/sitio\/?p=61915"},"modified":"2019-10-12T10:42:09","modified_gmt":"2019-10-12T13:42:09","slug":"san-nicolas-hallan-el-cuerpo-de-un-bebe-enterrado-en-el-patio-de-una-casa","status":"publish","type":"post","link":"https:\/\/eldiariodesanpedro.com.ar\/sitio\/san-nicolas-hallan-el-cuerpo-de-un-bebe-enterrado-en-el-patio-de-una-casa\/","title":{"rendered":"SAN NICOLAS: Hallan el cuerpo de un bebe enterrado en el patio de una casa"},"content":{"rendered":"<!-- VideographyWP Plugin Message: Automatic video embedding prevented by plugin options. -->\n\n<p>Ayer comenz\u00f3 a circular oficiosamente una informaci\u00f3n que caus\u00f3 conmoci\u00f3n en la ciudad. A trav\u00e9s de una denuncia que recibi\u00f3 la Polic\u00eda, se comenz\u00f3 a investigar la posibilidad de que el cuerpito de un beb\u00e9 haya sido enterrado en una casa. <\/p>\n\n\n\n<p>En sede policial se recogi\u00f3 la confidencia y se la traslad\u00f3 a la Unidad Fiscal de Investigaci\u00f3n N\u00ba 6, en turno, quien solicit\u00f3 de inmediato una orden de allanamiento al juez de Garant\u00edas Rom\u00e1n Parodi, que fue concedida y concretada ayer por la tarde. <\/p>\n\n\n\n<p>AllanamientoEs as\u00ed que el operativo fue ejecutado en una vivienda del barrio Suizo, en la zona norte, por personal de la DDI local junto con la Polic\u00eda Cient\u00edfica y el instructor judicial de la UFI, Dr. Fernando Ocariz, que dio como resultado el hallazgo del cuerpito dentro de un bolso. Todav\u00eda no se sabe si se trata de un feto, un reci\u00e9n nacido o un beb\u00e9.<\/p>\n\n\n\n<p>En el transcurso de la tarde, por lo que pudo averiguarse, se habr\u00eda solicitado un informe m\u00e9dico sobre la situaci\u00f3n de una persona presuntamente involucrada en el caso, sospech\u00e1ndose que es la madre del beb\u00e9, este \u00faltimo aparentemente de sexo femenino. Autopsia<\/p>\n\n\n\n<p>Se presume que hoy despu\u00e9s de las 9 se tendr\u00e1n muchas precisiones respecto de la causal de muerte, de la edad presunta de la criatura, etc., ya que va a realizarse la operaci\u00f3n de autopsia.<\/p>\n\n\n\n<p> Tambi\u00e9n hoy mismo la Fiscal\u00eda indagar\u00eda a la mujer sospechosa y luego se realizar\u00eda la imputaci\u00f3n correspondiente.<\/p>\n\n\n\n<p>No se sabe el tiempo que ese peque\u00f1o cuerpo estaba enterrado all\u00ed, por lo tanto hay muchas situaciones a definir, destacando que todo empez\u00f3 a conocerse a partir de una versi\u00f3n que recibi\u00f3 la Polic\u00eda, que la Fiscal\u00eda de turno atendi\u00f3 y que deriv\u00f3 en el allanamiento positivo.<\/p>\n\n\n\n<p>Puede observarse que es una situaci\u00f3n muy delicada, por lo que se est\u00e1 reuniendo la mayor cantidad de elementos para avanzar en responsabilidades. <\/p>\n\n\n\n<p>FUENTE : Diario El Norte<\/p>\n","protected":false},"excerpt":{"rendered":"<p>Ayer comenz\u00f3 a circular oficiosamente una informaci\u00f3n que caus\u00f3 conmoci\u00f3n en la ciudad. A trav\u00e9s de una denuncia que recibi\u00f3 la Polic\u00eda, se comenz\u00f3 a investigar la posibilidad de que el cuerpito de un beb\u00e9 haya sido enterrado en una casa. En sede policial se recogi\u00f3 la confidencia y se la traslad\u00f3 a la Unidad [&hellip;]<\/p>\n","protected":false},"author":4,"featured_media":61916,"comment_status":"open","ping_status":"closed","sticky":false,"template":"","format":"standard","meta":{"om_disable_all_campaigns":false,"_jetpack_memberships_contains_paid_content":false,"footnotes":""},"categories":[621],"tags":[],"class_list":["post-61915","post","type-post","status-publish","format-standard","has-post-thumbnail","hentry","category-regionales"],"aioseo_notices":[],"gutentor_comment":0,"jetpack_featured_media_url":"https:\/\/eldiariodesanpedro.com.ar\/sitio\/wp-content\/uploads\/2019\/10\/0-5.jpg","jetpack_shortlink":"https:\/\/wp.me\/p6RhLt-g6D","jetpack_sharing_enabled":true,"_links":{"self":[{"href":"https:\/\/eldiariodesanpedro.com.ar\/sitio\/wp-json\/wp\/v2\/posts\/61915","targetHints":{"allow":["GET"]}}],"collection":[{"href":"https:\/\/eldiariodesanpedro.com.ar\/sitio\/wp-json\/wp\/v2\/posts"}],"about":[{"href":"https:\/\/eldiariodesanpedro.com.ar\/sitio\/wp-json\/wp\/v2\/types\/post"}],"author":[{"embeddable":true,"href":"https:\/\/eldiariodesanpedro.com.ar\/sitio\/wp-json\/wp\/v2\/users\/4"}],"replies":[{"embeddable":true,"href":"https:\/\/eldiariodesanpedro.com.ar\/sitio\/wp-json\/wp\/v2\/comments?post=61915"}],"version-history":[{"count":1,"href":"https:\/\/eldiariodesanpedro.com.ar\/sitio\/wp-json\/wp\/v2\/posts\/61915\/revisions"}],"predecessor-version":[{"id":61917,"href":"https:\/\/eldiariodesanpedro.com.ar\/sitio\/wp-json\/wp\/v2\/posts\/61915\/revisions\/61917"}],"wp:featuredmedia":[{"embeddable":true,"href":"https:\/\/eldiariodesanpedro.com.ar\/sitio\/wp-json\/wp\/v2\/media\/61916"}],"wp:attachment":[{"href":"https:\/\/eldiariodesanpedro.com.ar\/sitio\/wp-json\/wp\/v2\/media?parent=61915"}],"wp:term":[{"taxonomy":"category","embeddable":true,"href":"https:\/\/eldiariodesanpedro.com.ar\/sitio\/wp-json\/wp\/v2\/categories?post=61915"},{"taxonomy":"post_tag","embeddable":true,"href":"https:\/\/eldiariodesanpedro.com.ar\/sitio\/wp-json\/wp\/v2\/tags?post=61915"}],"curies":[{"name":"wp","href":"https:\/\/api.w.org\/{rel}","templated":true}]}}